{"id":35976,"date":"2026-07-10T09:21:00","date_gmt":"2026-07-10T07:21:00","guid":{"rendered":"https:\/\/euapp01.newsmemory.com\/lamarseillaise\/news\/?p=35976"},"modified":"2026-07-16T08:02:55","modified_gmt":"2026-07-16T06:02:55","slug":"la-region-occitanie-maintient-le-cap-de-la-solidarite","status":"publish","type":"post","link":"https:\/\/euapp01.newsmemory.com\/lamarseillaise\/news\/2026\/07\/10\/la-region-occitanie-maintient-le-cap-de-la-solidarite\/","title":{"rendered":"La R\u00e9gion Occitanie maintient le cap de la solidarit\u00e9"},"content":{"rendered":"<div class=\"paragraph\">\n<p>\u00ab <i>A<\/i><i>vec de l\u2019argent, il est plus facile de se projeter dans des projets de long terme.<\/i><i>\u00a0<\/i><i>\u00bb<\/i> Elles ont beau poursuivre un but non lucratif, les associations ont comme tous les m\u00e9nages et les entreprises, besoin de soutien financier pour exister et d\u00e9ployer leurs activit\u00e9s souvent d\u2019int\u00e9r\u00eat public. R\u00e9unies \u00e0 Montpellier par la R\u00e9gion Occitanie mercredi 1<sup>er<\/sup>\u00a0juillet, jour du 125<sup>e<\/sup>\u00a0anniversaire de la loi de 1901 qui a cr\u00e9\u00e9 leur statut, elles n\u2019ont pas manqu\u00e9 de dire leurs difficult\u00e9s grandies par l\u2019inflation \u00e9nerg\u00e9tique et l\u2019aust\u00e9rit\u00e9 des politiques publiques souvent guid\u00e9es par les logiques de rentabilit\u00e9.<\/p>\n<p>Un contexte difficile largement d\u00fb au d\u00e9sengagement de l\u2019\u00c9tat qui en plus d\u2019\u00eatre aux abonn\u00e9s absents sur certaines de ses missions r\u00e9galiennes (droit au logement, respect de la loi sur le handicap de 2006, lutte contre les violences de genre&#8230;), tourne de plus en plus le dos aux acteurs cens\u00e9s pallier ses propres manquements. Le plus souvent quand elles sont dirig\u00e9es par la gauche, les collectivit\u00e9s tentent de maintenir la barque associative \u00e0 flot. C\u2019est le cas de la R\u00e9gion Occitanie qui, bien que contrainte de baisser certaines subventions de 5 \u00e0 10%, a fait le choix de la stabilit\u00e9 pour les structures les plus fragiles (celles percevant moins de 5\u00a0000\u00a0euros d\u2019aides).<\/p>\n<p>Avec la pr\u00e9sidente Carole Delga (PS), <i>\u00ab<\/i><i>\u00a0<\/i><i>on fait le choix de maintenir notre volontarisme politique dans un contexte aggrav\u00e9<\/i><i>\u00a0<\/i><i>\u00bb<\/i>, affirme Pierre Lacaze (PCF). Le vice-pr\u00e9sident d\u00e9l\u00e9gu\u00e9 aux solidarit\u00e9s, \u00e9galit\u00e9s, services publics, vie associative et logement social, est inquiet par deux ph\u00e9nom\u00e8nes actuels qui mettent \u00e0 mal la vie associative. D\u2019un c\u00f4t\u00e9 la mont\u00e9e des violences sexuelles et sexistes ainsi que des actes racistes et antis\u00e9mites. De l\u2019autre, la mont\u00e9e des id\u00e9es discriminantes d\u2019extr\u00eame droite dans la soci\u00e9t\u00e9. <i>\u00ab<\/i><i>\u00a0<\/i><i>Si la causalit\u00e9 n\u2019est pas \u00e9tablie, on pense qu\u2019il y a un lien. Par ses discours et ses m\u00e9thodes, l\u2019extr\u00eame droite peut contribuer \u00e0 la hausse de ces violences<\/i><i>\u00a0<\/i><i>\u00bb<\/i>, assure Pierre Lacaze. Et l\u2019\u00e9lu communiste de noter que <i>\u00ab<\/i><i>\u00a0<\/i><i>le r\u00e9cent rapport du S\u00e9nat sur les masculinistes fait le lien avec l\u2019ultra droite<\/i><i>\u00a0<\/i><i>\u00bb<\/i>.<\/p>\n<\/p><\/div>\n<div class=\"intext\"> S\u00e9curitaire\u00a0: le paradoxe d\u2019Alexis de Tocqueville\n              <\/div>\n<div class=\"paragraph\">\n<p>Ce qui est s\u00fbr c\u2019est que les obsessions s\u00e9curitaires et immigrationnistes de Retailleau, Ciotti, Zemmour et consorts sont \u00e0 l\u2019oppos\u00e9 du travail de terrain men\u00e9 par les associations en faveur de la tol\u00e9rance et du respect d\u2019autrui. D\u2019autant que ces th\u00e8ses fumeuses sont souvent tr\u00e8s \u00e9loign\u00e9es de la r\u00e9alit\u00e9. Si les violences des mineurs (en raison du trafic de drogue) sont en hausse ou que les violences sexistes et sexuelles ne diminuent pas depuis \u00e0 peine 25\u00a0ans qu\u2019elles sont mesur\u00e9es, d\u2019autres baissent drastiquement. <i>\u00ab<\/i><i>\u00a0<\/i><i>En France depuis le XIX<\/i><i><sup>e<\/sup><\/i><i>\u00a0<\/i><i>si\u00e8cle, on observe une chute continue du nombre d\u2019homicides, trois fois moins nombreux que dans les ann\u00e9es 80<\/i><i>\u00a0<\/i><i>\u00bb<\/i>, recadre Tristan Renard. Quant aux violences politiques (abris bus bris\u00e9s&#8230;) mont\u00e9es en \u00e9pingle sur CNews, elles sont <i>\u00ab<\/i><i>\u00a0<\/i><i>tr\u00e8s loin des niveaux des ann\u00e9es 70<\/i><i>\u00a0<\/i><i>\u00bb<\/i>, pr\u00e9cise le sociologue qui \u00e9voque une r\u00e9sultante du paradoxe d\u2019Alexis de Tocqueville.<i> \u00ab<\/i><i>\u00a0<\/i><i>Plus une violence diminue, plus la pr\u00e9occupation s\u00e9curitaire augmente<\/i><i>\u00a0<\/i><i>\u00bb<\/i>. Pour ce chercheur au Criaus et au Cresam, <i>\u00ab<\/i><i>\u00a0<\/i><i>les politiques publiques doivent \u00eatre men\u00e9es \u00e0 l\u2019\u00e9chelle d\u2019une g\u00e9n\u00e9ration (20 ans), pas \u00e0 une \u00e9chelle \u00e9lectorale<\/i><i>\u00a0<\/i><i>\u00bb<\/i>.<\/p>\n<p>Aussi, les laur\u00e9ats et associations aid\u00e9es (SPF, Planning familial, SOS Racisme, Mrap, Unat&#8230;) \u00e9taient-ils ravis d\u2019avoir une oreille attentive de la R\u00e9gion le 1<sup>er<\/sup>\u00a0juillet. Baptis\u00e9 \u00ab\u00a0Pour une Occitanie inclusive et solidaire\u00a0\u00bb, le principal appel \u00e0 projets soutient 139 projets \u00e0 hauteur de 710 000 euros. Le dispositif \u00ab\u00a0G\u00e9n\u00e9ration \u00e9galit\u00e9\u00a0\u00bb est d\u00e9di\u00e9 \u00e0 la sensibilisation des jeunes \u00e0 l\u2019\u00e9galit\u00e9 entre les femmes et les hommes, \u00e0 la pr\u00e9vention des violences sexistes et sexuelles et \u00e0 la lutte contre les st\u00e9r\u00e9otypes. Enfin, l\u2019op\u00e9ration \u00ab\u00a0Vacances Solidaires\u00a0\u00bb, qui permet chaque ann\u00e9e \u00e0 des enfants et familles aux revenus modestes d\u2019acc\u00e9der aux vacances et aux loisirs \u00e9ducatifs. En Occitanie, le tissu associatif repr\u00e9sente 160 000 structures, 175 000 emplois et 1,4\u00a0million de b\u00e9n\u00e9voles.<\/p>\n<\/p><\/div>\n","protected":false},"excerpt":{"rendered":"&laquo; Avec de l&rsquo;argent, il est plus facile de se projeter dans des projets de long terme.&nbsp;&raquo; Elles ont beau poursuivre un but non lucratif, les associations ont comme tous les m&eacute;nages et les entreprises, besoin de soutien &#8230;","protected":false},"author":1,"featured_media":35977,"comment_status":"open","ping_status":"open","sticky":false,"template":"","format":"standard","meta":{"footnotes":""},"categories":[3926,3925,20],"tags":[584,138,874,430,879,1900,441,239,240,284,678,873,2413,260,916,272],"news-destination":[3944],"news-source":[475],"is_homepage":[],"ta_other":[],"class_list":["post-35976","post","type-post","status-publish","format-standard","has-post-thumbnail","hentry","category-accueil-merge","category-accueil-third","category-societe","tag-aides-publiques","tag-associations","tag-austerite","tag-budget","tag-carole-delga","tag-etat","tag-extreme-droite","tag-herault","tag-montpellier","tag-occitanie","tag-pierre-lacaze","tag-region-occitanie","tag-sociologue","tag-solidarite","tag-subventions","tag-violences","news-destination-homepage","news-source-website"],"_links":{"self":[{"href":"https:\/\/euapp01.newsmemory.com\/lamarseillaise\/news\/wp-json\/wp\/v2\/posts\/35976","targetHints":{"allow":["GET"]}}],"collection":[{"href":"https:\/\/euapp01.newsmemory.com\/lamarseillaise\/news\/wp-json\/wp\/v2\/posts"}],"about":[{"href":"https:\/\/euapp01.newsmemory.com\/lamarseillaise\/news\/wp-json\/wp\/v2\/types\/post"}],"author":[{"embeddable":true,"href":"https:\/\/euapp01.newsmemory.com\/lamarseillaise\/news\/wp-json\/wp\/v2\/users\/1"}],"replies":[{"embeddable":true,"href":"https:\/\/euapp01.newsmemory.com\/lamarseillaise\/news\/wp-json\/wp\/v2\/comments?post=35976"}],"version-history":[{"count":1,"href":"https:\/\/euapp01.newsmemory.com\/lamarseillaise\/news\/wp-json\/wp\/v2\/posts\/35976\/revisions"}],"predecessor-version":[{"id":35978,"href":"https:\/\/euapp01.newsmemory.com\/lamarseillaise\/news\/wp-json\/wp\/v2\/posts\/35976\/revisions\/35978"}],"wp:featuredmedia":[{"embeddable":true,"href":"https:\/\/euapp01.newsmemory.com\/lamarseillaise\/news\/wp-json\/wp\/v2\/media\/35977"}],"wp:attachment":[{"href":"https:\/\/euapp01.newsmemory.com\/lamarseillaise\/news\/wp-json\/wp\/v2\/media?parent=35976"}],"wp:term":[{"taxonomy":"category","embeddable":true,"href":"https:\/\/euapp01.newsmemory.com\/lamarseillaise\/news\/wp-json\/wp\/v2\/categories?post=35976"},{"taxonomy":"post_tag","embeddable":true,"href":"https:\/\/euapp01.newsmemory.com\/lamarseillaise\/news\/wp-json\/wp\/v2\/tags?post=35976"},{"taxonomy":"news-destination","embeddable":true,"href":"https:\/\/euapp01.newsmemory.com\/lamarseillaise\/news\/wp-json\/wp\/v2\/news-destination?post=35976"},{"taxonomy":"news-source","embeddable":true,"href":"https:\/\/euapp01.newsmemory.com\/lamarseillaise\/news\/wp-json\/wp\/v2\/news-source?post=35976"},{"taxonomy":"is_homepage","embeddable":true,"href":"https:\/\/euapp01.newsmemory.com\/lamarseillaise\/news\/wp-json\/wp\/v2\/is_homepage?post=35976"},{"taxonomy":"ta_other","embeddable":true,"href":"https:\/\/euapp01.newsmemory.com\/lamarseillaise\/news\/wp-json\/wp\/v2\/ta_other?post=35976"}],"curies":[{"name":"wp","href":"https:\/\/api.w.org\/{rel}","templated":true}]}}