{"id":35973,"date":"2026-07-10T09:25:00","date_gmt":"2026-07-10T07:25:00","guid":{"rendered":"https:\/\/euapp01.newsmemory.com\/lamarseillaise\/news\/?p=35973"},"modified":"2026-07-16T08:02:55","modified_gmt":"2026-07-16T06:02:55","slug":"entretien-erwann-favre-les-assos-ne-sont-pas-shootees-a-la-subvention","status":"publish","type":"post","link":"https:\/\/euapp01.newsmemory.com\/lamarseillaise\/news\/2026\/07\/10\/entretien-erwann-favre-les-assos-ne-sont-pas-shootees-a-la-subvention\/","title":{"rendered":"[Entretien] Erwann Favre : \u00ab Les assos ne sont pas shoot\u00e9es \u00e0 la subvention \u00bb"},"content":{"rendered":"<div class=\"paragraph\">\n<p><b>La Marseillaise :<\/b><b> Qu\u2019est-ce que <br \/>le Mouvement associatif ?<\/b><\/p>\n<p>Erwann Favre : C\u2019est la t\u00eate de pont des associations dans leur diversit\u00e9. On va s\u2019occuper de tout ce qui est commun \u00e0 l\u2019ensemble des assos, quel que soit leur secteur : mod\u00e8le \u00e9conomique, b\u00e9n\u00e9volat, engagement, dialogue civil, etc. Il y a deux cordes \u00e0 notre arc. La premi\u00e8re, c\u2019est la repr\u00e9sentation des associations aupr\u00e8s des pouvoirs publics pour tenter de faire en sorte qu\u2019ils comprennent ou anticipent le mieux possible les cons\u00e9quences de leurs d\u00e9cisions. La deuxi\u00e8me mission, c\u2019est de conseiller, informer et accompagner les acteurs associatifs dans la r\u00e9gion. Au niveau de l\u2019Occitanie, \u00e0 peu pr\u00e8s une asso sur deux est repr\u00e9sent\u00e9e par le mouvement asso via nos membres.<\/p>\n<p><b>Quelle est la situation du secteur associatif ?<\/b><\/p>\n<p>E.F. : Depuis une vingtaine d\u2019ann\u00e9es, on a un glissement de la relation entre les assos et les acteurs publics. On \u00e9tait \u00e0 peu pr\u00e8s \u00e0 40% de subventions dans le mod\u00e8le \u00e9conomique des assos et aujourd\u2019hui, on est \u00e0 moins de 20% du financement public. On est tr\u00e8s loin de l\u2019image d\u2019\u00c9pinal d\u2019associations shoot\u00e9es \u00e0 la subvention et soutenues \u00e0 bout de bras. Si on parle en volume au national, les aides publiques aux assos, c\u2019est \u00e0 peu pr\u00e8s 40\u00a0milliards d\u2019euros. Les aides publiques aux entreprises, c\u2019est entre 210 et 250\u00a0milliards d\u2019euros. Bref, on assiste \u00e0 un d\u00e9sengagement de la puissance publique. On est donc all\u00e9 chercher des financements ailleurs\u00a0: aupr\u00e8s des b\u00e9n\u00e9ficiaires, des usagers et des entreprises priv\u00e9es via le m\u00e9c\u00e9nat ou les dons. Le m\u00e9c\u00e9nat est assez stable depuis 20\u00a0ans, on est entre 4 et 5% du mod\u00e8le \u00e9conomique des assos au niveau national.<\/p>\n<p>Malgr\u00e9 \u00e7a, l\u2019engagement b\u00e9n\u00e9vole et l\u2019emploi associatif sont en augmentation. Avec deux exceptions\u00a0: la crise Covid et ce qui se passe depuis un an et demi maintenant. On constate une tr\u00e8s forte d\u00e9gradation des financements associatifs avec des coupes budg\u00e9taires au niveau national mais \u00e9galement des collectivit\u00e9s qui ont r\u00e9percut\u00e9 ces baisses sur le monde associatif. Cette ann\u00e9e, comme tous les budgets ne sont pas encore vot\u00e9s, notamment les BOP, les budgets op\u00e9rationnels de programmation, donc on ne sait toujours pas ce que vont recevoir les assos de certains secteurs d\u2019activit\u00e9. Il y a un pilotage \u00e0 vue. En r\u00e9gion, en 2024, il y avait \u00e0 peu pr\u00e8s 176 000 salari\u00e9s dans le secteur associatif. Les premiers chiffres font \u00e9tat d\u2019une baisse qui devrait se situer entre 1 500 et 3 000 emplois perdus.<\/p>\n<p><b>Existe-t-il des risques de disparitions d\u2019associations ?<\/b><\/p>\n<p>E.F.\u00a0: On assiste \u00e0 une augmentation importante du nombre de d\u00e9faillances dans notre r\u00e9gion qui a doubl\u00e9 une premi\u00e8re fois entre 2023 et 2024 puis une nouvelle fois entre 2024 et 2025. Donc il est \u00e9vident que des structures vont \u00eatre liquid\u00e9es. Ce n\u2019est pas forc\u00e9ment un probl\u00e8me \u00e9conomique pur, c\u2019est qu\u2019il n\u2019y a pas eu d\u2019anticipation de la part de la puissance publique. L\u2019association est au pied du mur et elle n\u2019a pas les moyens de licencier les gens, donc c\u2019est la liquidation.<\/p>\n<p><b>Existe-t-il une crise du b\u00e9n\u00e9volat ?<\/b><\/p>\n<p>E.F. : Alors oui, mais elle est travestie. Il faut arr\u00eater de dire que les Fran\u00e7ais ne s\u2019engagent pas, sont individualistes et ne pensent qu\u2019\u00e0 eux. L\u2019engagement progresse. Il y a un habitant sur deux qui est membre d\u2019une asso en France. C\u2019est \u00e9norme. Le b\u00e9n\u00e9volat augmente dans notre pays, y compris chez les moins de 35 ans et les plus de 65. Ce sont les deux classes d\u2019\u00e2ge qui, proportionnellement, s\u2019engagent le plus. On peut parler de crise du b\u00e9n\u00e9volat de gouvernance. Ce sont des administrateurs, des membres des CA, des membres des bureaux, des pr\u00e9sidents, tr\u00e9soriers. En fait, piloter, gouverner, diriger une association aujourd\u2019hui employeuse, c\u2019est \u00eatre chef d\u2019entreprise, on a les m\u00eames obligations l\u00e9gales. Donc quand vous \u00eates chef d\u2019entreprise b\u00e9n\u00e9vole et qu\u2019il y a une succession de crises \u00e0 affronter, \u00e7a veut dire que vous donnez \u00e9norm\u00e9ment de votre temps et que la satisfaction que vous aviez de trouver dans la r\u00e9alisation de votre engagement n\u2019est plus l\u00e0. Et c\u2019est \u00e9puisant.<\/p>\n<p><b>L\u2019arriv\u00e9e de l\u2019extr\u00eame droite \u00e0 la t\u00eate de mairies s\u2019est traduite par une baisse des subventions de certaines assos. L\u2019ennemi du secteur associatif ?<\/b><\/p>\n<p>E.F. : Il est certain qu\u2019on a des groupes politiques qui sont plus ou moins dans un esprit de coop\u00e9ration et de financement d\u2019associations, quelles qu\u2019elles soient. Pour le RN, une asso ne peut pas \u00eatre politique. Pour nous, une asso qui n\u2019est pas politique, elle n\u2019a rien \u00e0 faire sous statut associatif. Une asso a une vision du monde et elle va faire ce qu\u2019elle peut pour mettre en place sa vision de la cit\u00e9. Et donc, les \u00e9lus du RN, globalement, il y a des sujets sur lesquels ils votent syst\u00e9matiquement contre les subventions \u00e0 certaines assos : celles qui aident, qui fournissent un service ou qui accueillent des populations \u00e9trang\u00e8res (accueil de jour, les Cada, les assos qui font du fran\u00e7ais langue \u00e9trang\u00e8re). Tout ce qui est droits des femmes et des familles, contre les violences sexuelles, tout \u00e7a c\u2019est pareil, c\u2019est supprim\u00e9. Et je ne parle m\u00eame pas de la Ligue des droits de l\u2019Homme. Mais \u00e7a se voit aussi dans d\u2019autres mairies qui ne sont pas RN. La LDH s\u2019est fait virer de ses locaux \u00e0 Toulouse par [le maire DVD] Moudenc. On sent que les politiques se recentrent sur ce qu\u2019ils faisaient il y a une cinquantaine d\u2019ann\u00e9es, un retour en arri\u00e8re o\u00f9 si tu n\u2019es pas d\u2019accord avec ma politique ou que tu me critiques, je ne te finance plus.<\/p>\n<p><b>Justement, ce contexte d\u2019aust\u00e9rit\u00e9 n\u2019est pas une justification pour s\u2019en prendre aux associations critiques, notamment via le contrat d\u2019engagement r\u00e9publicain ?<\/b><\/p>\n<p>E.F. : Ce qu\u2019on d\u00e9fend le plus collectivement au Mouvement associatif, c\u2019est notre vision d\u00e9mocratique de fonctionner dans notre pays et donc quelque part c\u2019est le droit \u00e0 la critique, on a le droit de ne pas \u00eatre d\u2019accord et de l\u2019exprimer tant que c\u2019est \u00e9tay\u00e9. Or, le contrat d\u2019engagement r\u00e9publicain est un formidable outil pour permettre \u00e0 n\u2019importe quel autocrate, quel qu\u2019il soit, de dissoudre n\u2019importe quelle association. Il est compl\u00e8tement pass\u00e9 \u00e0 c\u00f4t\u00e9 de sa cible originale qui \u00e9tait lutter contre le s\u00e9paratisme puisque des lois existent d\u00e9j\u00e0 pour \u00e7a. Il permet de rendre responsable une asso et son pr\u00e9sident pour des propos tenus par ses adh\u00e9rents, y compris quand ils ne sont pas mandat\u00e9s par l\u2019asso. Donc en fait, si demain il y a une autocrate, un Trump qui arrive au pouvoir, il a un outil cl\u00e9 en main pour b\u00e2illonner la plupart des assos dans notre pays, en tout cas toutes les assos qui ne seront pas d\u2019accord avec la politique publique men\u00e9e par l\u2019acteur public qu\u2019elles ont en face d\u2019elles. Il y a une crainte de plus en plus forte de voir s\u2019\u00e9teindre la voix des assos ou de restreindre la libert\u00e9 d\u2019association.<\/p>\n<\/p><\/div>\n","protected":false},"excerpt":{"rendered":"La Marseillaise : Qu&rsquo;est-ce que le Mouvement associatif ?","protected":false},"author":1,"featured_media":35974,"comment_status":"open","ping_status":"open","sticky":false,"template":"","format":"standard","meta":{"footnotes":""},"categories":[3926,3925,20],"tags":[143,168,4641,343,238,239,6060,284,916],"news-destination":[3944],"news-source":[475],"is_homepage":[],"ta_other":[],"class_list":["post-35973","post","type-post","status-publish","format-standard","has-post-thumbnail","hentry","category-accueil-merge","category-accueil-third","category-societe","tag-associatif","tag-association","tag-desengagement-de-letat","tag-entretien","tag-gard","tag-herault","tag-liberte-associative","tag-occitanie","tag-subventions","news-destination-homepage","news-source-website"],"_links":{"self":[{"href":"https:\/\/euapp01.newsmemory.com\/lamarseillaise\/news\/wp-json\/wp\/v2\/posts\/35973","targetHints":{"allow":["GET"]}}],"collection":[{"href":"https:\/\/euapp01.newsmemory.com\/lamarseillaise\/news\/wp-json\/wp\/v2\/posts"}],"about":[{"href":"https:\/\/euapp01.newsmemory.com\/lamarseillaise\/news\/wp-json\/wp\/v2\/types\/post"}],"author":[{"embeddable":true,"href":"https:\/\/euapp01.newsmemory.com\/lamarseillaise\/news\/wp-json\/wp\/v2\/users\/1"}],"replies":[{"embeddable":true,"href":"https:\/\/euapp01.newsmemory.com\/lamarseillaise\/news\/wp-json\/wp\/v2\/comments?post=35973"}],"version-history":[{"count":1,"href":"https:\/\/euapp01.newsmemory.com\/lamarseillaise\/news\/wp-json\/wp\/v2\/posts\/35973\/revisions"}],"predecessor-version":[{"id":35975,"href":"https:\/\/euapp01.newsmemory.com\/lamarseillaise\/news\/wp-json\/wp\/v2\/posts\/35973\/revisions\/35975"}],"wp:featuredmedia":[{"embeddable":true,"href":"https:\/\/euapp01.newsmemory.com\/lamarseillaise\/news\/wp-json\/wp\/v2\/media\/35974"}],"wp:attachment":[{"href":"https:\/\/euapp01.newsmemory.com\/lamarseillaise\/news\/wp-json\/wp\/v2\/media?parent=35973"}],"wp:term":[{"taxonomy":"category","embeddable":true,"href":"https:\/\/euapp01.newsmemory.com\/lamarseillaise\/news\/wp-json\/wp\/v2\/categories?post=35973"},{"taxonomy":"post_tag","embeddable":true,"href":"https:\/\/euapp01.newsmemory.com\/lamarseillaise\/news\/wp-json\/wp\/v2\/tags?post=35973"},{"taxonomy":"news-destination","embeddable":true,"href":"https:\/\/euapp01.newsmemory.com\/lamarseillaise\/news\/wp-json\/wp\/v2\/news-destination?post=35973"},{"taxonomy":"news-source","embeddable":true,"href":"https:\/\/euapp01.newsmemory.com\/lamarseillaise\/news\/wp-json\/wp\/v2\/news-source?post=35973"},{"taxonomy":"is_homepage","embeddable":true,"href":"https:\/\/euapp01.newsmemory.com\/lamarseillaise\/news\/wp-json\/wp\/v2\/is_homepage?post=35973"},{"taxonomy":"ta_other","embeddable":true,"href":"https:\/\/euapp01.newsmemory.com\/lamarseillaise\/news\/wp-json\/wp\/v2\/ta_other?post=35973"}],"curies":[{"name":"wp","href":"https:\/\/api.w.org\/{rel}","templated":true}]}}