{"id":35970,"date":"2026-07-10T08:26:00","date_gmt":"2026-07-10T06:26:00","guid":{"rendered":"https:\/\/euapp01.newsmemory.com\/lamarseillaise\/news\/?p=35970"},"modified":"2026-07-10T10:08:41","modified_gmt":"2026-07-10T08:08:41","slug":"le-rove-en-fete-du-11-au-21-juillet","status":"publish","type":"post","link":"https:\/\/euapp01.newsmemory.com\/lamarseillaise\/news\/2026\/07\/10\/le-rove-en-fete-du-11-au-21-juillet\/","title":{"rendered":"Le Rove en f\u00eate du 11 au 21&nbsp;juillet"},"content":{"rendered":"<div class=\"paragraph\">\n<p>Organis\u00e9 par le comit\u00e9 des f\u00eates avec le soutien de la municipalit\u00e9 du Rove, cet \u00e9v\u00e9nement promet dix jours d\u2019animations et de convivialit\u00e9.<\/p>\n<\/p><\/div>\n<div class=\"intext\"> Soir\u00e9es musicales\n              <\/div>\n<div class=\"paragraph\">\n<p>Samedi 11 juillet \u00e0 19h30, soir\u00e9e lounge anim\u00e9e par Nico Sax, avec ap\u00e9ritif cocktail. Lundi 13 \u00e0 21h30, bal gratuit avec l\u2019orchestre \u00c9ric Ferrari. Jeudi 16 \u00e0 21h30, place \u00e0 la danse avec l\u2019orchestre de vari\u00e9t\u00e9s Depen-Danse.<\/p>\n<p>Samedi 18 et dimanche 19, le grand orchestre Almeras propose deux bals gratuits (et un spectacle le dimanche \u00e0 15h30).<\/p>\n<p>Mardi 21 \u00e0 20h, cl\u00f4ture en apoth\u00e9ose avec la Tourn\u00e9e d\u2019\u00e9t\u00e9 de <i>La<\/i><i>\u00a0<\/i><i>Marseillaise<\/i> avec la pr\u00e9sence de DJ Jean-Marc Sicky.<\/p>\n<\/p><\/div>\n<div class=\"intext\"> Les rendez-vous gourmands\n              <\/div>\n<div class=\"paragraph\">\n<p>Lundi 13 \u00e0 19h, sardinade. Jeudi 16 \u00e0 19h30, soupe au pistou. Dimanche\u00a019\u00a0: journ\u00e9e de tradition avec l\u2019ap\u00e9ritif offert \u00e0 la population \u00e0 11h30, suivi \u00e0 13h de l\u2019A\u00efoli traditionnel (inscription en mairie \u00e0 25\u00a0euros).<\/p>\n<\/p><\/div>\n<div class=\"intext\"> Jeux, rires et animations\n              <\/div>\n<div class=\"paragraph\">\n<p>Avis aux amateurs de cartes avec le concours de contr\u00e9e (10\u00a0euros par \u00e9quipe, nombreux lots) le mercredi 15 \u00e0 19h30.<\/p>\n<p>Vendredi 17 \u00e0 21h, un super loto en plein air avec 7 cartons pleins et 21\u00a0quines. \u00c0 gagner\u00a0: 7\u00a0bons d\u2019achat de 300\u00a0euros et de nombreux autres lots\u00a0!<\/p>\n<p>Lundi 20, une fin d\u2019apr\u00e8s-midi d\u00e9di\u00e9e aux enfants avec des jeux d\u00e8s 17h30, suivie \u00e0 21h30 d\u2019une note d\u2019humour avec la pi\u00e8ce de th\u00e9\u00e2tre <i>R\u00e9sidence mon r\u00eave !<\/i> par la compagnie \u00c9v\u00e9nement (entr\u00e9e libre).<\/p>\n<\/p><\/div>\n<div class=\"intext\"> Espace Festi\u2019loisirs\n              <\/div>\n<div class=\"paragraph\">\n<p>Du 16 au 20\u00a0juillet, d\u00e8s 18h, ouverture de l\u2019espace Festi\u2019Loisirs. Pour 0,50 euro, les enfants pourront profiter du man\u00e8ge enfantin, structures gonflables, toboggan, taureau rod\u00e9o m\u00e9canique ou encore man\u00e8ge gyroscopique.<\/p>\n<\/p><\/div>\n<div class=\"paragraph\">\n<p><i>Restauration lors des soir\u00e9es. Programme et actualit\u00e9s sur .lerove.fr ou Facebook Leroveinfos.<\/i><\/p>\n<\/p><\/div>\n","protected":false},"excerpt":{"rendered":"Organis&eacute; par le comit&eacute; des f&ecirc;tes avec le soutien de la municipalit&eacute; du Rove, cet &eacute;v&eacute;nement promet dix jours d&rsquo;animations et de convivialit&eacute;. Samedi 11 juillet &agrave; 19h30, soir&eacute;e lounge &#8230;","protected":false},"author":1,"featured_media":35971,"comment_status":"open","ping_status":"open","sticky":false,"template":"","format":"standard","meta":{"footnotes":""},"categories":[20],"tags":[10,34,57,336,1138,980,1083,1654,55,325,3045,38,4810,2602,529],"news-destination":[],"news-source":[475],"is_homepage":[],"ta_other":[],"class_list":["post-35970","post","type-post","status-publish","format-standard","has-post-thumbnail","hentry","category-societe","tag-bouches-du-rhone","tag-concert","tag-enfants","tag-ete","tag-festivites","tag-fetes","tag-gratuit","tag-le-rove","tag-loisirs","tag-musique","tag-orchestre","tag-programme","tag-sardinades","tag-sorties","tag-spectacle","news-source-website"],"_links":{"self":[{"href":"https:\/\/euapp01.newsmemory.com\/lamarseillaise\/news\/wp-json\/wp\/v2\/posts\/35970","targetHints":{"allow":["GET"]}}],"collection":[{"href":"https:\/\/euapp01.newsmemory.com\/lamarseillaise\/news\/wp-json\/wp\/v2\/posts"}],"about":[{"href":"https:\/\/euapp01.newsmemory.com\/lamarseillaise\/news\/wp-json\/wp\/v2\/types\/post"}],"author":[{"embeddable":true,"href":"https:\/\/euapp01.newsmemory.com\/lamarseillaise\/news\/wp-json\/wp\/v2\/users\/1"}],"replies":[{"embeddable":true,"href":"https:\/\/euapp01.newsmemory.com\/lamarseillaise\/news\/wp-json\/wp\/v2\/comments?post=35970"}],"version-history":[{"count":1,"href":"https:\/\/euapp01.newsmemory.com\/lamarseillaise\/news\/wp-json\/wp\/v2\/posts\/35970\/revisions"}],"predecessor-version":[{"id":35972,"href":"https:\/\/euapp01.newsmemory.com\/lamarseillaise\/news\/wp-json\/wp\/v2\/posts\/35970\/revisions\/35972"}],"wp:featuredmedia":[{"embeddable":true,"href":"https:\/\/euapp01.newsmemory.com\/lamarseillaise\/news\/wp-json\/wp\/v2\/media\/35971"}],"wp:attachment":[{"href":"https:\/\/euapp01.newsmemory.com\/lamarseillaise\/news\/wp-json\/wp\/v2\/media?parent=35970"}],"wp:term":[{"taxonomy":"category","embeddable":true,"href":"https:\/\/euapp01.newsmemory.com\/lamarseillaise\/news\/wp-json\/wp\/v2\/categories?post=35970"},{"taxonomy":"post_tag","embeddable":true,"href":"https:\/\/euapp01.newsmemory.com\/lamarseillaise\/news\/wp-json\/wp\/v2\/tags?post=35970"},{"taxonomy":"news-destination","embeddable":true,"href":"https:\/\/euapp01.newsmemory.com\/lamarseillaise\/news\/wp-json\/wp\/v2\/news-destination?post=35970"},{"taxonomy":"news-source","embeddable":true,"href":"https:\/\/euapp01.newsmemory.com\/lamarseillaise\/news\/wp-json\/wp\/v2\/news-source?post=35970"},{"taxonomy":"is_homepage","embeddable":true,"href":"https:\/\/euapp01.newsmemory.com\/lamarseillaise\/news\/wp-json\/wp\/v2\/is_homepage?post=35970"},{"taxonomy":"ta_other","embeddable":true,"href":"https:\/\/euapp01.newsmemory.com\/lamarseillaise\/news\/wp-json\/wp\/v2\/ta_other?post=35970"}],"curies":[{"name":"wp","href":"https:\/\/api.w.org\/{rel}","templated":true}]}}