{"id":35967,"date":"2026-07-10T08:44:00","date_gmt":"2026-07-10T06:44:00","guid":{"rendered":"https:\/\/euapp01.newsmemory.com\/lamarseillaise\/news\/?p=35967"},"modified":"2026-07-10T10:08:41","modified_gmt":"2026-07-10T08:08:41","slug":"trente-logements-sociaux-inaugures-a-cassis","status":"publish","type":"post","link":"https:\/\/euapp01.newsmemory.com\/lamarseillaise\/news\/2026\/07\/10\/trente-logements-sociaux-inaugures-a-cassis\/","title":{"rendered":"Trente logements sociaux inaugur\u00e9s \u00e0 Cassis"},"content":{"rendered":"<div class=\"paragraph\">\n<p>\u00ab\u00a0<i>Une r\u00e9sidence \u00e0 taille humaine et de qualit\u00e9<\/i>\u00a0\u00bb, soulignent les protagonistes. Ce projet<br \/>\u00ab <i>illustre notre volont\u00e9 de pr\u00e9server l\u2019\u00e2me de Cassis et de permettre aux actifs, aux familles et aux jeunes de pouvoir se loger ici<\/i><i>\u00a0<\/i><i>!<\/i> \u00bb, a rappel\u00e9 Danielle Milon. Plus d\u2019une vingtaine de familles cassidaines devaient d\u00e8s juin amm\u00e9nager dans les logements flambant neuf.<\/p>\n<\/p><\/div>\n","protected":false},"excerpt":{"rendered":"&laquo;&nbsp;Une r&eacute;sidence &agrave; taille humaine et de qualit&eacute;&nbsp;&raquo;, soulignent les protagonistes. Ce projet&laquo; illustre notre volont&eacute; de pr&eacute;server l&rsquo;&acirc;me de Cassis et de permettre aux actifs, aux &#8230;","protected":false},"author":1,"featured_media":35968,"comment_status":"open","ping_status":"open","sticky":false,"template":"","format":"standard","meta":{"footnotes":""},"categories":[20],"tags":[10,929,1309,754,2323,402,59,596,52,506],"news-destination":[],"news-source":[475],"is_homepage":[],"ta_other":[],"class_list":["post-35967","post","type-post","status-publish","format-standard","has-post-thumbnail","hentry","category-societe","tag-bouches-du-rhone","tag-cassis","tag-danielle-milon","tag-familles","tag-habitat","tag-inauguration","tag-jeunes","tag-logement","tag-logement-social","tag-logements-sociaux","news-source-website"],"_links":{"self":[{"href":"https:\/\/euapp01.newsmemory.com\/lamarseillaise\/news\/wp-json\/wp\/v2\/posts\/35967","targetHints":{"allow":["GET"]}}],"collection":[{"href":"https:\/\/euapp01.newsmemory.com\/lamarseillaise\/news\/wp-json\/wp\/v2\/posts"}],"about":[{"href":"https:\/\/euapp01.newsmemory.com\/lamarseillaise\/news\/wp-json\/wp\/v2\/types\/post"}],"author":[{"embeddable":true,"href":"https:\/\/euapp01.newsmemory.com\/lamarseillaise\/news\/wp-json\/wp\/v2\/users\/1"}],"replies":[{"embeddable":true,"href":"https:\/\/euapp01.newsmemory.com\/lamarseillaise\/news\/wp-json\/wp\/v2\/comments?post=35967"}],"version-history":[{"count":1,"href":"https:\/\/euapp01.newsmemory.com\/lamarseillaise\/news\/wp-json\/wp\/v2\/posts\/35967\/revisions"}],"predecessor-version":[{"id":35969,"href":"https:\/\/euapp01.newsmemory.com\/lamarseillaise\/news\/wp-json\/wp\/v2\/posts\/35967\/revisions\/35969"}],"wp:featuredmedia":[{"embeddable":true,"href":"https:\/\/euapp01.newsmemory.com\/lamarseillaise\/news\/wp-json\/wp\/v2\/media\/35968"}],"wp:attachment":[{"href":"https:\/\/euapp01.newsmemory.com\/lamarseillaise\/news\/wp-json\/wp\/v2\/media?parent=35967"}],"wp:term":[{"taxonomy":"category","embeddable":true,"href":"https:\/\/euapp01.newsmemory.com\/lamarseillaise\/news\/wp-json\/wp\/v2\/categories?post=35967"},{"taxonomy":"post_tag","embeddable":true,"href":"https:\/\/euapp01.newsmemory.com\/lamarseillaise\/news\/wp-json\/wp\/v2\/tags?post=35967"},{"taxonomy":"news-destination","embeddable":true,"href":"https:\/\/euapp01.newsmemory.com\/lamarseillaise\/news\/wp-json\/wp\/v2\/news-destination?post=35967"},{"taxonomy":"news-source","embeddable":true,"href":"https:\/\/euapp01.newsmemory.com\/lamarseillaise\/news\/wp-json\/wp\/v2\/news-source?post=35967"},{"taxonomy":"is_homepage","embeddable":true,"href":"https:\/\/euapp01.newsmemory.com\/lamarseillaise\/news\/wp-json\/wp\/v2\/is_homepage?post=35967"},{"taxonomy":"ta_other","embeddable":true,"href":"https:\/\/euapp01.newsmemory.com\/lamarseillaise\/news\/wp-json\/wp\/v2\/ta_other?post=35967"}],"curies":[{"name":"wp","href":"https:\/\/api.w.org\/{rel}","templated":true}]}}