{"id":35964,"date":"2026-07-10T08:46:00","date_gmt":"2026-07-10T06:46:00","guid":{"rendered":"https:\/\/euapp01.newsmemory.com\/lamarseillaise\/news\/?p=35964"},"modified":"2026-07-10T10:08:41","modified_gmt":"2026-07-10T08:08:41","slug":"securite-au-travail-michel-bianco-sera-decore-pour-son-combat","status":"publish","type":"post","link":"https:\/\/euapp01.newsmemory.com\/lamarseillaise\/news\/2026\/07\/10\/securite-au-travail-michel-bianco-sera-decore-pour-son-combat\/","title":{"rendered":"S\u00e9curit\u00e9 au travail : Michel Bianco sera d\u00e9cor\u00e9 pour son combat"},"content":{"rendered":"<div class=\"paragraph\">\n<p>Le sujet a touch\u00e9 Michel Bianco de pr\u00e8s. Depuis plus de vingt ans, ce Venellois, ancien syndicaliste, milite pour la sant\u00e9 et la s\u00e9curit\u00e9 au travail. Investi au sein de l\u2019association locale du Carrefour Citoyen, mais aussi et surtout du Collectif de familles de victimes, Stop \u00e0 la mort au travail, ce retrait\u00e9 organise plusieurs manifestations pour alerter \u00e0 sujet. La derni\u00e8re en date, une exposition de photographies autour du m\u00e9tier de livreur, accroch\u00e9e aux cimaises de la m\u00e9diath\u00e8que de Venelles en avril dernier, coorganis\u00e9e avec le Carrefour Citoyen. Pour son travail, Michel Bianco sera d\u2019ailleurs d\u00e9cor\u00e9 de la m\u00e9daille de la Ville, mardi 14\u00a0juillet. \u00ab\u00a0<i>Une distinction personnelle, mais le r\u00e9sultat d\u2019un travail collectif<\/i><i>\u00a0<\/i>\u00bb<i>,<\/i> pr\u00e9cise Michel Bianco. Mais depuis ses d\u00e9cennies de militantisme et de travail contre la mort et les accidents du travail, Michel Bianco tire l\u2019alarme.<i> <\/i>\u00ab\u00a0<i>En termes d\u2019\u00e9volution, je n\u2019ai absolument rien constat\u00e9 <\/i>(sur le sujet, ndlr) <i>on a toujours des salari\u00e9s qui montent sur des \u00e9chafaudages, qui ne sont pas assur\u00e9s, des salari\u00e9s sans courant d\u2019air pendant la canicule&#8230;,<\/i> liste Michel Bianco. <i>Les employeurs ne travaillent pas suffisamment sur les questions d\u2019organisation du travail, donc quand la situation arrive, on n\u2019a pas de quoi faire face, puisqu\u2019on n\u2019a rien pr\u00e9vu. Niveau l\u00e9gislatif, rien ne change. Pire que \u00e7a. La derni\u00e8re recommandation faite par le gouvernement a \u00e9t\u00e9 d\u2019enjoindre les organisations repr\u00e9sentatives &#8211;<\/i><i>\u00a0<\/i><i>qui si\u00e8gent dans la branche &#8220;accident du travail&#8221; de la s\u00e9curit\u00e9 sociale<\/i><i>\u00a0<\/i><i>&#8211; \u00e0 faire une \u00e9conomie de 800<\/i><i>\u00a0<\/i><i>millions pour en diminuer son d\u00e9ficit.<\/i>\u00a0\u00bb La question de la sant\u00e9 au travail, estime Michel Bianco, est encore moins prise en compte au sein des plus petites entreprises. Pour appuyer son propos, il cite un chiffre\u00a0: deux accidents mortels par jour estim\u00e9s au travail en 2024, en France, selon les derniers chiffres de l\u2019Assurance Maladie. \u00ab<i>\u00a0<\/i><i>Mais tant que la soci\u00e9t\u00e9 acceptera qu\u2019on ait deux morts par jour d\u2019accidents au travail, il n\u2019y aura pas grand-chose qui \u00e9voluera. Ce sujet concerne tout le monde<\/i><i>\u00a0<\/i>\u00bb<i>, <\/i>alerte le militant.<\/p>\n<\/p><\/div>\n","protected":false},"excerpt":{"rendered":"Le sujet a touch&eacute; Michel Bianco de pr&egrave;s. Depuis plus de vingt ans, ce Venellois, ancien syndicaliste, milite pour la sant&eacute; et la s&eacute;curit&eacute; au travail. Investi au sein de l&rsquo;association locale du Carrefour &#8230;","protected":false},"author":1,"featured_media":35965,"comment_status":"open","ping_status":"open","sticky":false,"template":"","format":"standard","meta":{"footnotes":""},"categories":[20],"tags":[3219,10,408,195,2307,3218,1079,3553,111],"news-destination":[],"news-source":[475],"is_homepage":[],"ta_other":[],"class_list":["post-35964","post","type-post","status-publish","format-standard","has-post-thumbnail","hentry","category-societe","tag-accident-travail","tag-bouches-du-rhone","tag-combat","tag-conditions-de-travail","tag-droit-au-travail","tag-michel-bianco","tag-militantisme","tag-mort-au-travail","tag-securite","news-source-website"],"_links":{"self":[{"href":"https:\/\/euapp01.newsmemory.com\/lamarseillaise\/news\/wp-json\/wp\/v2\/posts\/35964","targetHints":{"allow":["GET"]}}],"collection":[{"href":"https:\/\/euapp01.newsmemory.com\/lamarseillaise\/news\/wp-json\/wp\/v2\/posts"}],"about":[{"href":"https:\/\/euapp01.newsmemory.com\/lamarseillaise\/news\/wp-json\/wp\/v2\/types\/post"}],"author":[{"embeddable":true,"href":"https:\/\/euapp01.newsmemory.com\/lamarseillaise\/news\/wp-json\/wp\/v2\/users\/1"}],"replies":[{"embeddable":true,"href":"https:\/\/euapp01.newsmemory.com\/lamarseillaise\/news\/wp-json\/wp\/v2\/comments?post=35964"}],"version-history":[{"count":1,"href":"https:\/\/euapp01.newsmemory.com\/lamarseillaise\/news\/wp-json\/wp\/v2\/posts\/35964\/revisions"}],"predecessor-version":[{"id":35966,"href":"https:\/\/euapp01.newsmemory.com\/lamarseillaise\/news\/wp-json\/wp\/v2\/posts\/35964\/revisions\/35966"}],"wp:featuredmedia":[{"embeddable":true,"href":"https:\/\/euapp01.newsmemory.com\/lamarseillaise\/news\/wp-json\/wp\/v2\/media\/35965"}],"wp:attachment":[{"href":"https:\/\/euapp01.newsmemory.com\/lamarseillaise\/news\/wp-json\/wp\/v2\/media?parent=35964"}],"wp:term":[{"taxonomy":"category","embeddable":true,"href":"https:\/\/euapp01.newsmemory.com\/lamarseillaise\/news\/wp-json\/wp\/v2\/categories?post=35964"},{"taxonomy":"post_tag","embeddable":true,"href":"https:\/\/euapp01.newsmemory.com\/lamarseillaise\/news\/wp-json\/wp\/v2\/tags?post=35964"},{"taxonomy":"news-destination","embeddable":true,"href":"https:\/\/euapp01.newsmemory.com\/lamarseillaise\/news\/wp-json\/wp\/v2\/news-destination?post=35964"},{"taxonomy":"news-source","embeddable":true,"href":"https:\/\/euapp01.newsmemory.com\/lamarseillaise\/news\/wp-json\/wp\/v2\/news-source?post=35964"},{"taxonomy":"is_homepage","embeddable":true,"href":"https:\/\/euapp01.newsmemory.com\/lamarseillaise\/news\/wp-json\/wp\/v2\/is_homepage?post=35964"},{"taxonomy":"ta_other","embeddable":true,"href":"https:\/\/euapp01.newsmemory.com\/lamarseillaise\/news\/wp-json\/wp\/v2\/ta_other?post=35964"}],"curies":[{"name":"wp","href":"https:\/\/api.w.org\/{rel}","templated":true}]}}