{"id":35961,"date":"2026-07-10T08:52:00","date_gmt":"2026-07-10T06:52:00","guid":{"rendered":"https:\/\/euapp01.newsmemory.com\/lamarseillaise\/news\/?p=35961"},"modified":"2026-07-10T10:08:41","modified_gmt":"2026-07-10T08:08:41","slug":"les-bacheliers-mention-tres-bien-recompenses-par-la-region-sud","status":"publish","type":"post","link":"https:\/\/euapp01.newsmemory.com\/lamarseillaise\/news\/2026\/07\/10\/les-bacheliers-mention-tres-bien-recompenses-par-la-region-sud\/","title":{"rendered":"Les bacheliers mention \u00ab tr\u00e8s bien \u00bb r\u00e9compens\u00e9s par la R\u00e9gion Sud"},"content":{"rendered":"<div class=\"paragraph\">\n<p>\u00ab <i>F\u00e9licitations \u00e0 tous, chers bacheliers ! Nous mettons \u00e0 l\u2019honneur votre travail et votre mention tr\u00e8s bien avec notre bourse au m\u00e9rite de 300 euros !<\/i> \u00bb, indique la R\u00e9gion Sud, pr\u00e9sid\u00e9e par Renaud Muselier, lors de la c\u00e9r\u00e9monie organis\u00e9e ce jeudi, pour saluer les quelque 3 624 bacheliers de l\u2019Acad\u00e9mie d\u2019Aix-Marseille ayant obtenu cette distinction. Cr\u00e9e en 2016, ce dispositif a d\u00e9j\u00e0 permis d\u2019accompagner pr\u00e8s de 52 000 jeunes pour un montant de plus de 20 millions d\u2019euros. Une mesure qui s\u2019ajoute aux diff\u00e9rents dispositifs en faveur des jeunes : gratuit\u00e9 des manuels dans les lyc\u00e9es ; restauration scolaire ; aides au financement des tenues professionnelles ; Pass Zou ! et Pass Sant\u00e9 Jeunes.<\/p>\n<\/p><\/div>\n","protected":false},"excerpt":{"rendered":"&laquo; F&eacute;licitations &agrave; tous, chers bacheliers ! Nous mettons &agrave; l&rsquo;honneur votre travail et votre mention tr&egrave;s bien avec notre bourse au m&eacute;rite de 300 euros ! &raquo;, indique la R&eacute;gion Sud, &#8230;","protected":false},"author":1,"featured_media":35962,"comment_status":"open","ping_status":"open","sticky":false,"template":"","format":"standard","meta":{"footnotes":""},"categories":[20],"tags":[1127,1057,1125,10,2346,1614,59,1119,3006,714,708,256,870],"news-destination":[],"news-source":[475],"is_homepage":[],"ta_other":[],"class_list":["post-35961","post","type-post","status-publish","format-standard","has-post-thumbnail","hentry","category-societe","tag-academie-aix-marseille","tag-aix-marseille","tag-baccalaureat","tag-bouches-du-rhone","tag-ceremonie","tag-diplome","tag-jeunes","tag-lycee","tag-recompense","tag-region-sud","tag-renaud-muselier","tag-sante","tag-trains","news-source-website"],"_links":{"self":[{"href":"https:\/\/euapp01.newsmemory.com\/lamarseillaise\/news\/wp-json\/wp\/v2\/posts\/35961","targetHints":{"allow":["GET"]}}],"collection":[{"href":"https:\/\/euapp01.newsmemory.com\/lamarseillaise\/news\/wp-json\/wp\/v2\/posts"}],"about":[{"href":"https:\/\/euapp01.newsmemory.com\/lamarseillaise\/news\/wp-json\/wp\/v2\/types\/post"}],"author":[{"embeddable":true,"href":"https:\/\/euapp01.newsmemory.com\/lamarseillaise\/news\/wp-json\/wp\/v2\/users\/1"}],"replies":[{"embeddable":true,"href":"https:\/\/euapp01.newsmemory.com\/lamarseillaise\/news\/wp-json\/wp\/v2\/comments?post=35961"}],"version-history":[{"count":1,"href":"https:\/\/euapp01.newsmemory.com\/lamarseillaise\/news\/wp-json\/wp\/v2\/posts\/35961\/revisions"}],"predecessor-version":[{"id":35963,"href":"https:\/\/euapp01.newsmemory.com\/lamarseillaise\/news\/wp-json\/wp\/v2\/posts\/35961\/revisions\/35963"}],"wp:featuredmedia":[{"embeddable":true,"href":"https:\/\/euapp01.newsmemory.com\/lamarseillaise\/news\/wp-json\/wp\/v2\/media\/35962"}],"wp:attachment":[{"href":"https:\/\/euapp01.newsmemory.com\/lamarseillaise\/news\/wp-json\/wp\/v2\/media?parent=35961"}],"wp:term":[{"taxonomy":"category","embeddable":true,"href":"https:\/\/euapp01.newsmemory.com\/lamarseillaise\/news\/wp-json\/wp\/v2\/categories?post=35961"},{"taxonomy":"post_tag","embeddable":true,"href":"https:\/\/euapp01.newsmemory.com\/lamarseillaise\/news\/wp-json\/wp\/v2\/tags?post=35961"},{"taxonomy":"news-destination","embeddable":true,"href":"https:\/\/euapp01.newsmemory.com\/lamarseillaise\/news\/wp-json\/wp\/v2\/news-destination?post=35961"},{"taxonomy":"news-source","embeddable":true,"href":"https:\/\/euapp01.newsmemory.com\/lamarseillaise\/news\/wp-json\/wp\/v2\/news-source?post=35961"},{"taxonomy":"is_homepage","embeddable":true,"href":"https:\/\/euapp01.newsmemory.com\/lamarseillaise\/news\/wp-json\/wp\/v2\/is_homepage?post=35961"},{"taxonomy":"ta_other","embeddable":true,"href":"https:\/\/euapp01.newsmemory.com\/lamarseillaise\/news\/wp-json\/wp\/v2\/ta_other?post=35961"}],"curies":[{"name":"wp","href":"https:\/\/api.w.org\/{rel}","templated":true}]}}