{"id":35958,"date":"2026-07-10T08:22:00","date_gmt":"2026-07-10T06:22:00","guid":{"rendered":"https:\/\/euapp01.newsmemory.com\/lamarseillaise\/news\/?p=35958"},"modified":"2026-07-16T07:50:30","modified_gmt":"2026-07-16T05:50:30","slug":"la-mairie-rn-de-monteux-retire-a-la-mjc-42-000-euros-de-subventions","status":"publish","type":"post","link":"https:\/\/euapp01.newsmemory.com\/lamarseillaise\/news\/2026\/07\/10\/la-mairie-rn-de-monteux-retire-a-la-mjc-42-000-euros-de-subventions\/","title":{"rendered":"La mairie RN de Monteux retire \u00e0 la MJC 42&nbsp;000&nbsp;euros de subventions"},"content":{"rendered":"<div class=\"paragraph\">\n<p>Apr\u00e8s la mairie RN de Carpentras, qui supprime les subventions du Planning familial, c\u2019est au tour de la municipalit\u00e9 de Monteux, \u00e9galement pass\u00e9e RN en mars dernier, de r\u00e9duire de 90\u00a0% celle accord\u00e9e \u00e0 la Maison des Jeunes et de la Culture de sa ville.<\/p>\n<p>Dans un message post\u00e9 sur ses r\u00e9seaux sociaux, la structure, qui accueille un peu plus de 500\u00a0personnes \u00e0 travers des activit\u00e9s sportives et des \u00e9v\u00e9nements divers, explique que cette aide passe de 45\u00a0000\u00a0euros \u00e0 5\u00a0000. Elle ajoute que les subventions de fonctionnement et celle du festival des cultures urbaines des vacances d\u2019automne, respectivement de 1\u00a0350 et 1\u00a0500\u00a0euros, sont, elles, supprim\u00e9es. Et explique prendre acte de cette d\u00e9cision et que le conseil d\u2019administration va se r\u00e9unir en cette fin de semaine \u00ab\u00a0<i>pour mesurer l\u2019impact sur la vie de l\u2019association<\/i><i>\u00a0<\/i>\u00bb.<\/p>\n<\/p><\/div>\n<div class=\"intext\"> R\u00e9partition\n              <\/div>\n<div class=\"paragraph\">\n<p>Le maire d\u2019extr\u00eame droite, Patrice de Camaret, a justifi\u00e9, lors du conseil municipal, cette d\u00e9cision en s\u2019appuyant sur les comptes de l\u2019association. Ceux-ci \u00e9tant, d\u2019apr\u00e8s lui, assez fournis. \u00ab<i>\u00a0<\/i><i>La collectivit\u00e9 doit soutenir en priorit\u00e9 les associations qui en ont r\u00e9ellement besoin, et non celles qui disposent d\u2019une tr\u00e9sorerie solide<\/i>\u00a0\u00bb, stipule la collectivit\u00e9. Et assure que cette \u00ab\u00a0<i>d\u00e9cision ne remet pas en cause l\u2019utilit\u00e9 de la MJC ni son travail aupr\u00e8s des Montiliens<\/i>\u00a0\u00bb, mais \u00ab\u00a0<i>traduit une volont\u00e9 de justice dans la r\u00e9partition de l\u2019argent public, au b\u00e9n\u00e9fice d\u2019associations qui, elles, ont un besoin r\u00e9el et imm\u00e9diat de soutien<\/i>\u00a0\u00bb.<\/p>\n<p>Les \u00e9lus d\u2019opposition ne l\u2019entendent pas de cette oreille. \u00ab\u00a0<i>Il le vend comme une n\u00e9cessit\u00e9 \u00e9conomique, mais pour moi, c\u2019est id\u00e9ologique<\/i><i>\u00a0<\/i>\u00bb, glisse Michel Mus (DVG). Car, dans le m\u00eame temps, les subventions aux associations sportives augmentent de 8\u00a0%.<\/p>\n<\/p><\/div>\n","protected":false},"excerpt":{"rendered":"Apr&egrave;s la mairie RN de Carpentras, qui supprime les subventions du Planning familial, c&rsquo;est au tour de la municipalit&eacute; de Monteux, &eacute;galement pass&eacute;e RN en mars dernier, de r&eacute;duire de 90&nbsp;% celle &#8230;","protected":false},"author":1,"featured_media":35959,"comment_status":"open","ping_status":"open","sticky":false,"template":"","format":"standard","meta":{"footnotes":""},"categories":[3926,3925,330],"tags":[2873,138,208,2284,148,1680,441,329,913,59,96,439,393,18,916,171],"news-destination":[3944],"news-source":[475],"is_homepage":[],"ta_other":[],"class_list":["post-35958","post","type-post","status-publish","format-standard","has-post-thumbnail","hentry","category-accueil-merge","category-accueil-third","category-politique","tag-activites-de-loisirs","tag-associations","tag-collectivites","tag-comptes-publics","tag-conseil-municipal","tag-cultures","tag-extreme-droite","tag-festival","tag-finances","tag-jeunes","tag-municipalite","tag-rn","tag-soutien","tag-sports","tag-subventions","tag-vaucluse","news-destination-homepage","news-source-website"],"_links":{"self":[{"href":"https:\/\/euapp01.newsmemory.com\/lamarseillaise\/news\/wp-json\/wp\/v2\/posts\/35958","targetHints":{"allow":["GET"]}}],"collection":[{"href":"https:\/\/euapp01.newsmemory.com\/lamarseillaise\/news\/wp-json\/wp\/v2\/posts"}],"about":[{"href":"https:\/\/euapp01.newsmemory.com\/lamarseillaise\/news\/wp-json\/wp\/v2\/types\/post"}],"author":[{"embeddable":true,"href":"https:\/\/euapp01.newsmemory.com\/lamarseillaise\/news\/wp-json\/wp\/v2\/users\/1"}],"replies":[{"embeddable":true,"href":"https:\/\/euapp01.newsmemory.com\/lamarseillaise\/news\/wp-json\/wp\/v2\/comments?post=35958"}],"version-history":[{"count":1,"href":"https:\/\/euapp01.newsmemory.com\/lamarseillaise\/news\/wp-json\/wp\/v2\/posts\/35958\/revisions"}],"predecessor-version":[{"id":35960,"href":"https:\/\/euapp01.newsmemory.com\/lamarseillaise\/news\/wp-json\/wp\/v2\/posts\/35958\/revisions\/35960"}],"wp:featuredmedia":[{"embeddable":true,"href":"https:\/\/euapp01.newsmemory.com\/lamarseillaise\/news\/wp-json\/wp\/v2\/media\/35959"}],"wp:attachment":[{"href":"https:\/\/euapp01.newsmemory.com\/lamarseillaise\/news\/wp-json\/wp\/v2\/media?parent=35958"}],"wp:term":[{"taxonomy":"category","embeddable":true,"href":"https:\/\/euapp01.newsmemory.com\/lamarseillaise\/news\/wp-json\/wp\/v2\/categories?post=35958"},{"taxonomy":"post_tag","embeddable":true,"href":"https:\/\/euapp01.newsmemory.com\/lamarseillaise\/news\/wp-json\/wp\/v2\/tags?post=35958"},{"taxonomy":"news-destination","embeddable":true,"href":"https:\/\/euapp01.newsmemory.com\/lamarseillaise\/news\/wp-json\/wp\/v2\/news-destination?post=35958"},{"taxonomy":"news-source","embeddable":true,"href":"https:\/\/euapp01.newsmemory.com\/lamarseillaise\/news\/wp-json\/wp\/v2\/news-source?post=35958"},{"taxonomy":"is_homepage","embeddable":true,"href":"https:\/\/euapp01.newsmemory.com\/lamarseillaise\/news\/wp-json\/wp\/v2\/is_homepage?post=35958"},{"taxonomy":"ta_other","embeddable":true,"href":"https:\/\/euapp01.newsmemory.com\/lamarseillaise\/news\/wp-json\/wp\/v2\/ta_other?post=35958"}],"curies":[{"name":"wp","href":"https:\/\/api.w.org\/{rel}","templated":true}]}}