{"id":35955,"date":"2026-07-10T08:37:00","date_gmt":"2026-07-10T06:37:00","guid":{"rendered":"https:\/\/euapp01.newsmemory.com\/lamarseillaise\/news\/?p=35955"},"modified":"2026-07-16T08:02:55","modified_gmt":"2026-07-16T06:02:55","slug":"une-piscine-pour-apprendre-aux-enfants-a-nager-au-parc-de-bougainville","status":"publish","type":"post","link":"https:\/\/euapp01.newsmemory.com\/lamarseillaise\/news\/2026\/07\/10\/une-piscine-pour-apprendre-aux-enfants-a-nager-au-parc-de-bougainville\/","title":{"rendered":"Une piscine pour apprendre aux enfants \u00e0 nager au parc de Bougainville"},"content":{"rendered":"<div class=\"paragraph\">\n<p>Jambes tendues, pieds pointus\u00a0; dans la piscine, les longueurs s\u2019encha\u00eenent pour les enfants. Depuis le 6\u00a0juillet, un bassin mobile de cinq m\u00e8tres sur dix est apparu dans le parc de Bougainville, au pied des immeubles d\u2019habitation. L\u2019initiative, reconduite chaque \u00e9t\u00e9 depuis trois ans, vise \u00e0 r\u00e9soudre \u00ab\u00a0<i>un probl\u00e8me majeur<\/i><i>\u00a0<\/i><i>: le d\u00e9ficit d\u2019apprentissage de la natation des<\/i><i>\u00a0<\/i>\u00bb, explique Eric M\u00e9ry, adjoint au maire d\u00e9l\u00e9gu\u00e9 aux sports. Un enjeu essentiel \u00e0 Marseille o\u00f9 pr\u00e8s d\u2019un enfant sur deux ne sait pas nager \u00e0 son entr\u00e9e au coll\u00e8ge, selon la Ville et l\u2019<span class=\"mln_uppercase_mln\">\u00e9<\/span>ducation nationale. Au programme donc pour les enfants\u00a0: dix s\u00e9ances, en petit effectif et encadr\u00e9es par trois ma\u00eetres-nageurs. \u00c0 8\u00a0ans, B\u00e9r\u00e9kia n\u2019\u00e9tait jamais all\u00e9e \u00e0 la piscine, c\u2019\u00e9tait m\u00eame \u00ab\u00a0<i>la peur de sa vie<\/i>\u00a0\u00bb, d\u00e9clare sa m\u00e8re. Apr\u00e8s quatre s\u00e9ances et munie de sa frite rouge, elle n\u2019h\u00e9site pourtant plus \u00e0 se jeter \u00e0 l\u2019eau.<\/p>\n<\/p><\/div>\n<div class=\"intext\"> Vaincre ses peurs\n              <\/div>\n<div class=\"paragraph\">\n<p>Sa m\u00e8re, Joa, ne s\u2019attend pas \u00ab<i>\u00a0<\/i><i>\u00e0 ce qu\u2019elle sache parfaitement nager<\/i><i>\u00a0<\/i>\u00bb, explique-t-elle, \u00ab<i>\u00a0<\/i><i>mais cette \u00e9tape est d\u00e9j\u00e0 encourageante<\/i><i>\u00a0<\/i>\u00bb. Une exp\u00e9rience partag\u00e9e par Rayan. Lui qui n\u2019osait pas se d\u00e9coller du bord du bassin nage d\u00e9sormais d\u2019une extr\u00e9mit\u00e9 \u00e0 l\u2019autre. \u00ab\u00a0<i>Fier de cette progression<\/i>\u00a0\u00bb, affirme-t-il, il souhaite poursuivre la natation.<\/p>\n<p>Le m\u00eame dispositif a \u00e9galement pris place au stade Ganay (9<sup>e<\/sup>), \u00e0 la Croix-Rouge (13<sup>e<\/sup>) et \u00e0 l\u2019espace Mistral (16<sup>e<\/sup>). \u00ab\u00a0<i>Des sites identifi\u00e9s par rapport au manque de piscine \u00e0 proximit\u00e9<\/i>\u00a0\u00bb, explique Eric M\u00e9ry. Au total, c\u2019est pr\u00e8s de deux mille enfants qui devraient pouvoir b\u00e9n\u00e9ficier de ce dispositif durant l\u2019\u00e9t\u00e9.<\/p>\n<p>Fantine Lambey<\/p>\n<\/p><\/div>\n","protected":false},"excerpt":{"rendered":"Jambes tendues, pieds pointus&nbsp;; dans la piscine, les longueurs s&rsquo;encha&icirc;nent pour les enfants. Depuis le 6&nbsp;juillet, un bassin mobile de cinq m&egrave;tres sur dix est apparu dans le parc de Bougainville, au pied des immeubles &#8230;","protected":false},"author":1,"featured_media":35956,"comment_status":"open","ping_status":"open","sticky":false,"template":"","format":"standard","meta":{"footnotes":""},"categories":[3926,3925,20],"tags":[144,10,57,1437,336,16,4434,5394,672,99],"news-destination":[3944],"news-source":[475],"is_homepage":[],"ta_other":[],"class_list":["post-35955","post","type-post","status-publish","format-standard","has-post-thumbnail","hentry","category-accueil-merge","category-accueil-third","category-societe","tag-bassin","tag-bouches-du-rhone","tag-enfants","tag-eric-mery","tag-ete","tag-marseille","tag-marseille-3e-arrondissement","tag-nage","tag-piscine","tag-ville-de-marseille","news-destination-homepage","news-source-website"],"_links":{"self":[{"href":"https:\/\/euapp01.newsmemory.com\/lamarseillaise\/news\/wp-json\/wp\/v2\/posts\/35955","targetHints":{"allow":["GET"]}}],"collection":[{"href":"https:\/\/euapp01.newsmemory.com\/lamarseillaise\/news\/wp-json\/wp\/v2\/posts"}],"about":[{"href":"https:\/\/euapp01.newsmemory.com\/lamarseillaise\/news\/wp-json\/wp\/v2\/types\/post"}],"author":[{"embeddable":true,"href":"https:\/\/euapp01.newsmemory.com\/lamarseillaise\/news\/wp-json\/wp\/v2\/users\/1"}],"replies":[{"embeddable":true,"href":"https:\/\/euapp01.newsmemory.com\/lamarseillaise\/news\/wp-json\/wp\/v2\/comments?post=35955"}],"version-history":[{"count":1,"href":"https:\/\/euapp01.newsmemory.com\/lamarseillaise\/news\/wp-json\/wp\/v2\/posts\/35955\/revisions"}],"predecessor-version":[{"id":35957,"href":"https:\/\/euapp01.newsmemory.com\/lamarseillaise\/news\/wp-json\/wp\/v2\/posts\/35955\/revisions\/35957"}],"wp:featuredmedia":[{"embeddable":true,"href":"https:\/\/euapp01.newsmemory.com\/lamarseillaise\/news\/wp-json\/wp\/v2\/media\/35956"}],"wp:attachment":[{"href":"https:\/\/euapp01.newsmemory.com\/lamarseillaise\/news\/wp-json\/wp\/v2\/media?parent=35955"}],"wp:term":[{"taxonomy":"category","embeddable":true,"href":"https:\/\/euapp01.newsmemory.com\/lamarseillaise\/news\/wp-json\/wp\/v2\/categories?post=35955"},{"taxonomy":"post_tag","embeddable":true,"href":"https:\/\/euapp01.newsmemory.com\/lamarseillaise\/news\/wp-json\/wp\/v2\/tags?post=35955"},{"taxonomy":"news-destination","embeddable":true,"href":"https:\/\/euapp01.newsmemory.com\/lamarseillaise\/news\/wp-json\/wp\/v2\/news-destination?post=35955"},{"taxonomy":"news-source","embeddable":true,"href":"https:\/\/euapp01.newsmemory.com\/lamarseillaise\/news\/wp-json\/wp\/v2\/news-source?post=35955"},{"taxonomy":"is_homepage","embeddable":true,"href":"https:\/\/euapp01.newsmemory.com\/lamarseillaise\/news\/wp-json\/wp\/v2\/is_homepage?post=35955"},{"taxonomy":"ta_other","embeddable":true,"href":"https:\/\/euapp01.newsmemory.com\/lamarseillaise\/news\/wp-json\/wp\/v2\/ta_other?post=35955"}],"curies":[{"name":"wp","href":"https:\/\/api.w.org\/{rel}","templated":true}]}}