{"id":35952,"date":"2026-07-10T08:41:00","date_gmt":"2026-07-10T06:41:00","guid":{"rendered":"https:\/\/euapp01.newsmemory.com\/lamarseillaise\/news\/?p=35952"},"modified":"2026-07-16T08:02:55","modified_gmt":"2026-07-16T06:02:55","slug":"les-syndicats-alertent-de-la-fermeture-de-lhopital-prive-vert-coteau","status":"publish","type":"post","link":"https:\/\/euapp01.newsmemory.com\/lamarseillaise\/news\/2026\/07\/10\/les-syndicats-alertent-de-la-fermeture-de-lhopital-prive-vert-coteau\/","title":{"rendered":"Les syndicats alertent de la fermeture de l\u2019h\u00f4pital priv\u00e9 Vert Coteau"},"content":{"rendered":"<div class=\"paragraph\">\n<p>\u00ab <i>O<\/i><i>n est tr\u00e8s pr\u00e9occup\u00e9s pour les salari\u00e9s<\/i>\u00a0\u00bb, mart\u00e8le Karine Cheniclet, secr\u00e9taire m\u00e9dicale \u00e0 l\u2019h\u00f4pital priv\u00e9 Vert Coteau et d\u00e9l\u00e9gu\u00e9e syndicale centrale Unsa du groupe Sainte-Marguerite, ce jeudi. Les sept h\u00f4pitaux priv\u00e9s avaient \u00e9t\u00e9 rachet\u00e9s le 3 f\u00e9vrier 2026 par Almaviva. Cinq mois plus tard, les salari\u00e9s ont appris le projet du groupe\u00a0: fermer progressivement l\u2019h\u00f4pital priv\u00e9 Vert Coteau d\u2019ici juin\u00a02027.<\/p>\n<\/p><\/div>\n<div class=\"intext\"> Le risque de suppression d\u2019emplois\n              <\/div>\n<div class=\"paragraph\">\n<p>\u00ab\u00a0<i>Sur les 239 salari\u00e9s, 80% seraient transf\u00e9r\u00e9s \u00e0 l\u2019h\u00f4pital priv\u00e9 Beauregard<\/i>\u00a0\u00bb, explique Sandrine Cartier, aide-soignante retrait\u00e9e de Beauregard et \u00e9lue CGT \u00e0 Sainte-Marguerite. \u00ab\u00a0<i>Les 20 % restants seraient r\u00e9partis dans les autres h\u00f4pitaux du groupe<\/i><i>\u00a0<\/i>\u00bb, ajoute-t-elle.<\/p>\n<p>Pour assurer le transfert des salari\u00e9s, Almaviva doit obtenir une autorisation officielle de l\u2019Agence r\u00e9gionale de Sant\u00e9. \u00ab<i>\u00a0<\/i><i>Le probl\u00e8me, c\u2019est qu\u2019ils ne l\u2019ont pas<\/i>\u00a0\u00bb, affirme Ga\u00ebtan Fine, pr\u00e9parateur en pharmacie et \u00e9lu Unsa \u00e0 Vert Coteau. Almaviva d\u00e9clare attendre la fin du processus de consultation des instances repr\u00e9sentatives du personnel avant de d\u00e9poser le dossier \u00e0 l\u2019ARS.<\/p>\n<p>\u00ab\u00a0<i>Il y a une zone grise dangereuse pour les salari\u00e9s<\/i><i>\u00a0<\/i>\u00bb, s\u2019indigne Karine Cheniclet. Les d\u00e9l\u00e9gu\u00e9s syndicaux craignent le pire pour les employ\u00e9s mais ils assurent souhaiter des r\u00e9ponses de la part de la direction. Almaviva affirme vouloir trouver \u00ab\u00a0<i>les meilleures solutions pour l\u2019ensemble des salari\u00e9s, quelles que soient les \u00e9tapes \u00e0 venir<\/i>\u00a0\u00bb.<\/p>\n<\/p><\/div>\n","protected":false},"excerpt":{"rendered":"&laquo; On est tr&egrave;s pr&eacute;occup&eacute;s pour les salari&eacute;s&nbsp;&raquo;, mart&egrave;le Karine Cheniclet, secr&eacute;taire m&eacute;dicale &agrave; l&rsquo;h&ocirc;pital priv&eacute; Vert Coteau et d&eacute;l&eacute;gu&eacute;e &#8230;","protected":false},"author":1,"featured_media":35953,"comment_status":"open","ping_status":"open","sticky":false,"template":"","format":"standard","meta":{"footnotes":""},"categories":[3926,3925,331],"tags":[5049,1129,10,105,1501,362,16,5050,962,256,364],"news-destination":[3944],"news-source":[475],"is_homepage":[],"ta_other":[],"class_list":["post-35952","post","type-post","status-publish","format-standard","has-post-thumbnail","hentry","category-accueil-merge","category-accueil-third","category-social","tag-almaviva","tag-ars","tag-bouches-du-rhone","tag-fermeture","tag-hopital","tag-hopitaux","tag-marseille","tag-sainte-marguerite","tag-salaries","tag-sante","tag-syndicats","news-destination-homepage","news-source-website"],"_links":{"self":[{"href":"https:\/\/euapp01.newsmemory.com\/lamarseillaise\/news\/wp-json\/wp\/v2\/posts\/35952","targetHints":{"allow":["GET"]}}],"collection":[{"href":"https:\/\/euapp01.newsmemory.com\/lamarseillaise\/news\/wp-json\/wp\/v2\/posts"}],"about":[{"href":"https:\/\/euapp01.newsmemory.com\/lamarseillaise\/news\/wp-json\/wp\/v2\/types\/post"}],"author":[{"embeddable":true,"href":"https:\/\/euapp01.newsmemory.com\/lamarseillaise\/news\/wp-json\/wp\/v2\/users\/1"}],"replies":[{"embeddable":true,"href":"https:\/\/euapp01.newsmemory.com\/lamarseillaise\/news\/wp-json\/wp\/v2\/comments?post=35952"}],"version-history":[{"count":1,"href":"https:\/\/euapp01.newsmemory.com\/lamarseillaise\/news\/wp-json\/wp\/v2\/posts\/35952\/revisions"}],"predecessor-version":[{"id":35954,"href":"https:\/\/euapp01.newsmemory.com\/lamarseillaise\/news\/wp-json\/wp\/v2\/posts\/35952\/revisions\/35954"}],"wp:featuredmedia":[{"embeddable":true,"href":"https:\/\/euapp01.newsmemory.com\/lamarseillaise\/news\/wp-json\/wp\/v2\/media\/35953"}],"wp:attachment":[{"href":"https:\/\/euapp01.newsmemory.com\/lamarseillaise\/news\/wp-json\/wp\/v2\/media?parent=35952"}],"wp:term":[{"taxonomy":"category","embeddable":true,"href":"https:\/\/euapp01.newsmemory.com\/lamarseillaise\/news\/wp-json\/wp\/v2\/categories?post=35952"},{"taxonomy":"post_tag","embeddable":true,"href":"https:\/\/euapp01.newsmemory.com\/lamarseillaise\/news\/wp-json\/wp\/v2\/tags?post=35952"},{"taxonomy":"news-destination","embeddable":true,"href":"https:\/\/euapp01.newsmemory.com\/lamarseillaise\/news\/wp-json\/wp\/v2\/news-destination?post=35952"},{"taxonomy":"news-source","embeddable":true,"href":"https:\/\/euapp01.newsmemory.com\/lamarseillaise\/news\/wp-json\/wp\/v2\/news-source?post=35952"},{"taxonomy":"is_homepage","embeddable":true,"href":"https:\/\/euapp01.newsmemory.com\/lamarseillaise\/news\/wp-json\/wp\/v2\/is_homepage?post=35952"},{"taxonomy":"ta_other","embeddable":true,"href":"https:\/\/euapp01.newsmemory.com\/lamarseillaise\/news\/wp-json\/wp\/v2\/ta_other?post=35952"}],"curies":[{"name":"wp","href":"https:\/\/api.w.org\/{rel}","templated":true}]}}