{"id":35949,"date":"2026-07-10T08:22:00","date_gmt":"2026-07-10T06:22:00","guid":{"rendered":"https:\/\/euapp01.newsmemory.com\/lamarseillaise\/news\/?p=35949"},"modified":"2026-07-13T09:06:19","modified_gmt":"2026-07-13T07:06:19","slug":"entretien-keny-arkana-je-brule-je-finis-en-cendres-et-je-renais","status":"publish","type":"post","link":"https:\/\/euapp01.newsmemory.com\/lamarseillaise\/news\/2026\/07\/10\/entretien-keny-arkana-je-brule-je-finis-en-cendres-et-je-renais\/","title":{"rendered":"[Entretien] Keny Arkana : \u00ab&nbsp;Je br\u00fble, je finis en cendres et je renais&nbsp;\u00bb"},"content":{"rendered":"<div class=\"paragraph\">\n<p><b>La Marseillaise<\/b><b>\u00a0<\/b><b>:<\/b> <a href=\"https:\/\/www.lamarseillaise.fr\/culture\/keny-arkana-la-rage-intacte-avant-l-exode-XY7001660\"><b>Apr\u00e8s la sortie de votre mixtape \u00ab<\/b><b>\u00a0<\/b><b>Avant l\u2019exode<\/b><b>\u00a0<\/b><b>\u00bb, en 2021<\/b><\/a><b>, vous avez observ\u00e9 un silence m\u00e9diatique. Qu\u2019avez-vous fait ces derni\u00e8res ann\u00e9es<\/b><b>\u00a0<\/b><b>?<\/b><\/p>\n<p>Keny Arkana\u00a0: Je suis partie de France en 2021 et ne suis revenue qu\u2019en juin dernier. J\u2019ai pass\u00e9 cinq ans au Mexique. La premi\u00e8re ann\u00e9e, j\u2019\u00e9tais un peu \u00e0 droite \u00e0 gauche, puis je me suis pos\u00e9e en 2023. J\u2019avais une partie de mon matos avec moi, j\u2019ai fait mon petit studio\u00a0: ordi, compresseur, micro, enceinte&#8230; et je n\u2019ai pas arr\u00eat\u00e9 de faire du son toute seule\u00a0: des instrus aux textes en passant par les enregistrements. J\u2019ai \u00e9norm\u00e9ment de chansons de c\u00f4t\u00e9 donc j\u2019aimerais bien sortir un album dans l\u2019ann\u00e9e qui arrive. Et puis, comme les artistes comme moi sont un peu boycott\u00e9s, je me suis dit que \u00e7a serait bien de montrer au public que je suis encore l\u00e0.<\/p>\n<p><b>Depuis vos d\u00e9buts dans les ann\u00e9es<\/b><b>\u00a0<\/b><b>2000, votre carri\u00e8re et discographie alternent souvent entre les p\u00e9riodes hyperprolifiques et des parenth\u00e8ses hors des radars de plusieurs ann\u00e9es. Vous renaissez \u00e0 chaque fois comme un ph\u00e9nix en fait<\/b><b>\u00a0<\/b><b>?<\/b><\/p>\n<p>K.A.\u00a0: La v\u00e9rit\u00e9, c\u2019est que je n\u2019ai jamais eu vraiment de manager autour de moi. Ce qui explique que, souvent apr\u00e8s la sortie d\u2019un album et d\u2019une tourn\u00e9e, je finissais en gros burn-out. J\u2019\u00e9tais aussi souvent en fight avec ma maison de disques \u00e0 l\u2019\u00e9poque. Cette industrie me gavait. J\u2019ai toujours \u00e9t\u00e9 sur tous les fronts, je n\u2019ai jamais eu le luxe d\u2019\u00eatre juste une artiste. Durant toutes ces ann\u00e9es, je me suis toujours battue pour ne pas \u00eatre un produit et garder mon int\u00e9grit\u00e9. Apr\u00e8s, m\u00eame si j\u2019ai des p\u00e9riodes d\u2019inactivit\u00e9 publique, je fais toujours de la musique, j\u2019ai des disques durs pleins de morceaux. Mais, \u00e0 force de tout faire, les albums et les tourn\u00e9es, je finis en burn-out et ciao. Je br\u00fble, je finis en cendres et je renais.<\/p>\n<p><b>\u00cates-vous aussi partie au Mexique parce que Marseille vous gonflait<\/b><b>\u00a0<\/b><b>?<\/b><\/p>\n<p>K.A.\u00a0: Ce n\u2019est pas Marseille qui me gonfle mais la France. Je suis partie \u00e0 l\u2019\u00e9poque du \u00ab\u00a0passe sanitaire\u00a0\u00bb. \u00c0 Marseille, pendant le confinement, \u00e7a allait \u00e0 peu pr\u00e8s car il n\u2019y avait pas trop de s\u00e9gr\u00e9gation. Mais j\u2019ai surtout mal v\u00e9cu le retournement de veste du peuple fran\u00e7ais. Si je me sens mal quelque part, et m\u00eame si c\u2019est chez moi, je me casse. Moi, je suis bien \u00e0 Marseille, je n\u2019ai pas de probl\u00e8me ici. Mais vraiment, ce qui m\u2019a gonfl\u00e9, c\u2019est la France, la macronie, tous ces gens qui font du mal au peuple.<\/p>\n<p><b>Vous avez mis en ligne il y a trois mois un nouveau titre, \u00ab<\/b><b>\u00a0<\/b><b>Quelque chose de pur a surv\u00e9cu<\/b><b>\u00a0<\/b><b>\u00bb&#8230;<\/b><\/p>\n<p>K.A.\u00a0: J\u2019y parle des gens comme moi, qui ont travers\u00e9 des \u00e9preuves depuis l\u2019enfance et qui, malgr\u00e9 tout, ont fait preuve de r\u00e9silience. On a gard\u00e9 un truc pur en nous.<\/p>\n<p><b>Gr\u00e2ce \u00e0 quoi n\u2019avez-vous pas sombr\u00e9<\/b><b>\u00a0<\/b><b>?<\/b><\/p>\n<p>K.A.\u00a0: D\u00e9j\u00e0, j\u2019ai la foi. J\u2019arrive encore \u00e0 m\u2019\u00e9merveiller des belles choses de la vie. C\u2019est la racine de mon engagement, de mon c\u00f4t\u00e9 antisyst\u00e8me, de mon militantisme. Cela m\u2019a toujours donn\u00e9 de la force par rapport \u00e0 la douleur et \u00e0 l\u2019obscurit\u00e9 de ce monde. Je ne suis pas habit\u00e9e par la peur et j\u2019essaie de cultiver cela. Je me consid\u00e8re comme un \u00eatre spirituel avant tout, avant m\u00eame d\u2019\u00eatre un \u00eatre social.<\/p>\n<p><b>Est-ce que le mouvement zapatiste au Chiapas, cette r\u00e9gion pauvre du Sud du Mexique, avec qui vous \u00eates en lien depuis 20<\/b><b>\u00a0<\/b><b>ans, vous a aussi aid\u00e9 \u00e0 tenir le<\/b><b>\u00a0<\/b><b>coup<\/b><b>\u00a0<\/b><b>?<\/b><\/p>\n<p>K.A.\u00a0: Depuis cette p\u00e9riode, nous sommes toujours en contact \u00e9troit. Marcos [le \u00ab\u00a0sous-commandant\u00a0\u00bb et figure de l\u2019Arm\u00e9e zapatiste de lib\u00e9ration nationale, Ndlr.] ainsi que tous ses camarades sont des gens vraiment importants dans ma vie. Notre relation a travers\u00e9 les ann\u00e9es. Souvent, ils me font des clins d\u2019\u0153il dans leurs communiqu\u00e9s, et moi, je leur en fais dans mes morceaux. Ce sont mes fr\u00e8res de lutte. Ce n\u2019est bien s\u00fbr pas un hasard que je sois all\u00e9e au Mexique car j\u2019ai finalement un lien plus profond avec eux qu\u2019avec mes propres origines.<\/p>\n<p><b>Inspir\u00e9s par le socialisme libertaire et l\u2019autogestion, les Zapatistes du Chiapas continuent de d\u00e9fendre leurs terres mais le gouvernement mexicain ne cesse pas ses coups contre eux&#8230; <\/b><\/p>\n<p>K.A.\u00a0: Oui, et depuis toujours. Derri\u00e8re leur lutte, il y a aussi toute une spiritualit\u00e9, quelque chose de tr\u00e8s profond envers les humains, la nature, les animaux\u00a0: la vie quoi. Cela fait des d\u00e9cennies qu\u2019ils construisent une autonomie, c\u2019est un exemple. \u00c0 mes yeux, c\u2019est presque le seul exemple d\u2019un peuple qui s\u2019est construit dans l\u2019autonomie totale par rapport au syst\u00e8me actuel. Ils ont fait \u00e9norm\u00e9ment de belles choses dont il faut s\u2019inspirer.<\/p>\n<p><b>Pour revenir \u00e0 un aspect plus musical, vos derniers titres montrent qu\u2019en plus du rap, vous vous laissez de plus en plus aller au chant&#8230; <\/b><\/p>\n<p>K.A.\u00a0: J\u2019ai toujours chantonn\u00e9, m\u00eame sur mon premier album [<i>Entre ciment et belle \u00e9toile<\/i>, 2006]. J\u2019essaye d\u2019aller au bout de mes d\u00e9lires musicaux. Mais ce qui change aujourd\u2019hui, c\u2019est que je produis tout au niveau de mes instrus\u00a0: je peux donc aller encore plus loin. J\u2019ai depuis toujours eu des influences musicales plus larges que le seul rap. J\u2019aime la musique en g\u00e9n\u00e9ral, donc la m\u00e9lodie aussi. J\u2019ai la m\u00eame bande de musiciens avec moi depuis 2012. D\u00e9sormais, \u00e7a se fait un peu plus car le rap est devenu plus m\u00e9lodieux.<\/p>\n<p><b>Vous vous produisez vendredi 10<\/b><b>\u00a0<\/b><b>juillet \u00e0 Vitrolles, au cours d\u2019une soir\u00e9e tr\u00e8s marseillaise avec notamment Le Rat Luciano et Massilia Sound System. Quel est votre rapport \u00e0 eux<\/b><b>\u00a0<\/b><b>?<\/b><\/p>\n<p>K.A.\u00a0: Cette soir\u00e9e, \u00e7a tue. Avec Luch\u2019 [L\u2019un des surnoms du Rat Luciano, Ndlr.], on n\u2019a jamais officiellement fait de morceaux, mais je l\u2019ai toujours crois\u00e9 en centre-ville. Pour l\u2019anecdote, quand j\u2019\u00e9tais petite, encore mineure, et qui lui \u00e9tait une star de la Fonky Family, je suis all\u00e9e quelques fois chez lui au Panier. Il m\u2019a fait des instrus alors que moi, j\u2019\u00e9tais une petite anonyme. Ce mec est une l\u00e9gende, l\u2019un des plus grands rappeurs de France, voire le plus grand. Et c\u2019est surtout un exemple d\u2019humanit\u00e9. \u00c0 l\u2019\u00e9poque, j\u2019\u00e9tais juste une petite du centre-ville, tout le monde s\u2019en battait les couilles de moi, et lui prenait le temps pour me faire des sons. Et je ne suis pas la seule dans ce cas, il a aid\u00e9 plein de petits \u00e0 l\u2019\u00e9poque. Quant \u00e0 Massilia Sound System, je les consid\u00e8re comme des grands fr\u00e8res. Pour moi, \u00e7a repr\u00e9sente les sardinades de la Plaine et tout le reste. On a d\u00e9j\u00e0 fait des festivals en commun. C\u2019est la famille.<\/p>\n<p>Entretien r\u00e9alis\u00e9 par Philippe Amsellem<\/p>\n<\/p><\/div>\n<div class=\"paragraph\">\n<p><b>Hip-hop, folk et pop fleurissent Jardin Sonore \u00e0 Vitrolles<\/b><\/p>\n<p>\u00ab <i>Deux jours, comme un temps de rencontres musicales entre les t\u00eates d\u2019affiche et les plus \u00e9mergents<\/i> \u00bb, r\u00e9sume Alexandre Langlais, directeur du festival Jardin Sonore dont la 9e \u00e9dition se d\u00e9ploie les 10 et 11 juillet au Domaine de Fontblanche. Au menu, vendredi soir, un plateau tr\u00e8s marseillais avec les tauliers du raggamuffin Massilia Sound System et le rappeur le plus l\u00e9gendaire de la ville, Le Rat Luciano, r\u00e9cemment \u00e0 l\u2019origine de l\u2019album <i>Magma<\/i>, 26 ans apr\u00e8s son classique <i>Mode de vie b\u00e9ton style<\/i>. La rappeuse colombienne Valentina ou encore le MC marseillais Allen Akino seront aussi de la partie. Davantage port\u00e9e pop, folk et \u00e9lectro, la soir\u00e9e du samedi verra la venue du groupe Lilly wood and the prick, mais aussi d\u2019Angus &#038; Julia Stone ou Ben Mazu\u00e9.<\/p>\n<p><i><a rel=\"nofollow noopener noreferrer\" href=\"https:\/\/jardinsonorefestival.com\/\" target=\"_blank\">www.jardinsonorefestival.com<\/a><\/i><\/p>\n<\/p><\/div>\n","protected":false},"excerpt":{"rendered":"La Marseillaise&nbsp;: Apr&egrave;s la sortie de votre mixtape &laquo;&nbsp;Avant l&rsquo;exode&nbsp;&raquo;, en 2021, vous avez observ&eacute; un silence m&eacute;diatique. Qu&rsquo;avez-vous fait ces derni&egrave;res ann&eacute;es&nbsp;?","protected":false},"author":1,"featured_media":35950,"comment_status":"open","ping_status":"open","sticky":false,"template":"","format":"standard","meta":{"footnotes":""},"categories":[3926,3925,32],"tags":[10,343,329,16,325,3189,1363],"news-destination":[3944],"news-source":[475],"is_homepage":[],"ta_other":[],"class_list":["post-35949","post","type-post","status-publish","format-standard","has-post-thumbnail","hentry","category-accueil-merge","category-accueil-third","category-culture","tag-bouches-du-rhone","tag-entretien","tag-festival","tag-marseille","tag-musique","tag-rap","tag-vitrolles","news-destination-homepage","news-source-website"],"_links":{"self":[{"href":"https:\/\/euapp01.newsmemory.com\/lamarseillaise\/news\/wp-json\/wp\/v2\/posts\/35949","targetHints":{"allow":["GET"]}}],"collection":[{"href":"https:\/\/euapp01.newsmemory.com\/lamarseillaise\/news\/wp-json\/wp\/v2\/posts"}],"about":[{"href":"https:\/\/euapp01.newsmemory.com\/lamarseillaise\/news\/wp-json\/wp\/v2\/types\/post"}],"author":[{"embeddable":true,"href":"https:\/\/euapp01.newsmemory.com\/lamarseillaise\/news\/wp-json\/wp\/v2\/users\/1"}],"replies":[{"embeddable":true,"href":"https:\/\/euapp01.newsmemory.com\/lamarseillaise\/news\/wp-json\/wp\/v2\/comments?post=35949"}],"version-history":[{"count":1,"href":"https:\/\/euapp01.newsmemory.com\/lamarseillaise\/news\/wp-json\/wp\/v2\/posts\/35949\/revisions"}],"predecessor-version":[{"id":35951,"href":"https:\/\/euapp01.newsmemory.com\/lamarseillaise\/news\/wp-json\/wp\/v2\/posts\/35949\/revisions\/35951"}],"wp:featuredmedia":[{"embeddable":true,"href":"https:\/\/euapp01.newsmemory.com\/lamarseillaise\/news\/wp-json\/wp\/v2\/media\/35950"}],"wp:attachment":[{"href":"https:\/\/euapp01.newsmemory.com\/lamarseillaise\/news\/wp-json\/wp\/v2\/media?parent=35949"}],"wp:term":[{"taxonomy":"category","embeddable":true,"href":"https:\/\/euapp01.newsmemory.com\/lamarseillaise\/news\/wp-json\/wp\/v2\/categories?post=35949"},{"taxonomy":"post_tag","embeddable":true,"href":"https:\/\/euapp01.newsmemory.com\/lamarseillaise\/news\/wp-json\/wp\/v2\/tags?post=35949"},{"taxonomy":"news-destination","embeddable":true,"href":"https:\/\/euapp01.newsmemory.com\/lamarseillaise\/news\/wp-json\/wp\/v2\/news-destination?post=35949"},{"taxonomy":"news-source","embeddable":true,"href":"https:\/\/euapp01.newsmemory.com\/lamarseillaise\/news\/wp-json\/wp\/v2\/news-source?post=35949"},{"taxonomy":"is_homepage","embeddable":true,"href":"https:\/\/euapp01.newsmemory.com\/lamarseillaise\/news\/wp-json\/wp\/v2\/is_homepage?post=35949"},{"taxonomy":"ta_other","embeddable":true,"href":"https:\/\/euapp01.newsmemory.com\/lamarseillaise\/news\/wp-json\/wp\/v2\/ta_other?post=35949"}],"curies":[{"name":"wp","href":"https:\/\/api.w.org\/{rel}","templated":true}]}}