{"id":35946,"date":"2026-07-09T09:18:00","date_gmt":"2026-07-09T07:18:00","guid":{"rendered":"https:\/\/euapp01.newsmemory.com\/lamarseillaise\/news\/?p=35946"},"modified":"2026-07-10T08:13:43","modified_gmt":"2026-07-10T06:13:43","slug":"a-nimes-les-traditions-camarguaises-a-lhonneur","status":"publish","type":"post","link":"https:\/\/euapp01.newsmemory.com\/lamarseillaise\/news\/2026\/07\/09\/a-nimes-les-traditions-camarguaises-a-lhonneur\/","title":{"rendered":"\u00c0 N\u00eemes, les traditions camarguaises \u00e0 l\u2019honneur"},"content":{"rendered":"<div class=\"paragraph\">\n<p>La soci\u00e9t\u00e9 Cassas And Co, dont la d\u00e9l\u00e9gation \u00e0 l\u2019organisation des spectacles tauromachiques des ar\u00e8nes de N\u00eemes a \u00e9t\u00e9 renouvel\u00e9e pour quatre ans en 2025, a d\u00e9voil\u00e9 sa programmation pour le mois d\u2019ao\u00fbt. Deux courses camarguaises sont au programme pour le Grand Prix de la Ville de N\u00eemes, inscrit au Troph\u00e9e des As. Elles se tiendront les jeudis\u00a013 et 20\u00a0ao\u00fbt \u00e0 18h, en pr\u00e9sence des raseteurs parmi les meilleurs du moment\u00a0: Youssef Zekraoui, Tom Charrade, Lucas Lopez, Leandro Leal, Milan Boukharta, Ziko Katif (quintuple champion de France) et le champion en titre, Joachim Cadenas.<\/p>\n<p><b>Voltige \u00e9questre<\/b><\/p>\n<p>Le 14\u00a0ao\u00fbt, \u00e0 21h, un autre rendez-vous tr\u00e8s attendu se tiendra aux ar\u00e8nes avec le spectacle \u00e9questre \u00ab\u00a0Lorenzo &#038; Friends\u00a0\u00bb. \u00ab<i>\u00a0<\/i><i>Lorenzo est un voltigeur camarguais \u00e0 la carri\u00e8re internationale, v\u00e9ritable cador du milieu des spectacles \u00e9questres,<\/i> pr\u00e9cise Hadrien Poujol, codirecteur des ar\u00e8nes de N\u00eemes. <i>Nous l\u2019avons d\u00e9j\u00e0 fait venir l\u2019ann\u00e9e derni\u00e8re et c\u2019est du tr\u00e8s haut niveau, notamment en termes de dressage.<\/i><i>\u00a0<\/i>\u00bb Son num\u00e9ro sera accompagn\u00e9 de ceux d\u2019Hasta Luego, c\u00e9l\u00e8bre manadier camarguais, et de Renaud Vinuesa.<\/p>\n<p>Pour cl\u00f4turer la saison, les Grandes Olympiades des Gardians auront lieu le vendredi 21\u00a0ao\u00fbt \u00e0 21h. La manade Vinuesa y remettra son titre en jeu, face aux manades Gillet, Robert Michel, Lafon et Arlatenco.<\/p>\n<\/p><\/div>\n<div class=\"paragraph\">\n<p><b><span class=\"mln_small-caps_mln\"><\/span><\/b><\/p>\n<p><i>* R\u00e9servations<\/i><i>\u00a0<\/i><i>: <a rel=\"nofollow noopener noreferrer\" href=\"https:\/\/www.arenes-nimes.com\/\" target=\"_blank\">www.arenes-nimes.com<\/a><\/i><\/p>\n<\/p><\/div>\n","protected":false},"excerpt":{"rendered":"La soci&eacute;t&eacute; Cassas And Co, dont la d&eacute;l&eacute;gation &agrave; l&rsquo;organisation des spectacles tauromachiques des ar&egrave;nes de N&icirc;mes a &eacute;t&eacute; renouvel&eacute;e pour quatre ans en 2025, a &#8230;","protected":false},"author":1,"featured_media":35947,"comment_status":"open","ping_status":"open","sticky":false,"template":"","format":"standard","meta":{"footnotes":""},"categories":[32],"tags":[5387,238,3648,241,1137,3560,5598,6059],"news-destination":[],"news-source":[475],"is_homepage":[],"ta_other":[],"class_list":["post-35946","post","type-post","status-publish","format-standard","has-post-thumbnail","hentry","category-culture","tag-arenes-de-nimes","tag-gard","tag-manades","tag-nimes","tag-spectacles","tag-taureaux","tag-tauromachie","tag-trophee-des-as","news-source-website"],"_links":{"self":[{"href":"https:\/\/euapp01.newsmemory.com\/lamarseillaise\/news\/wp-json\/wp\/v2\/posts\/35946","targetHints":{"allow":["GET"]}}],"collection":[{"href":"https:\/\/euapp01.newsmemory.com\/lamarseillaise\/news\/wp-json\/wp\/v2\/posts"}],"about":[{"href":"https:\/\/euapp01.newsmemory.com\/lamarseillaise\/news\/wp-json\/wp\/v2\/types\/post"}],"author":[{"embeddable":true,"href":"https:\/\/euapp01.newsmemory.com\/lamarseillaise\/news\/wp-json\/wp\/v2\/users\/1"}],"replies":[{"embeddable":true,"href":"https:\/\/euapp01.newsmemory.com\/lamarseillaise\/news\/wp-json\/wp\/v2\/comments?post=35946"}],"version-history":[{"count":1,"href":"https:\/\/euapp01.newsmemory.com\/lamarseillaise\/news\/wp-json\/wp\/v2\/posts\/35946\/revisions"}],"predecessor-version":[{"id":35948,"href":"https:\/\/euapp01.newsmemory.com\/lamarseillaise\/news\/wp-json\/wp\/v2\/posts\/35946\/revisions\/35948"}],"wp:featuredmedia":[{"embeddable":true,"href":"https:\/\/euapp01.newsmemory.com\/lamarseillaise\/news\/wp-json\/wp\/v2\/media\/35947"}],"wp:attachment":[{"href":"https:\/\/euapp01.newsmemory.com\/lamarseillaise\/news\/wp-json\/wp\/v2\/media?parent=35946"}],"wp:term":[{"taxonomy":"category","embeddable":true,"href":"https:\/\/euapp01.newsmemory.com\/lamarseillaise\/news\/wp-json\/wp\/v2\/categories?post=35946"},{"taxonomy":"post_tag","embeddable":true,"href":"https:\/\/euapp01.newsmemory.com\/lamarseillaise\/news\/wp-json\/wp\/v2\/tags?post=35946"},{"taxonomy":"news-destination","embeddable":true,"href":"https:\/\/euapp01.newsmemory.com\/lamarseillaise\/news\/wp-json\/wp\/v2\/news-destination?post=35946"},{"taxonomy":"news-source","embeddable":true,"href":"https:\/\/euapp01.newsmemory.com\/lamarseillaise\/news\/wp-json\/wp\/v2\/news-source?post=35946"},{"taxonomy":"is_homepage","embeddable":true,"href":"https:\/\/euapp01.newsmemory.com\/lamarseillaise\/news\/wp-json\/wp\/v2\/is_homepage?post=35946"},{"taxonomy":"ta_other","embeddable":true,"href":"https:\/\/euapp01.newsmemory.com\/lamarseillaise\/news\/wp-json\/wp\/v2\/ta_other?post=35946"}],"curies":[{"name":"wp","href":"https:\/\/api.w.org\/{rel}","templated":true}]}}