{"id":35940,"date":"2026-07-10T07:55:00","date_gmt":"2026-07-10T05:55:00","guid":{"rendered":"https:\/\/euapp01.newsmemory.com\/lamarseillaise\/news\/?p=35940"},"modified":"2026-07-10T10:08:42","modified_gmt":"2026-07-10T08:08:42","slug":"avignon-off-coupables-ou-non-coupables","status":"publish","type":"post","link":"https:\/\/euapp01.newsmemory.com\/lamarseillaise\/news\/2026\/07\/10\/avignon-off-coupables-ou-non-coupables\/","title":{"rendered":"[Avignon off] Coupables ou non coupables&nbsp;?"},"content":{"rendered":"<div class=\"paragraph\">\n<p>Que deviennent les enveloppes corporelles enferm\u00e9es dans leur cercueil, et d\u00e9pos\u00e9es sous terre\u00a0? voil\u00e0 une interrogation qui a titill\u00e9 bien des \u00e9crivains et auteurs de th\u00e9\u00e2tre. Jean-Paul Sartre trace un <i>Huis Clos<\/i> \u00e9touffant, Ren\u00e9 de\u00a0Obaldia exhume deux squelettes f\u00e9minins condamn\u00e9s \u00e0 cohabiter (<i>Grasse Matin\u00e9e<\/i>)&#8230; Aujourd\u2019hui Aur\u00e9lie Camus ne prend aucun gant pour d\u00e9terrer Amaury et Gaspard, condamn\u00e9s, faute de place dans le tombeau familial, \u00e0 une r\u00e9duction de corps qui les placera&#8230; l\u2019un \u00e0 c\u00f4t\u00e9 de l\u2019autre. Une promiscuit\u00e9 d\u00e9rangeante pour ces deux cousins ennemis. Ils n\u2019appr\u00e9cient gu\u00e8re cette situation conflictuelle mais, pour \u00ab\u00a0tuer\u00a0\u00bb le temps ils n\u2019ont d\u2019autre \u00e9chappatoire que d\u2019engager la conversation, s\u2019ouvrir \u00e0 la discussion. De souvenirs charmants, en bagarres d\u00e9risoires et en injures au vitriol, ils s\u2019engagent inconsciemment dans une psychanalyse pointue pour d\u00e9busquer et vaincre la culpabilit\u00e9 \u00ab\u00a0mortelle\u00a0\u00bb que tous deux ont v\u00e9cue\u00a0: l\u2019un parce qu\u2019accus\u00e9 du d\u00e9c\u00e8s de sa m\u00e8re \u00e0 l\u2019accouchement, l\u2019autre pour dissimulation de son orientation sexuelle apr\u00e8s avoir fait deux enfants \u00e0 sa femme (\u00e0 v\u00e9rifier\u00a0!). De propos tendus \u00e0 d\u2019amusants flashbacks sur les points n\u00e9vralgiques de leur courte existence, Aur\u00e9lie Camus, qui assume tous les r\u00f4les f\u00e9minins avec un plaisir qui saute aux yeux, brode une com\u00e9die zinzin o\u00f9 l\u2019on rit franchement tant les situations surprennent, ourl\u00e9es de dialogues piquants, et bifurque discr\u00e8tement dans l\u2019\u00e9motion. La sc\u00e9nographie de J\u00e9r\u00f4me Sauvion accentue la bizarrerie du propos avec un d\u00e9cor \u00e0 transformation qui \u00e9vite tout temps morts. L\u2019action va bon train, Aur\u00e9lie (encore elle\u00a0!) signe une mise en sc\u00e8ne \u00e0 l\u2019image de sa pi\u00e8ce\u00a0: tonique, ironique. Apr\u00e8s <i>Yaourt et Chocolat<\/i>, <i>Rassemblez les corps<\/i><i>\u00a0<\/i><i>!<\/i> est sa deuxi\u00e8me pi\u00e8ce qui accuse encore quelques maladresses mais privil\u00e9gie une spontan\u00e9it\u00e9 qu\u2019on lui souhaite de ne pas perdre dans ses pi\u00e8ces futures. Ajoutons qu\u2019elle est admirablement servie par Julien Debuys et Simon Jouannot, jeunes com\u00e9diens passionnants et passionn\u00e9s qui transmettent leur amour du jeu \u00e0 un public conquis. Leur complicit\u00e9 sur sc\u00e8ne renforce une empathie imm\u00e9diate\u00a0: sourires mordants, \u0153il enflamm\u00e9, voil\u00e0 des morts qu\u2019on aimerait bien c\u00f4toy\u00e9s\u00a0! <i>Rassemblez les corps<\/i><i>\u00a0<\/i><i>!<\/i> rassemble un trio gagnant dans une partie macabre d\u2019o\u00f9 les morts sortent en grands vainqueurs.<\/p>\n<\/p><\/div>\n<div class=\"paragraph\">\n<p><i>\u00ab<\/i><i>\u00a0<\/i><i>Rassemblez les corps<\/i><i>\u00a0<\/i><i>!<\/i><i>\u00a0<\/i><i>\u00bb <br \/>tous les jours, sauf lundi, <br \/>\u00e0 17h30 \u00e0 l\u2019\u00c9pisc\u00e8ne.<\/i><\/p>\n<\/p><\/div>\n","protected":false},"excerpt":{"rendered":"Que deviennent les enveloppes corporelles enferm&eacute;es dans leur cercueil, et d&eacute;pos&eacute;es sous terre&nbsp;? voil&agrave; une interrogation qui a titill&eacute; bien des &eacute;crivains et auteurs de th&eacute;&acirc;tre. Jean-Paul &#8230;","protected":false},"author":1,"featured_media":35941,"comment_status":"open","ping_status":"open","sticky":false,"template":"","format":"standard","meta":{"footnotes":""},"categories":[32],"tags":[174,329,186,188,1241,171],"news-destination":[],"news-source":[475],"is_homepage":[],"ta_other":[],"class_list":["post-35940","post","type-post","status-publish","format-standard","has-post-thumbnail","hentry","category-culture","tag-avignon","tag-festival","tag-festival-davignon-off","tag-spectacle-vivant","tag-theatre","tag-vaucluse","news-source-website"],"_links":{"self":[{"href":"https:\/\/euapp01.newsmemory.com\/lamarseillaise\/news\/wp-json\/wp\/v2\/posts\/35940","targetHints":{"allow":["GET"]}}],"collection":[{"href":"https:\/\/euapp01.newsmemory.com\/lamarseillaise\/news\/wp-json\/wp\/v2\/posts"}],"about":[{"href":"https:\/\/euapp01.newsmemory.com\/lamarseillaise\/news\/wp-json\/wp\/v2\/types\/post"}],"author":[{"embeddable":true,"href":"https:\/\/euapp01.newsmemory.com\/lamarseillaise\/news\/wp-json\/wp\/v2\/users\/1"}],"replies":[{"embeddable":true,"href":"https:\/\/euapp01.newsmemory.com\/lamarseillaise\/news\/wp-json\/wp\/v2\/comments?post=35940"}],"version-history":[{"count":1,"href":"https:\/\/euapp01.newsmemory.com\/lamarseillaise\/news\/wp-json\/wp\/v2\/posts\/35940\/revisions"}],"predecessor-version":[{"id":35942,"href":"https:\/\/euapp01.newsmemory.com\/lamarseillaise\/news\/wp-json\/wp\/v2\/posts\/35940\/revisions\/35942"}],"wp:featuredmedia":[{"embeddable":true,"href":"https:\/\/euapp01.newsmemory.com\/lamarseillaise\/news\/wp-json\/wp\/v2\/media\/35941"}],"wp:attachment":[{"href":"https:\/\/euapp01.newsmemory.com\/lamarseillaise\/news\/wp-json\/wp\/v2\/media?parent=35940"}],"wp:term":[{"taxonomy":"category","embeddable":true,"href":"https:\/\/euapp01.newsmemory.com\/lamarseillaise\/news\/wp-json\/wp\/v2\/categories?post=35940"},{"taxonomy":"post_tag","embeddable":true,"href":"https:\/\/euapp01.newsmemory.com\/lamarseillaise\/news\/wp-json\/wp\/v2\/tags?post=35940"},{"taxonomy":"news-destination","embeddable":true,"href":"https:\/\/euapp01.newsmemory.com\/lamarseillaise\/news\/wp-json\/wp\/v2\/news-destination?post=35940"},{"taxonomy":"news-source","embeddable":true,"href":"https:\/\/euapp01.newsmemory.com\/lamarseillaise\/news\/wp-json\/wp\/v2\/news-source?post=35940"},{"taxonomy":"is_homepage","embeddable":true,"href":"https:\/\/euapp01.newsmemory.com\/lamarseillaise\/news\/wp-json\/wp\/v2\/is_homepage?post=35940"},{"taxonomy":"ta_other","embeddable":true,"href":"https:\/\/euapp01.newsmemory.com\/lamarseillaise\/news\/wp-json\/wp\/v2\/ta_other?post=35940"}],"curies":[{"name":"wp","href":"https:\/\/api.w.org\/{rel}","templated":true}]}}