{"id":35928,"date":"2026-07-10T07:31:00","date_gmt":"2026-07-10T05:31:00","guid":{"rendered":"https:\/\/euapp01.newsmemory.com\/lamarseillaise\/news\/?p=35928"},"modified":"2026-07-16T07:50:30","modified_gmt":"2026-07-16T05:50:30","slug":"le-financement-du-futur-hopital-daubagne-en-pleine-negociation","status":"publish","type":"post","link":"https:\/\/euapp01.newsmemory.com\/lamarseillaise\/news\/2026\/07\/10\/le-financement-du-futur-hopital-daubagne-en-pleine-negociation\/","title":{"rendered":"Le financement du futur h\u00f4pital d\u2019Aubagne en pleine n\u00e9gociation"},"content":{"rendered":"<div class=\"paragraph\">\n<p>Petit \u00e0 petit, l\u2019h\u00f4pital fait son nid. Apr\u00e8s la signature de la D\u00e9claration d\u2019utilit\u00e9 publique (DUP) la semaine pass\u00e9e, indispensable pour engager les n\u00e9gociations sur l\u2019acquisition du foncier, le projet de construction d\u2019un h\u00f4pital, dans la zone de Gargues \u00e0 Aubagne, a pass\u00e9, mercredi, une nouvelle \u00e9tape. Les maires des 19\u00a0communes concern\u00e9es par l\u2019arriv\u00e9e potentielle d\u2019un nouvel \u00e9tablissement sur le territoire se sont r\u00e9unis en fin d\u2019apr\u00e8s-midi, \u00e0 la demande de St\u00e9phanie Luquet, directrice et repr\u00e9sentante l\u00e9gale de l\u2019actuel centre hospitalier de la ville. Au menu\u00a0: \u00e9tat des lieux d\u00e9taill\u00e9 du niveau d\u2019avancement du projet et discussions autour de l\u2019achat du terrain. \u00c0 l\u2019origine pr\u00e9vu \u00e0 la seule charge d\u2019Aubagne, le maire (DVG) Jean-Pierre Squillari avait invit\u00e9, d\u00e9but juin, les autres municipalit\u00e9s \u00e0 mettre au pot. \u00ab\u00a0<i>Puisque cet h\u00f4pital dessert 19<\/i><i>\u00a0<\/i><i>communes, ces [derni\u00e8res] doivent s\u2019impliquer activement dans le projet, mais aussi dans son cofinancement. Nous ne pouvons plus \u00eatre les seuls \u00e0 porter la charge financi\u00e8re d\u2019\u00e9quipements dont b\u00e9n\u00e9ficie l\u2019ensemble du bassin de vie<\/i><i>\u00a0<\/i>\u00bb, avait-il alors d\u00e9clar\u00e9. Et cette premi\u00e8re assembl\u00e9e des maires semble de bon augure pour ses r\u00e9clamations\u00a0: trois communes se sont engag\u00e9es \u00e0 participer financi\u00e8rement et plusieurs promettent d\u2019y r\u00e9fl\u00e9chir. Parmi les mairies d\u2019ores et d\u00e9j\u00e0 motiv\u00e9es\u00a0: celle de G\u00e9menos, dirig\u00e9e par Roland Giberti, maire (DVD) de la ville depuis 2001. \u00ab\u00a0<i>C\u2019est une tr\u00e8s bonne nouvelle, tr\u00e8s symbolique<\/i><i>\u00a0<\/i>\u00bb, s\u2019enthousiasme une source proche de la mairie d\u2019Aubagne. Et de poursuivre\u00a0: \u00ab\u00a0<i>Il est normal qu\u2019il y ait un temps de r\u00e9flexion, mais au moins les choses sont pr\u00e9sent\u00e9es de mani\u00e8re officielle et les maires peuvent y voir plus clair. C\u2019est une premi\u00e8re approche, le d\u00e9but de quelque chose<\/i><i>\u00a0<\/i>\u00bb.<\/p>\n<\/p><\/div>\n<div class=\"intext\"> R\u00e9duire les frais,<br \/>\n               <br \/>sans brusquer\n              <\/div>\n<div class=\"paragraph\">\n<p>Restent les municipalit\u00e9s qui, d\u00e8s mercredi, ont expos\u00e9 leurs r\u00e9ticences, ne voyant pas \u00ab\u00a0<i>comment faire un effort dans le cadre de leur budget et des difficult\u00e9s financi\u00e8res auxquelles sont confront\u00e9es les collectivit\u00e9s<\/i><i>\u00a0<\/i>\u00bb, est-il rapport\u00e9 de la r\u00e9union. Quoi qu\u2019il en soit, les n\u00e9gociations s\u2019annoncent complexes pour une mairie qui cherche \u00e0 amoindrir les d\u00e9penses tout en m\u00e9nageant les actuels propri\u00e9taires de la zone. \u00ab<i>\u00a0<\/i><i>Il faut qu\u2019on parvienne \u00e0 \u00eatre au prix le plus bas possible tout en trouvant un accord avec les propri\u00e9taires<\/i>, note la ville d\u2019Aubagne.<i> Parce que s\u2019il n\u2019y a pas d\u2019accord, la DUP pourrait \u00eatre attaqu\u00e9e en justice, ce qui nous ferait perdre de pr\u00e9cieux mois et poserait une incertitude r\u00e9elle sur le projet.<\/i><i>\u00a0<\/i>\u00bb D\u2019autant que d\u2019autres frais connexes accompagnent l\u2019acquisition du terrain\u00a0: le d\u00e9placement de la ligne \u00e0 haute tension actuellement en place sur la zone pr\u00e9vue ainsi que la r\u00e9alisation de r\u00e9seaux et de routes pour am\u00e9nager le site l\u2019h\u00f4pital. \u00ab\u00a0<i>L\u2019id\u00e9e est pour nous de travailler sur le financement de ces co\u00fbts-l\u00e0, qu\u2019on aimerait faire porter \u00e0 d\u2019autres op\u00e9rateurs, pour r\u00e9duire la participation des communes au simple achat des lieux<\/i><i>\u00a0<\/i>\u00bb, poursuit la municipalit\u00e9. La mairie d\u2019Aubagne esp\u00e8re r\u00e9gler ces questions de financement avant la fin de l\u2019ann\u00e9e, afin que les budgets des communes puissent \u00eatre vot\u00e9s en cons\u00e9quence.<\/p>\n<\/p><\/div>\n","protected":false},"excerpt":{"rendered":"Petit &agrave; petit, l&rsquo;h&ocirc;pital fait son nid. Apr&egrave;s la signature de la D&eacute;claration d&rsquo;utilit&eacute; publique (DUP) la semaine pass&eacute;e, indispensable pour engager les n&eacute;gociations sur l&rsquo;acquisition &#8230;","protected":false},"author":1,"featured_media":35929,"comment_status":"open","ping_status":"open","sticky":false,"template":"","format":"standard","meta":{"footnotes":""},"categories":[3926,3925,330,4307,20],"tags":[493,10,1086,208,163,1868,1501,3499,96,1472,1626,5857],"news-destination":[3944],"news-source":[475],"is_homepage":[],"ta_other":[],"class_list":["post-35928","post","type-post","status-publish","format-standard","has-post-thumbnail","hentry","category-accueil-merge","category-accueil-third","category-politique","category-sante","category-societe","tag-aubagne","tag-bouches-du-rhone","tag-centre-hospitalier","tag-collectivites","tag-financement","tag-foncier","tag-hopital","tag-jean-pierre-squillari","tag-municipalite","tag-negociations","tag-proprietaires","tag-roland-giberti","news-destination-homepage","news-source-website"],"_links":{"self":[{"href":"https:\/\/euapp01.newsmemory.com\/lamarseillaise\/news\/wp-json\/wp\/v2\/posts\/35928","targetHints":{"allow":["GET"]}}],"collection":[{"href":"https:\/\/euapp01.newsmemory.com\/lamarseillaise\/news\/wp-json\/wp\/v2\/posts"}],"about":[{"href":"https:\/\/euapp01.newsmemory.com\/lamarseillaise\/news\/wp-json\/wp\/v2\/types\/post"}],"author":[{"embeddable":true,"href":"https:\/\/euapp01.newsmemory.com\/lamarseillaise\/news\/wp-json\/wp\/v2\/users\/1"}],"replies":[{"embeddable":true,"href":"https:\/\/euapp01.newsmemory.com\/lamarseillaise\/news\/wp-json\/wp\/v2\/comments?post=35928"}],"version-history":[{"count":1,"href":"https:\/\/euapp01.newsmemory.com\/lamarseillaise\/news\/wp-json\/wp\/v2\/posts\/35928\/revisions"}],"predecessor-version":[{"id":35930,"href":"https:\/\/euapp01.newsmemory.com\/lamarseillaise\/news\/wp-json\/wp\/v2\/posts\/35928\/revisions\/35930"}],"wp:featuredmedia":[{"embeddable":true,"href":"https:\/\/euapp01.newsmemory.com\/lamarseillaise\/news\/wp-json\/wp\/v2\/media\/35929"}],"wp:attachment":[{"href":"https:\/\/euapp01.newsmemory.com\/lamarseillaise\/news\/wp-json\/wp\/v2\/media?parent=35928"}],"wp:term":[{"taxonomy":"category","embeddable":true,"href":"https:\/\/euapp01.newsmemory.com\/lamarseillaise\/news\/wp-json\/wp\/v2\/categories?post=35928"},{"taxonomy":"post_tag","embeddable":true,"href":"https:\/\/euapp01.newsmemory.com\/lamarseillaise\/news\/wp-json\/wp\/v2\/tags?post=35928"},{"taxonomy":"news-destination","embeddable":true,"href":"https:\/\/euapp01.newsmemory.com\/lamarseillaise\/news\/wp-json\/wp\/v2\/news-destination?post=35928"},{"taxonomy":"news-source","embeddable":true,"href":"https:\/\/euapp01.newsmemory.com\/lamarseillaise\/news\/wp-json\/wp\/v2\/news-source?post=35928"},{"taxonomy":"is_homepage","embeddable":true,"href":"https:\/\/euapp01.newsmemory.com\/lamarseillaise\/news\/wp-json\/wp\/v2\/is_homepage?post=35928"},{"taxonomy":"ta_other","embeddable":true,"href":"https:\/\/euapp01.newsmemory.com\/lamarseillaise\/news\/wp-json\/wp\/v2\/ta_other?post=35928"}],"curies":[{"name":"wp","href":"https:\/\/api.w.org\/{rel}","templated":true}]}}