{"id":35925,"date":"2026-07-10T07:18:00","date_gmt":"2026-07-10T05:18:00","guid":{"rendered":"https:\/\/euapp01.newsmemory.com\/lamarseillaise\/news\/?p=35925"},"modified":"2026-07-10T10:08:27","modified_gmt":"2026-07-10T08:08:27","slug":"martial-alvarez-elu-president-de-13-habitat","status":"publish","type":"post","link":"https:\/\/euapp01.newsmemory.com\/lamarseillaise\/news\/2026\/07\/10\/martial-alvarez-elu-president-de-13-habitat\/","title":{"rendered":"Martial Alvarez \u00e9lu pr\u00e9sident de 13&nbsp;Habitat"},"content":{"rendered":"<div class=\"paragraph\">\n<p>Maire de Port-Saint-Louis-du-Rh\u00f4ne, vice-pr\u00e9sident de la M\u00e9tropole Aix-Marseille-Provence et conseiller d\u00e9partemental (DVD), il succ\u00e8de au conseiller d\u00e9partemental aixois Jean-Marc Perrin (DVD), d\u00e9sormais pr\u00e9sident de la MDPH 13. Martial Alvarez arrive \u00ab\u00a0avec l\u2019ambition de poursuivre le redressement de l\u2019\u00e9tablissement, am\u00e9liorer la qualit\u00e9 de service aux locataires et renforcer les liens avec les communes et partenaires du territoire\u00a0\u00bb, note 13 Habitat dans un communiqu\u00e9. Martial Alvarez a indiqu\u00e9\u00a0: \u00ab\u00a0<i>Le logement n\u2019est pas une politique parmi d\u2019autres. Il est la condition de toutes les autres. <\/i>(&#8230;)<i> Un bailleur social ne r\u00e9ussit jamais seul. Il r\u00e9ussit avec les communes, avec les \u00e9lus, avec l\u2019\u00c9tat, avec les partenaires institutionnels, avec les repr\u00e9sentants des locataires et avec tous ceux qui construisent notre territoire. Je veux que chaque maire <\/i>(&#8230;)<i> sache qu\u2019il trouvera toujours en 13<\/i><i>\u00a0<\/i><i>Habitat un partenaire fiable, loyal et engag\u00e9.<\/i><i>\u00a0<\/i>\u00bb<\/p>\n<\/p><\/div>\n","protected":false},"excerpt":{"rendered":"Maire de Port-Saint-Louis-du-Rh&ocirc;ne, vice-pr&eacute;sident de la M&eacute;tropole Aix-Marseille-Provence et conseiller d&eacute;partemental (DVD), il succ&egrave;de au conseiller d&eacute;partemental aixois Jean-Marc Perrin (DVD), &#8230;","protected":false},"author":1,"featured_media":35926,"comment_status":"open","ping_status":"open","sticky":false,"template":"","format":"standard","meta":{"footnotes":""},"categories":[330],"tags":[498,10,5782,16,1984],"news-destination":[],"news-source":[475],"is_homepage":[],"ta_other":[],"class_list":["post-35925","post","type-post","status-publish","format-standard","has-post-thumbnail","hentry","category-politique","tag-13-habitat","tag-bouches-du-rhone","tag-election","tag-marseille","tag-martial-alvarez","news-source-website"],"_links":{"self":[{"href":"https:\/\/euapp01.newsmemory.com\/lamarseillaise\/news\/wp-json\/wp\/v2\/posts\/35925","targetHints":{"allow":["GET"]}}],"collection":[{"href":"https:\/\/euapp01.newsmemory.com\/lamarseillaise\/news\/wp-json\/wp\/v2\/posts"}],"about":[{"href":"https:\/\/euapp01.newsmemory.com\/lamarseillaise\/news\/wp-json\/wp\/v2\/types\/post"}],"author":[{"embeddable":true,"href":"https:\/\/euapp01.newsmemory.com\/lamarseillaise\/news\/wp-json\/wp\/v2\/users\/1"}],"replies":[{"embeddable":true,"href":"https:\/\/euapp01.newsmemory.com\/lamarseillaise\/news\/wp-json\/wp\/v2\/comments?post=35925"}],"version-history":[{"count":1,"href":"https:\/\/euapp01.newsmemory.com\/lamarseillaise\/news\/wp-json\/wp\/v2\/posts\/35925\/revisions"}],"predecessor-version":[{"id":35927,"href":"https:\/\/euapp01.newsmemory.com\/lamarseillaise\/news\/wp-json\/wp\/v2\/posts\/35925\/revisions\/35927"}],"wp:featuredmedia":[{"embeddable":true,"href":"https:\/\/euapp01.newsmemory.com\/lamarseillaise\/news\/wp-json\/wp\/v2\/media\/35926"}],"wp:attachment":[{"href":"https:\/\/euapp01.newsmemory.com\/lamarseillaise\/news\/wp-json\/wp\/v2\/media?parent=35925"}],"wp:term":[{"taxonomy":"category","embeddable":true,"href":"https:\/\/euapp01.newsmemory.com\/lamarseillaise\/news\/wp-json\/wp\/v2\/categories?post=35925"},{"taxonomy":"post_tag","embeddable":true,"href":"https:\/\/euapp01.newsmemory.com\/lamarseillaise\/news\/wp-json\/wp\/v2\/tags?post=35925"},{"taxonomy":"news-destination","embeddable":true,"href":"https:\/\/euapp01.newsmemory.com\/lamarseillaise\/news\/wp-json\/wp\/v2\/news-destination?post=35925"},{"taxonomy":"news-source","embeddable":true,"href":"https:\/\/euapp01.newsmemory.com\/lamarseillaise\/news\/wp-json\/wp\/v2\/news-source?post=35925"},{"taxonomy":"is_homepage","embeddable":true,"href":"https:\/\/euapp01.newsmemory.com\/lamarseillaise\/news\/wp-json\/wp\/v2\/is_homepage?post=35925"},{"taxonomy":"ta_other","embeddable":true,"href":"https:\/\/euapp01.newsmemory.com\/lamarseillaise\/news\/wp-json\/wp\/v2\/ta_other?post=35925"}],"curies":[{"name":"wp","href":"https:\/\/api.w.org\/{rel}","templated":true}]}}