{"id":35922,"date":"2026-07-10T07:13:00","date_gmt":"2026-07-10T05:13:00","guid":{"rendered":"https:\/\/euapp01.newsmemory.com\/lamarseillaise\/news\/?p=35922"},"modified":"2026-07-16T07:10:54","modified_gmt":"2026-07-16T05:10:54","slug":"des-vehicules-sous-main-de-justice-pour-les-futurs-mecanos-des-lycees-pro","status":"publish","type":"post","link":"https:\/\/euapp01.newsmemory.com\/lamarseillaise\/news\/2026\/07\/10\/des-vehicules-sous-main-de-justice-pour-les-futurs-mecanos-des-lycees-pro\/","title":{"rendered":"Des v\u00e9hicules sous main de justice pour les futurs m\u00e9canos des lyc\u00e9es pro"},"content":{"rendered":"<div class=\"paragraph\">\n<p>Une Polo et une Peugeot 2008 pour commencer&#8230; Une convention a \u00e9t\u00e9 sign\u00e9e, ce jeudi 9\u00a0juillet, entre le tribunal judiciaire de Marseille et le rectorat pour attribuer \u00e0 deux lyc\u00e9es professionnels de la ville des v\u00e9hicules sous main de justice. De quoi permettre aux \u00e9l\u00e8ves de s\u2019entra\u00eener en m\u00e9canique ou en carrosserie. Pour le moment, celui de La\u00a0Floride (14<sup>e<\/sup>) et des m\u00e9tiers de l\u2019automobile et des services aux entreprises, Fr\u00e9d\u00e9ric-Mistral (8<sup>e<\/sup>) se sont manifest\u00e9s.<\/p>\n<p>\u00ab\u00a0<i>Cette convention r\u00e9pond \u00e0 un triple objectif<\/i>\u00a0\u00bb, se f\u00e9licite Olivier Leurent, pr\u00e9sident du tribunal judiciaire de Marseille. D\u2019abord, \u00ab\u00a0<i>p\u00e9dagogique puisque ces v\u00e9hicules seront destin\u00e9s \u00e0 former les lyc\u00e9ens de ces deux \u00e9tablissements<\/i>\u00a0\u00bb estime-t-il, mais aussi \u00ab\u00a0<i>\u00e9ducatif, puisque les \u00e9l\u00e8ves sauront d\u2019o\u00f9 proviennent ces v\u00e9hicules, et sauront que quand on transgresse la loi, on peut se faire confisquer sa voiture<\/i>\u00a0\u00bb\u00a0; et enfin, un \u00ab\u00a0<i>objectif de r\u00e9duction des frais de justice<\/i><i>\u00a0<\/i>\u00bb.<\/p>\n<\/p><\/div>\n<div class=\"intext\"> Du gagnant-gagnant\n              <\/div>\n<div class=\"paragraph\">\n<p>Car cet accord gagnant-gagnant permet de faire des \u00e9conomies non n\u00e9gligeables de gardiennage. Sur la juridiction marseillaise, pas moins de 919\u00a0v\u00e9hicules saisis et en attente de confiscation sont stock\u00e9s dans des garages agr\u00e9\u00e9s, moyennant 3,20\u00a0euros la journ\u00e9e soit environ 3\u00a0000\u00a0euros par jour, calcule rapidement de procureur de la R\u00e9publique de Marseille, Nicolas Bessone. De 80 \u00e0 100\u00a0voitures par mois viennent grossir les rangs.<\/p>\n<p>\u00ab\u00a0<i>L\u2019int\u00e9r\u00eat, c\u2019est que ces v\u00e9hicules rapportent \u00e0 l\u2019\u00c9tat plus qu\u2019ils ne co\u00fbtent<\/i>\u00a0\u00bb, pr\u00e9cise-t-il. Si les grosses cylindr\u00e9es \u00ab\u00a0<i>des criminels, des voyous<\/i><i>\u00a0<\/i>\u00bb sont souvent remises aux services enqu\u00eateurs ou vendues avant jugement, la justice entend donner un certain nombre de v\u00e9hicules moyenne et bas de gamme vou\u00e9s \u00e0 la destruction, explique-t-il.<\/p>\n<p>\u00ab\u00a0<i>Pour nous, chefs d\u2019\u00e9tablissement, il est important de proposer des supports p\u00e9dagogiques \u00e0 nos \u00e9l\u00e8ves, qui leur permettent d\u2019acqu\u00e9rir des connaissances, des comp\u00e9tences et, \u00e0 la fin, un dipl\u00f4me qui leur permettra, soit de poursuivre des \u00e9tudes, soit de s\u2019ins\u00e9rer dans la vie professionnelle<\/i>\u00a0\u00bb, commente Gilles Pierrisnard, proviseur du lyc\u00e9e La\u00a0Floride, dont l\u2019\u00e9tablissement est sp\u00e9cialis\u00e9 sur les poids lourds et motocycles. Ces mod\u00e8les vont donner aux lyc\u00e9ens un aper\u00e7u d\u2019innovations technologiques sur lesquelles ils ont besoin de travailler, pour \u00ab\u00a0<i>\u00eatre les plus comp\u00e9titifs possibles d\u00e8s leur entr\u00e9e en entreprise<\/i>\u00a0\u00bb poursuit-il. Mieux, l\u2019apport r\u00e9gulier de v\u00e9hicules \u00ab\u00a0<i>va \u00eatre une plus-value, en plus de l\u2019aspect civique sur lequel on va pouvoir r\u00e9fl\u00e9chir avec les \u00e9l\u00e8ves, sur le fait que l\u2019erreur se paye<\/i>\u00a0\u00bb, compl\u00e8te R\u00e9mi Formaggio, proviseur du lyc\u00e9e Fr\u00e9d\u00e9ric Mistral.<\/p>\n<p>Pour Pascale Darras, directrice de greffe, il s\u2019agit \u00e9galement d\u2019ouvrir un peu les horizons en travaillant avec de nouveaux partenaires, cette derni\u00e8re esp\u00e9rant que cette convention donne des id\u00e9es \u00e0 d\u2019autres lyc\u00e9es&#8230;<\/p>\n<\/p><\/div>\n","protected":false},"excerpt":{"rendered":"Une Polo et une Peugeot 2008 pour commencer&#8230; Une convention a &eacute;t&eacute; sign&eacute;e, ce jeudi 9&nbsp;juillet, entre le tribunal judiciaire de Marseille et le rectorat pour attribuer &agrave; deux lyc&eacute;es professionnels de la ville &#8230;","protected":false},"author":1,"featured_media":35923,"comment_status":"open","ping_status":"open","sticky":false,"template":"","format":"standard","meta":{"footnotes":""},"categories":[3926,3925,20],"tags":[10,2604,149,1862,486,2326,1810,200,713,3130,16,2392,3000,1516,1980,1743,1183,1175],"news-destination":[3944],"news-source":[475],"is_homepage":[],"ta_other":[],"class_list":["post-35922","post","type-post","status-publish","format-standard","has-post-thumbnail","hentry","category-accueil-merge","category-accueil-third","category-societe","tag-bouches-du-rhone","tag-connaissances","tag-convention","tag-economies","tag-entreprises","tag-etudes","tag-greffe","tag-justice","tag-lyceens","tag-lycees-professionnels","tag-marseille","tag-nicolas-bessone","tag-olivier-leurent","tag-poids-lourds","tag-procureur","tag-tribunal-judiciaire","tag-vehicules","tag-voitures","news-destination-homepage","news-source-website"],"_links":{"self":[{"href":"https:\/\/euapp01.newsmemory.com\/lamarseillaise\/news\/wp-json\/wp\/v2\/posts\/35922","targetHints":{"allow":["GET"]}}],"collection":[{"href":"https:\/\/euapp01.newsmemory.com\/lamarseillaise\/news\/wp-json\/wp\/v2\/posts"}],"about":[{"href":"https:\/\/euapp01.newsmemory.com\/lamarseillaise\/news\/wp-json\/wp\/v2\/types\/post"}],"author":[{"embeddable":true,"href":"https:\/\/euapp01.newsmemory.com\/lamarseillaise\/news\/wp-json\/wp\/v2\/users\/1"}],"replies":[{"embeddable":true,"href":"https:\/\/euapp01.newsmemory.com\/lamarseillaise\/news\/wp-json\/wp\/v2\/comments?post=35922"}],"version-history":[{"count":1,"href":"https:\/\/euapp01.newsmemory.com\/lamarseillaise\/news\/wp-json\/wp\/v2\/posts\/35922\/revisions"}],"predecessor-version":[{"id":35924,"href":"https:\/\/euapp01.newsmemory.com\/lamarseillaise\/news\/wp-json\/wp\/v2\/posts\/35922\/revisions\/35924"}],"wp:featuredmedia":[{"embeddable":true,"href":"https:\/\/euapp01.newsmemory.com\/lamarseillaise\/news\/wp-json\/wp\/v2\/media\/35923"}],"wp:attachment":[{"href":"https:\/\/euapp01.newsmemory.com\/lamarseillaise\/news\/wp-json\/wp\/v2\/media?parent=35922"}],"wp:term":[{"taxonomy":"category","embeddable":true,"href":"https:\/\/euapp01.newsmemory.com\/lamarseillaise\/news\/wp-json\/wp\/v2\/categories?post=35922"},{"taxonomy":"post_tag","embeddable":true,"href":"https:\/\/euapp01.newsmemory.com\/lamarseillaise\/news\/wp-json\/wp\/v2\/tags?post=35922"},{"taxonomy":"news-destination","embeddable":true,"href":"https:\/\/euapp01.newsmemory.com\/lamarseillaise\/news\/wp-json\/wp\/v2\/news-destination?post=35922"},{"taxonomy":"news-source","embeddable":true,"href":"https:\/\/euapp01.newsmemory.com\/lamarseillaise\/news\/wp-json\/wp\/v2\/news-source?post=35922"},{"taxonomy":"is_homepage","embeddable":true,"href":"https:\/\/euapp01.newsmemory.com\/lamarseillaise\/news\/wp-json\/wp\/v2\/is_homepage?post=35922"},{"taxonomy":"ta_other","embeddable":true,"href":"https:\/\/euapp01.newsmemory.com\/lamarseillaise\/news\/wp-json\/wp\/v2\/ta_other?post=35922"}],"curies":[{"name":"wp","href":"https:\/\/api.w.org\/{rel}","templated":true}]}}