{"id":35919,"date":"2026-07-10T07:20:00","date_gmt":"2026-07-10T05:20:00","guid":{"rendered":"https:\/\/euapp01.newsmemory.com\/lamarseillaise\/news\/?p=35919"},"modified":"2026-07-16T07:27:50","modified_gmt":"2026-07-16T05:27:50","slug":"entretien-christiane-de-felice-il-faut-prendre-des-mesures-pour-la-sante-au-travail","status":"publish","type":"post","link":"https:\/\/euapp01.newsmemory.com\/lamarseillaise\/news\/2026\/07\/10\/entretien-christiane-de-felice-il-faut-prendre-des-mesures-pour-la-sante-au-travail\/","title":{"rendered":"[Entretien] Christiane de F\u00e9lice : \u00ab&nbsp;Il faut prendre des mesures pour la sant\u00e9 au travail&nbsp;\u00bb"},"content":{"rendered":"<div class=\"paragraph\">\n<p>Alors que la question des morts au travail se pose face aux \u00e9pisodes de chaleur, le Gouvernement travaille sur des \u00e9conomies dont le plafonnement des indemnit\u00e9s des victimes d\u2019accidents du travail ou de maladies professionnelles.<\/p>\n<p><b>La Marseillaise<\/b><b>\u00a0<\/b><b>:<\/b> <b>Votre association d\u00e9nonce un plan d\u2019\u00e9conomie sur les accidents de travail et les maladies professionnelles. De quoi s\u2019agit-il<\/b><b>\u00a0<\/b><b>?<\/b><\/p>\n<p>Christiane de F\u00e9lice\u00a0: Le Gouvernement a demand\u00e9 \u00e0 la caisse des accidents du travail et des maladies professionnelles [AT-MP] de la S\u00e9curit\u00e9 sociale de r\u00e9aliser 800\u00a0millions d\u2019euros d\u2019\u00e9conomies au pr\u00e9texte de d\u00e9ficit de la branche. Ces \u00e9conomies vont directement toucher les victimes de Troubles musculosquelettiques [TMS], la maladie professionnelle la plus r\u00e9pandue. Le gouvernement envisage en plus de limiter les indemnit\u00e9s journali\u00e8res dans ces cas-l\u00e0 \u00e0 4\u00a0ans alors que certaines personnes cumulent parfois plusieurs maladies. Il faut savoir qu\u2019en 2024, 50\u00a0598\u00a0nouvelles maladies professionnelles \u00e9taient reconnues, soit 3\u00a0100 de plus qu\u2019en 2023, et dont 90\u00a0% sont des TMS. On parle des travailleurs ayant les t\u00e2ches les plus difficiles et ingrates, qui au bout de 20\u00a0ans au m\u00eame travail deviennent invalides. Il y a eu 150\u00a0000\u00a0d\u00e9clarations d\u2019inaptitude en 2024, souvent sold\u00e9es par un licenciement. Et encore, c\u2019est quand l\u2019entreprise ne dit pas de rester \u00e0 la maison sans d\u00e9clarer\u00a0! Toute une population va \u00eatre pr\u00e9caris\u00e9e. Car l\u2019invalidit\u00e9 saute \u00e0 la retraite contrairement \u00e0 la rente des maladies professionnelles.<\/p>\n<p><b>Mais s\u2019il y a d\u00e9ficit, il faut bien combler quelque part<\/b><b>\u00a0<\/b><b>?<\/b><\/p>\n<p>C.d.F.\u00a0: La branche AT-MP, malgr\u00e9 ce qu\u2019on dit, est toujours en exc\u00e9dent. Les exon\u00e9rations de cotisations patronales repr\u00e9sentent 80\u00a0milliards d\u2019euros par an en moins. C\u2019est un d\u00e9tournement financier des droits des salari\u00e9s qui eux continuent \u00e0 financer la solidarit\u00e9 par la cotisation sociale. De plus, rendons-nous compte que la sous-d\u00e9claration des maladies professionnelles repr\u00e9sente entre 2 et 3,6\u00a0milliards d\u2019euros. Mais le 5<sup>e<\/sup>\u00a0plan sant\u00e9 au travail 2026-2030 ne propose aucun objectif de r\u00e9sultats.<\/p>\n<p><b>Quelles sont vos propositions dans ce contexte<\/b><b>\u00a0<\/b><b>?<\/b><\/p>\n<p>C.d.F.\u00a0: Il faut prendre des mesures draconiennes. Il faut de la clart\u00e9 sur les maladies qui devraient \u00eatre d\u00e9clar\u00e9es comme professionnelles et qui ne le sont pas. La cr\u00e9ation d\u2019un registre de cancers dans chaque r\u00e9gion industrielle. Une m\u00e9decine du travail au plus pr\u00e8s des salari\u00e9s et de la m\u00e9decine de ville. R\u00e9tablir les comit\u00e9s d\u2019hygi\u00e8ne, de s\u00e9curit\u00e9 et des conditions de travail<b> <\/b>[CHSCT].<b> <\/b>Stopper les exon\u00e9rations de cotisations, car c\u2019est avec ses cotisations que le travailleur peut se soigner, partir \u00e0 la retraite ou pouvoir \u00eatre couvert en cas d\u2019accident. Une partie de cette exon\u00e9ration est financ\u00e9e par la TVA, pay\u00e9e par le salari\u00e9. Combien de fois sera-t-il encore p\u00e9nalis\u00e9\u00a0?<\/p>\n<\/p><\/div>\n","protected":false},"excerpt":{"rendered":"Alors que la question des morts au travail se pose face aux &eacute;pisodes de chaleur, le Gouvernement travaille sur des &eacute;conomies dont le plafonnement des indemnit&eacute;s des victimes d&rsquo;accidents du travail ou de maladies &#8230;","protected":false},"author":1,"featured_media":35920,"comment_status":"open","ping_status":"open","sticky":false,"template":"","format":"standard","meta":{"footnotes":""},"categories":[3926,3925,330,20],"tags":[10,195,1862,343,5559,528,5024,2912,1094,63,3686,962,260,910],"news-destination":[3944],"news-source":[475],"is_homepage":[],"ta_other":[],"class_list":["post-35919","post","type-post","status-publish","format-standard","has-post-thumbnail","hentry","category-accueil-merge","category-accueil-third","category-politique","category-societe","tag-bouches-du-rhone","tag-conditions-de-travail","tag-economies","tag-entretien","tag-exonerations","tag-gouvernement","tag-indemnites","tag-maladie","tag-maladies","tag-martigues","tag-medecine-du-travail","tag-salaries","tag-solidarite","tag-travailleurs","news-destination-homepage","news-source-website"],"_links":{"self":[{"href":"https:\/\/euapp01.newsmemory.com\/lamarseillaise\/news\/wp-json\/wp\/v2\/posts\/35919","targetHints":{"allow":["GET"]}}],"collection":[{"href":"https:\/\/euapp01.newsmemory.com\/lamarseillaise\/news\/wp-json\/wp\/v2\/posts"}],"about":[{"href":"https:\/\/euapp01.newsmemory.com\/lamarseillaise\/news\/wp-json\/wp\/v2\/types\/post"}],"author":[{"embeddable":true,"href":"https:\/\/euapp01.newsmemory.com\/lamarseillaise\/news\/wp-json\/wp\/v2\/users\/1"}],"replies":[{"embeddable":true,"href":"https:\/\/euapp01.newsmemory.com\/lamarseillaise\/news\/wp-json\/wp\/v2\/comments?post=35919"}],"version-history":[{"count":1,"href":"https:\/\/euapp01.newsmemory.com\/lamarseillaise\/news\/wp-json\/wp\/v2\/posts\/35919\/revisions"}],"predecessor-version":[{"id":35921,"href":"https:\/\/euapp01.newsmemory.com\/lamarseillaise\/news\/wp-json\/wp\/v2\/posts\/35919\/revisions\/35921"}],"wp:featuredmedia":[{"embeddable":true,"href":"https:\/\/euapp01.newsmemory.com\/lamarseillaise\/news\/wp-json\/wp\/v2\/media\/35920"}],"wp:attachment":[{"href":"https:\/\/euapp01.newsmemory.com\/lamarseillaise\/news\/wp-json\/wp\/v2\/media?parent=35919"}],"wp:term":[{"taxonomy":"category","embeddable":true,"href":"https:\/\/euapp01.newsmemory.com\/lamarseillaise\/news\/wp-json\/wp\/v2\/categories?post=35919"},{"taxonomy":"post_tag","embeddable":true,"href":"https:\/\/euapp01.newsmemory.com\/lamarseillaise\/news\/wp-json\/wp\/v2\/tags?post=35919"},{"taxonomy":"news-destination","embeddable":true,"href":"https:\/\/euapp01.newsmemory.com\/lamarseillaise\/news\/wp-json\/wp\/v2\/news-destination?post=35919"},{"taxonomy":"news-source","embeddable":true,"href":"https:\/\/euapp01.newsmemory.com\/lamarseillaise\/news\/wp-json\/wp\/v2\/news-source?post=35919"},{"taxonomy":"is_homepage","embeddable":true,"href":"https:\/\/euapp01.newsmemory.com\/lamarseillaise\/news\/wp-json\/wp\/v2\/is_homepage?post=35919"},{"taxonomy":"ta_other","embeddable":true,"href":"https:\/\/euapp01.newsmemory.com\/lamarseillaise\/news\/wp-json\/wp\/v2\/ta_other?post=35919"}],"curies":[{"name":"wp","href":"https:\/\/api.w.org\/{rel}","templated":true}]}}