{"id":35916,"date":"2026-07-10T07:21:00","date_gmt":"2026-07-10T05:21:00","guid":{"rendered":"https:\/\/euapp01.newsmemory.com\/lamarseillaise\/news\/?p=35916"},"modified":"2026-07-16T07:27:50","modified_gmt":"2026-07-16T05:27:50","slug":"a-marseille-la-mairie-des-13-14-propose-des-escapades-a-ses-habitants","status":"publish","type":"post","link":"https:\/\/euapp01.newsmemory.com\/lamarseillaise\/news\/2026\/07\/10\/a-marseille-la-mairie-des-13-14-propose-des-escapades-a-ses-habitants\/","title":{"rendered":"\u00c0 Marseille, la mairie des 13-14 propose des escapades \u00e0 ses habitants"},"content":{"rendered":"<div class=\"paragraph\">\n<p>Lors de sa campagne pour la Mairie de secteur du 13-14, et \u00e0 la demande des habitants, Tina Biard Sansonetti (PM), \u00e9lue depuis, avait annonc\u00e9 vouloir organiser des sorties nature, culture et d\u00e9couverte pour tous, au tarif fixe de 5\u00a0euros par personne. C\u2019est chose faite. L\u2019objectif est de permettre \u00e0 celles et ceux qui n\u2019ont pas les moyens ou la possibilit\u00e9 de se d\u00e9placer de sortir de leur quartier, le tout dans une ambiance de rencontre et de partage. \u00ab\u00a0<i>Dans le 15-16, \u00e7a existe depuis longtemps sous le nom de sorties oxyg\u00e8ne, dans notre secteur, il n\u2019y avait rien en place, alors on l\u2019a fait<\/i>\u00a0\u00bb d\u00e9clare la maire de secteur. Pour s\u2019inscrire, rien de plus simple, les habitants se rendent dans leur mairie de secteur munis de leur pi\u00e8ce d\u2019identit\u00e9, d\u2019un justificatif de domicile et de 5\u00a0euros.<\/p>\n<p>\u00ab\u00a0<i>Merci Tina<\/i><i>\u00a0<\/i><i>! Vive la maire<\/i><i>\u00a0<\/i><i>! Bravo<\/i><i>\u00a0<\/i><i>!<\/i>\u00a0\u00bb acclament les participants au d\u00e9part du bus, impatients de partir pour la premi\u00e8re exp\u00e9dition au plan d\u2019eau des Salettes, \u00e0 Mormoiron. Le d\u00e9part de la soixantaine d\u2019habitants, se fait \u00e0 8h. Apr\u00e8s 2h30 de trajet qui n\u2019a sembl\u00e9 qu\u2019une poign\u00e9e de minutes, le bus et ses occupants, de tous \u00e2ges et horizons, arrivent au calme du lac des Salettes.<\/p>\n<p>Les enfants courent vers l\u2019eau dans laquelle ils joueront toute la journ\u00e9e. Pendant ce temps, les mamans, majoritairement pr\u00e9sentes \u00e0 la sortie, s\u2019installent sur la petite plage ensoleill\u00e9e, plantent les parasols color\u00e9s, d\u00e9plient les chaises en toile et offrent le caf\u00e9 ou le th\u00e9 autour d\u2019elles. Rires qui claquent, odeurs de cr\u00e8me solaire et blagues lanc\u00e9es, une ambiance familiale plane.<\/p>\n<p>\u00ab\u00a0<i>Ce que j\u2019aime dans cette sortie, c\u2019est le partage, la bonne ambiance, tout le monde est soud\u00e9. \u00catre au calme ici, c\u2019est aussi reposant. Ce soir quand je vais rentrer j\u2019aurais le sourire et j\u2019aurais recharg\u00e9 les batteries<\/i>\u00a0\u00bb, d\u00e9clare Amel, 34\u00a0ans. \u00c0 l\u2019heure du d\u00e9jeuner, Mamie nana, Nathalie, Bachira et les autres mettent en commun, partagent, offrent \u00e0 ceux qui n\u2019ont pas ou veulent go\u00fbter. \u00ab\u00a0<i>Pour une premi\u00e8re sortie, c\u2019est une r\u00e9ussite. Au-del\u00e0 de \u00e7a, on se sent vraiment \u00e9cout\u00e9s par Tina, Des promesses tenues comme celles-ci redonnent confiance en notre mairie de secteur qui a pour objectif la proximit\u00e9<\/i>\u00a0\u00bb rappelle Moubila, m\u00e8re de famille de la Busserine.<\/p>\n<p>Une douzaine de sorties sont organis\u00e9es sur l\u2019\u00e9t\u00e9, \u00e0 raison de deux par semaine, le mercredi et le samedi. Le dispositif se prolongera ensuite tout au long de l\u2019ann\u00e9e avec des projets de sorties dans les stations des Alpes comme \u00e0 Orci\u00e8res.<\/p>\n<\/p><\/div>\n<div class=\"paragraph\">\n<p><i>Pour tout renseignement sur <br \/>les sorties, s\u2019adresser \u00e0 la mairie de secteur.<\/i><\/p>\n<\/p><\/div>\n","protected":false},"excerpt":{"rendered":"Lors de sa campagne pour la Mairie de secteur du 13-14, et &agrave; la demande des habitants, Tina Biard Sansonetti (PM), &eacute;lue depuis, avait annonc&eacute; vouloir organiser des sorties nature, culture et d&eacute;couverte pour tous, au tarif &#8230;","protected":false},"author":1,"featured_media":35917,"comment_status":"open","ping_status":"open","sticky":false,"template":"","format":"standard","meta":{"footnotes":""},"categories":[3926,3925,20],"tags":[10,35,106,2161,16,1479,2120,3977,2602,99],"news-destination":[3944],"news-source":[475],"is_homepage":[],"ta_other":[],"class_list":["post-35916","post","type-post","status-publish","format-standard","has-post-thumbnail","hentry","category-accueil-merge","category-accueil-third","category-societe","tag-bouches-du-rhone","tag-culture","tag-habitants","tag-maires","tag-marseille","tag-marseille-13e-arrondissement","tag-marseille-14e-arrondissement","tag-quartiers-nord","tag-sorties","tag-ville-de-marseille","news-destination-homepage","news-source-website"],"_links":{"self":[{"href":"https:\/\/euapp01.newsmemory.com\/lamarseillaise\/news\/wp-json\/wp\/v2\/posts\/35916","targetHints":{"allow":["GET"]}}],"collection":[{"href":"https:\/\/euapp01.newsmemory.com\/lamarseillaise\/news\/wp-json\/wp\/v2\/posts"}],"about":[{"href":"https:\/\/euapp01.newsmemory.com\/lamarseillaise\/news\/wp-json\/wp\/v2\/types\/post"}],"author":[{"embeddable":true,"href":"https:\/\/euapp01.newsmemory.com\/lamarseillaise\/news\/wp-json\/wp\/v2\/users\/1"}],"replies":[{"embeddable":true,"href":"https:\/\/euapp01.newsmemory.com\/lamarseillaise\/news\/wp-json\/wp\/v2\/comments?post=35916"}],"version-history":[{"count":1,"href":"https:\/\/euapp01.newsmemory.com\/lamarseillaise\/news\/wp-json\/wp\/v2\/posts\/35916\/revisions"}],"predecessor-version":[{"id":35918,"href":"https:\/\/euapp01.newsmemory.com\/lamarseillaise\/news\/wp-json\/wp\/v2\/posts\/35916\/revisions\/35918"}],"wp:featuredmedia":[{"embeddable":true,"href":"https:\/\/euapp01.newsmemory.com\/lamarseillaise\/news\/wp-json\/wp\/v2\/media\/35917"}],"wp:attachment":[{"href":"https:\/\/euapp01.newsmemory.com\/lamarseillaise\/news\/wp-json\/wp\/v2\/media?parent=35916"}],"wp:term":[{"taxonomy":"category","embeddable":true,"href":"https:\/\/euapp01.newsmemory.com\/lamarseillaise\/news\/wp-json\/wp\/v2\/categories?post=35916"},{"taxonomy":"post_tag","embeddable":true,"href":"https:\/\/euapp01.newsmemory.com\/lamarseillaise\/news\/wp-json\/wp\/v2\/tags?post=35916"},{"taxonomy":"news-destination","embeddable":true,"href":"https:\/\/euapp01.newsmemory.com\/lamarseillaise\/news\/wp-json\/wp\/v2\/news-destination?post=35916"},{"taxonomy":"news-source","embeddable":true,"href":"https:\/\/euapp01.newsmemory.com\/lamarseillaise\/news\/wp-json\/wp\/v2\/news-source?post=35916"},{"taxonomy":"is_homepage","embeddable":true,"href":"https:\/\/euapp01.newsmemory.com\/lamarseillaise\/news\/wp-json\/wp\/v2\/is_homepage?post=35916"},{"taxonomy":"ta_other","embeddable":true,"href":"https:\/\/euapp01.newsmemory.com\/lamarseillaise\/news\/wp-json\/wp\/v2\/ta_other?post=35916"}],"curies":[{"name":"wp","href":"https:\/\/api.w.org\/{rel}","templated":true}]}}