{"id":35913,"date":"2026-07-10T07:23:00","date_gmt":"2026-07-10T05:23:00","guid":{"rendered":"https:\/\/euapp01.newsmemory.com\/lamarseillaise\/news\/?p=35913"},"modified":"2026-07-16T07:37:58","modified_gmt":"2026-07-16T05:37:58","slug":"les-agents-de-lhopital-de-martigues-votent-la-greve-contre-lausterite","status":"publish","type":"post","link":"https:\/\/euapp01.newsmemory.com\/lamarseillaise\/news\/2026\/07\/10\/les-agents-de-lhopital-de-martigues-votent-la-greve-contre-lausterite\/","title":{"rendered":"Les agents de l\u2019h\u00f4pital de Martigues votent la gr\u00e8ve contre l\u2019aust\u00e9rit\u00e9"},"content":{"rendered":"<div class=\"paragraph\">\n<p>\u00ab <i>C<\/i><i>e n\u2019est pas une question de statut, de grade ou de m\u00e9tier, si on se mobilise pas tous ensemble jusqu\u2019au bout, le bateau coule.<\/i>\u00a0\u00bb Ce brancardier de l\u2019h\u00f4pital de Martigues a donn\u00e9 le ton de l\u2019assembl\u00e9e g\u00e9n\u00e9rale du personnel, bond\u00e9e, organis\u00e9e \u00e0 l\u2019initiative de la CGT et rejointe par la CFDT.<\/p>\n<p>Au c\u0153ur des pr\u00e9occupations, <a rel=\"noopener noreferrer\" href=\"https:\/\/www.lamarseillaise.fr\/social\/une-assemblee-generale-a-l-hopital-de-martigues-a-l-appel-de-la-cgt-MA20466965\" target=\"_blank\">les mesures sociales pr\u00e9sent\u00e9es par la direction aux syndicats le mois dernier<\/a> et dont certaines doivent s\u2019appliquer d\u00e8s septembre. Le plus gros point d\u2019achoppement est celui de la pause m\u00e9ridienne, dont le projet est de ne plus la d\u00e9compter du temps de travail. \u00ab\u00a0<i>C\u2019est impensable pour nous alors que \u00e7a fait partie de la prise en charge de prendre le repas avec les patients<\/i>\u00a0\u00bb, s\u2019insurge cette soignante en psychiatrie. Inqui\u00e9tude aussi au bloc op\u00e9ratoire. \u00ab\u00a0<i>On mange sur site, si on devait sortir manger \u00e0 tour de r\u00f4le, c\u2019est juste pas possible<\/i>\u00a0\u00bb, pour cette infirmi\u00e8re au bloc op\u00e9ratoire, notamment en raison des proc\u00e9dures tr\u00e8s encadr\u00e9es de pr\u00e9paration sanitaire.<\/p>\n<p>Autre mesure, la fin des gardes de 24h dans certains services. Cette infirmi\u00e8re anesth\u00e9siste au bloc op\u00e9ratoire indique que \u00ab\u00a0<i>ce roulement convient tr\u00e8s bien \u00e0 l\u2019\u00e9quipe depuis 20<\/i><i>\u00a0<\/i><i>ans<\/i><i>\u00a0<\/i>\u00bb. \u00ab\u00a0<i>La direction veut couper le service en deux fois douze heures, ce qui voudrait dire travailler plus souvent et des roulements de nuit impos\u00e9s. Le confort de vie personnel est menac\u00e9 sans salaire ni repos en plus<\/i>\u00a0\u00bb, poursuit-elle.<\/p>\n<p>Une autre infirmi\u00e8re du bloc compl\u00e8te\u00a0: \u00ab\u00a0<i>On devra faire des astreintes de nuit mais au final on devra des heures \u00e0 l\u2019\u00e9tablissement car on n\u2019aura pas assez travaill\u00e9. Avec parfois 47<\/i><i>\u00a0<\/i><i>passages au bloc, on travaille d\u00e9j\u00e0 jusqu\u2019\u00e0 des heures pas possibles.<\/i><i>\u00a0<\/i>\u00bb \u00ab\u00a0<i>On a besoin de repos<\/i><i>\u00a0<\/i><i>! Au bloc on est habill\u00e9 pendant 4-5h et on doit \u00eatre concentr\u00e9 sur le robot chirurgical. Sinon, c\u2019est un danger direct pour le patient<\/i><i>\u00a0<\/i>\u00bb, insiste-t-elle.<\/p>\n<\/p><\/div>\n<div class=\"intext\"> Un laboratoire<br \/>\n               <br \/>pour les autres h\u00f4pitaux\u00a0?\n              <\/div>\n<div class=\"paragraph\">\n<p>La mobilisation a d\u00e9j\u00e0 commenc\u00e9. \u00ab\u00a0<i>On a commenc\u00e9 une op\u00e9ration escargot au bloc, on a pr\u00e9venu les chirurgiens qu\u2019on ne ferait que 10<\/i><i>\u00a0<\/i><i>op\u00e9rations, pas<\/i><i>\u00a0<\/i><i>47. Ils nous soutiennent, donc ils se plaindront \u00e0 la direction<\/i>\u00a0\u00bb, d\u00e9taille cette autre infirmi\u00e8re de salle de r\u00e9veil. \u00ab\u00a0<i>Notre espoir est de les emmener avec nous<\/i>\u00a0\u00bb reprend une autre infirmi\u00e8re du bloc, \u00ab\u00a0<i>Les op\u00e9rations c\u2019est ce qui ram\u00e8ne le plus d\u2019argent \u00e0 l\u2019h\u00f4pital, c\u2019est l\u00e0 qu\u2019il faut taper. On met pas en danger les patients.<\/i>\u00a0\u00bb De la m\u00eame mani\u00e8re, les agents du service facturation, sous \u00ab\u00a0<i>grosse pression de la direction pour faire rentrer l\u2019argent<\/i>\u00a0\u00bb selon l\u2019une d\u2019entre elles, compte aussi se mettre en mode escargot et ne facturer que les consultations, non plus les hospitalisations. \u00ab\u00a0<i>C\u2019est le seul moyen de pression qu\u2019on a car on ne veut surtout pas toucher aux soins<\/i>\u00a0\u00bb, justifie-t-elle.<\/p>\n<p>En filigrane de la mobilisation au CH de Martigues, les agents pensent aussi global. \u00ab\u00a0<i>\u00c0 Arles et Aubagne, ils sont aussi en plein conflit social, face \u00e0 des mesures faites \u00e0 partir de Martigues<\/i>\u00a0\u00bb, analyse \u00e0 l\u2019assembl\u00e9e cette syndiqu\u00e9e CGT. La gr\u00e8ve d\u2019une heure jeudi 16 juillet prochain a \u00e9t\u00e9 vot\u00e9e \u00e0 l\u2019unanimit\u00e9 par les participants. \u00ab\u00a0<i>Nous allons interpeller les \u00e9lus du territoire et la population sur les march\u00e9s<\/i>\u00a0\u00bb, pr\u00e9cise Laure Privat, secr\u00e9taire du syndicat CGT de l\u2019h\u00f4pital.<\/p>\n<p>Contact\u00e9e, la direction du CH de Martigues n\u2019a pas r\u00e9pondu \u00e0 nos sollicitations.<\/p>\n<\/p><\/div>\n","protected":false},"excerpt":{"rendered":"&laquo; Ce n&rsquo;est pas une question de statut, de grade ou de m&eacute;tier, si on se mobilise pas tous ensemble jusqu&rsquo;au bout, le bateau coule.&nbsp;&raquo; Ce brancardier de l&rsquo;h&ocirc;pital de Martigues a donn&eacute; le ton de &#8230;","protected":false},"author":1,"featured_media":35914,"comment_status":"open","ping_status":"open","sticky":false,"template":"","format":"standard","meta":{"footnotes":""},"categories":[3926,3925,331],"tags":[10,237,113,3607,876,362,63,134,1716,178,194,382,364,2889],"news-destination":[3944],"news-source":[475],"is_homepage":[],"ta_other":[],"class_list":["post-35913","post","type-post","status-publish","format-standard","has-post-thumbnail","hentry","category-accueil-merge","category-accueil-third","category-social","tag-bouches-du-rhone","tag-cfdt","tag-cgt","tag-conflit","tag-greve","tag-hopitaux","tag-martigues","tag-mobilisation","tag-operation-escargot","tag-population","tag-social","tag-soins","tag-syndicats","tag-temps-de-travail","news-destination-homepage","news-source-website"],"_links":{"self":[{"href":"https:\/\/euapp01.newsmemory.com\/lamarseillaise\/news\/wp-json\/wp\/v2\/posts\/35913","targetHints":{"allow":["GET"]}}],"collection":[{"href":"https:\/\/euapp01.newsmemory.com\/lamarseillaise\/news\/wp-json\/wp\/v2\/posts"}],"about":[{"href":"https:\/\/euapp01.newsmemory.com\/lamarseillaise\/news\/wp-json\/wp\/v2\/types\/post"}],"author":[{"embeddable":true,"href":"https:\/\/euapp01.newsmemory.com\/lamarseillaise\/news\/wp-json\/wp\/v2\/users\/1"}],"replies":[{"embeddable":true,"href":"https:\/\/euapp01.newsmemory.com\/lamarseillaise\/news\/wp-json\/wp\/v2\/comments?post=35913"}],"version-history":[{"count":1,"href":"https:\/\/euapp01.newsmemory.com\/lamarseillaise\/news\/wp-json\/wp\/v2\/posts\/35913\/revisions"}],"predecessor-version":[{"id":35915,"href":"https:\/\/euapp01.newsmemory.com\/lamarseillaise\/news\/wp-json\/wp\/v2\/posts\/35913\/revisions\/35915"}],"wp:featuredmedia":[{"embeddable":true,"href":"https:\/\/euapp01.newsmemory.com\/lamarseillaise\/news\/wp-json\/wp\/v2\/media\/35914"}],"wp:attachment":[{"href":"https:\/\/euapp01.newsmemory.com\/lamarseillaise\/news\/wp-json\/wp\/v2\/media?parent=35913"}],"wp:term":[{"taxonomy":"category","embeddable":true,"href":"https:\/\/euapp01.newsmemory.com\/lamarseillaise\/news\/wp-json\/wp\/v2\/categories?post=35913"},{"taxonomy":"post_tag","embeddable":true,"href":"https:\/\/euapp01.newsmemory.com\/lamarseillaise\/news\/wp-json\/wp\/v2\/tags?post=35913"},{"taxonomy":"news-destination","embeddable":true,"href":"https:\/\/euapp01.newsmemory.com\/lamarseillaise\/news\/wp-json\/wp\/v2\/news-destination?post=35913"},{"taxonomy":"news-source","embeddable":true,"href":"https:\/\/euapp01.newsmemory.com\/lamarseillaise\/news\/wp-json\/wp\/v2\/news-source?post=35913"},{"taxonomy":"is_homepage","embeddable":true,"href":"https:\/\/euapp01.newsmemory.com\/lamarseillaise\/news\/wp-json\/wp\/v2\/is_homepage?post=35913"},{"taxonomy":"ta_other","embeddable":true,"href":"https:\/\/euapp01.newsmemory.com\/lamarseillaise\/news\/wp-json\/wp\/v2\/ta_other?post=35913"}],"curies":[{"name":"wp","href":"https:\/\/api.w.org\/{rel}","templated":true}]}}