{"id":35910,"date":"2026-07-10T07:30:00","date_gmt":"2026-07-10T05:30:00","guid":{"rendered":"https:\/\/euapp01.newsmemory.com\/lamarseillaise\/news\/?p=35910"},"modified":"2026-07-16T07:37:58","modified_gmt":"2026-07-16T05:37:58","slug":"une-surveillance-accrue-dans-larbois","status":"publish","type":"post","link":"https:\/\/euapp01.newsmemory.com\/lamarseillaise\/news\/2026\/07\/10\/une-surveillance-accrue-dans-larbois\/","title":{"rendered":"Une surveillance accrue dans l\u2019Arbois"},"content":{"rendered":"<div class=\"paragraph\">\n<p>\u00ab <i>E<\/i><i>n pleine canicule, cinq adolescents sont venus faire leur feu de chamallows, sans se rendre compte du risque incendie qu\u2019il a fallu leur expliquer.<\/i><i>\u00a0<\/i>\u00bb Au milieu des herbes jaunies du massif de l\u2019Arbois, t\u00e9moins d\u2019une s\u00e9cheresse \u00ab<i>\u00a0<\/i><i>en avance de 15<\/i><i>\u00a0<\/i><i>jours<\/i><i>\u00a0<\/i>\u00bb<i>, <\/i>Jean-Jacques Covo, chef de service de la police de l\u2019environnement, se souvient de cette intervention men\u00e9e la semaine derni\u00e8re. Comme un rappel quotidien de sa mission\u00a0: sensibiliser avant de sanctionner. D\u2019abord sur les risques incendie. \u00ab<i>\u00a0<\/i><i>Tous les jours, on en voit qui fument ou jettent leur m\u00e9got<\/i><i>\u00a0<\/i>\u00bb, souffle-t-il.<\/p>\n<p>Cr\u00e9\u00e9e il y a 3 ans sous l\u2019impulsion d\u2019Amapola Ventron, maire de Cabri\u00e8s et conseill\u00e8re d\u00e9partementale charg\u00e9e de la transition \u00e9cologique, cette police sillonne les 19\u00a0000\u00a0hectares du domaine d\u00e9partemental. \u00ab<i>\u00a0<\/i><i>Il fallait cr\u00e9er un lien entre les gardes et le r\u00e9pressif, mais aussi d\u00e9velopper la p\u00e9dagogie<\/i><i>\u00a0<\/i>\u00bb, explique l\u2019\u00e9lue, membre de \u00ab\u00a0Provence Unie\u00a0\u00bb, groupe du conseil d\u00e9partemental \u00e0 l\u2019initiative de cette d\u00e9monstration.<\/p>\n<p>Ce jeudi matin, la police de l\u2019environnement fait \u00e9quipe avec la police municipale de Cabri\u00e8s pour illustrer son volet r\u00e9pressif. L\u2019objectif\u00a0: simuler l\u2019interpellation d\u2019un individu motoris\u00e9. En hauteur, la brigade \u00e9questre surveille les pistes. Plus bas, motos et quads sont fix\u00e9s dans un virage serr\u00e9. \u00ab<i>\u00a0<\/i><i>La mutualisation fait que l\u2019int\u00e9ress\u00e9 ne passe pas entre les mailles du filet<\/i><i>\u00a0<\/i>\u00bb, r\u00e9sume \u00c9ric Suzonni, chef de la police municipale. Le pilote est intercept\u00e9. D\u2019abord la p\u00e9dagogie, puis une amende de 135\u00a0euros.<\/p>\n<\/p><\/div>\n<div class=\"intext\"> 30\u00a0tonnes de d\u00e9chets relev\u00e9es depuis d\u00e9but 2026\n              <\/div>\n<div class=\"paragraph\">\n<p>Cette vigilance r\u00e9pond \u00e0 une r\u00e9alit\u00e9 du terrain. Sur le premier semestre 2026, 260\u00a0relev\u00e9s de manquement ou infractions r\u00e9glementaires (usage du feu, cigarette, d\u00e9p\u00f4t de d\u00e9chets) ont \u00e9t\u00e9 enregistr\u00e9s sur le massif. \u00ab<i>\u00a0<\/i><i>On re\u00e7oit beaucoup de signalements de motos et motocross par les randonneurs<\/i><i>\u00a0<\/i>\u00bb, explique John Zakrzewski, sous-directeur \u00e0 la direction de la for\u00eat, en charge de la police de l\u2019environnement et de la garde \u00e9questre. La pr\u00e9sence de ces v\u00e9hicules est aussi recens\u00e9e gr\u00e2ce aux pi\u00e8ges photo install\u00e9s dans le parc. \u00ab<i>\u00a0<\/i><i>Les motos \u00e9lectriques sont plus dangereuses car on ne les entend pas arriver<\/i><i>\u00a0<\/i>\u00bb<i>,<\/i> pr\u00e9cise Jean-Jacques Covo<i>, <\/i>qui pointe \u00ab<i>\u00a0<\/i><i>leur double impact<\/i><i>\u00a0<\/i><i>: la vitesse et la perturbation du milieu avec des risques sur la faune et l\u2019\u00e9rosion<\/i><i>\u00a0<\/i>\u00bb.<\/p>\n<p>Autre terrain de lutte\u00a0: les d\u00e9p\u00f4ts sauvages. Devant un amas de pneus, Guillaume Costes, de la police de l\u2019environnement, enfile des gants et fouille \u00e0 la recherche d\u2019un indice.<i> <\/i>\u00ab<i>\u00a0<\/i><i>Certains gardes ont un pouvoir pour monter une proc\u00e9dure et la transmettre au parquet<\/i><i>\u00a0<\/i>\u00bb, pr\u00e9cise John Zakrzewski. Ici, la p\u00e9dagogie ne suffit plus. \u00ab<i>\u00a0<\/i><i>Deux grosses proc\u00e9dures vont aboutir, mais c\u2019est faible au regard du nombre de d\u00e9p\u00f4ts<\/i><i>\u00a0<\/i>\u00bb, regrette-t-il. Apr\u00e8s une vingtaine de tonnes de d\u00e9chets recens\u00e9es en 2025, les \u00e9quipes en comptabilisent d\u00e9j\u00e0 une trentaine depuis le d\u00e9but de 2026.<\/p>\n<\/p><\/div>\n","protected":false},"excerpt":{"rendered":"&laquo; En pleine canicule, cinq adolescents sont venus faire leur feu de chamallows, sans se rendre compte du risque incendie qu&rsquo;il a fallu leur expliquer.&nbsp;&raquo; Au milieu des herbes jaunies du massif de l&rsquo;Arbois, t&eacute;moins &#8230;","protected":false},"author":1,"featured_media":35911,"comment_status":"open","ping_status":"open","sticky":false,"template":"","format":"standard","meta":{"footnotes":""},"categories":[3926,3925,20],"tags":[10,3167,26,316,4015,418,319,1396,6058,734],"news-destination":[3944],"news-source":[475],"is_homepage":[],"ta_other":[],"class_list":["post-35910","post","type-post","status-publish","format-standard","has-post-thumbnail","hentry","category-accueil-merge","category-accueil-third","category-societe","tag-bouches-du-rhone","tag-cabries","tag-environnement","tag-feu-de-foret","tag-feux-de-foret","tag-foret","tag-incendie","tag-incendies","tag-police-de-lenvironnement","tag-police-municipale","news-destination-homepage","news-source-website"],"_links":{"self":[{"href":"https:\/\/euapp01.newsmemory.com\/lamarseillaise\/news\/wp-json\/wp\/v2\/posts\/35910","targetHints":{"allow":["GET"]}}],"collection":[{"href":"https:\/\/euapp01.newsmemory.com\/lamarseillaise\/news\/wp-json\/wp\/v2\/posts"}],"about":[{"href":"https:\/\/euapp01.newsmemory.com\/lamarseillaise\/news\/wp-json\/wp\/v2\/types\/post"}],"author":[{"embeddable":true,"href":"https:\/\/euapp01.newsmemory.com\/lamarseillaise\/news\/wp-json\/wp\/v2\/users\/1"}],"replies":[{"embeddable":true,"href":"https:\/\/euapp01.newsmemory.com\/lamarseillaise\/news\/wp-json\/wp\/v2\/comments?post=35910"}],"version-history":[{"count":1,"href":"https:\/\/euapp01.newsmemory.com\/lamarseillaise\/news\/wp-json\/wp\/v2\/posts\/35910\/revisions"}],"predecessor-version":[{"id":35912,"href":"https:\/\/euapp01.newsmemory.com\/lamarseillaise\/news\/wp-json\/wp\/v2\/posts\/35910\/revisions\/35912"}],"wp:featuredmedia":[{"embeddable":true,"href":"https:\/\/euapp01.newsmemory.com\/lamarseillaise\/news\/wp-json\/wp\/v2\/media\/35911"}],"wp:attachment":[{"href":"https:\/\/euapp01.newsmemory.com\/lamarseillaise\/news\/wp-json\/wp\/v2\/media?parent=35910"}],"wp:term":[{"taxonomy":"category","embeddable":true,"href":"https:\/\/euapp01.newsmemory.com\/lamarseillaise\/news\/wp-json\/wp\/v2\/categories?post=35910"},{"taxonomy":"post_tag","embeddable":true,"href":"https:\/\/euapp01.newsmemory.com\/lamarseillaise\/news\/wp-json\/wp\/v2\/tags?post=35910"},{"taxonomy":"news-destination","embeddable":true,"href":"https:\/\/euapp01.newsmemory.com\/lamarseillaise\/news\/wp-json\/wp\/v2\/news-destination?post=35910"},{"taxonomy":"news-source","embeddable":true,"href":"https:\/\/euapp01.newsmemory.com\/lamarseillaise\/news\/wp-json\/wp\/v2\/news-source?post=35910"},{"taxonomy":"is_homepage","embeddable":true,"href":"https:\/\/euapp01.newsmemory.com\/lamarseillaise\/news\/wp-json\/wp\/v2\/is_homepage?post=35910"},{"taxonomy":"ta_other","embeddable":true,"href":"https:\/\/euapp01.newsmemory.com\/lamarseillaise\/news\/wp-json\/wp\/v2\/ta_other?post=35910"}],"curies":[{"name":"wp","href":"https:\/\/api.w.org\/{rel}","templated":true}]}}