{"id":35907,"date":"2026-07-10T07:15:00","date_gmt":"2026-07-10T05:15:00","guid":{"rendered":"https:\/\/euapp01.newsmemory.com\/lamarseillaise\/news\/?p=35907"},"modified":"2026-07-16T07:27:50","modified_gmt":"2026-07-16T05:27:50","slug":"nicolas-isnard-tente-de-trouver-une-issue-budgetaire","status":"publish","type":"post","link":"https:\/\/euapp01.newsmemory.com\/lamarseillaise\/news\/2026\/07\/10\/nicolas-isnard-tente-de-trouver-une-issue-budgetaire\/","title":{"rendered":"Nicolas Isnard tente de trouver une issue budg\u00e9taire"},"content":{"rendered":"<div class=\"paragraph\">\n<p>Apr\u00e8s une conf\u00e9rence des maires ce mercredi 8\u00a0juillet, Nicolas Isnard (LR) va soumettre au vote en septembre le principe de cr\u00e9ation d\u2019un fonds de concours d\u2019un montant \u00ab\u00a0<i>\u00e9quivalent \u00e0 la baisse de dotation solidaire communautaire<\/i>\u00a0\u00bb. Les \u00e9lus avaient refus\u00e9 de voter le budget\u00a02026 le 28\u00a0avril dernier, le pr\u00e9sident de la m\u00e9tropole estimant que l\u2019\u00c9tat \u00e9tait responsable d\u2019un trou de 144\u00a0millions d\u2019euros, laissant la main \u00e0 la Chambre r\u00e9gionale des comptes et au pr\u00e9fet des Bouches-du-Rh\u00f4ne, Jacques Witkowski. <a href=\"https:\/\/www.lamarseillaise.fr\/politique\/la-metropole-veut-reecrire-le-budget-du-prefet-GH20415982\">Au-del\u00e0 des 91\u00a0millions d\u2019euros d\u2019\u00e9conomies dans le fonctionnement et les investissements de la collectivit\u00e9, les magistrats financiers proposaient de sabrer 53\u00a0millions d\u2019euros dans la dotation de solidarit\u00e9 communautaire.<\/a><\/p>\n<p>Pour le maire de Salon-de-Provence, pas question de recourir \u00e0 l\u2019imp\u00f4t pour redresser la barre et une id\u00e9e fixe\u00a0: pr\u00e9server la capacit\u00e9 d\u2019investissement des communes.<\/p>\n<\/p><\/div>\n<div class=\"intext\"> Des marges de man\u0153uvre tr\u00e8s r\u00e9duites\n              <\/div>\n<div class=\"paragraph\">\n<p>\u00ab\u00a0<i>Le budget arr\u00eat\u00e9 r\u00e9duit fortement les marges de man\u0153uvre des communes. Il \u00e9tait de notre responsabilit\u00e9 de trouver une solution qui permette d\u2019att\u00e9nuer cette perte. En transformant cette perte de Dotation de solidarit\u00e9 communautaire en fonds de concours pour 2026, nous apportons une r\u00e9ponse concr\u00e8te, rapide et solidaire, tout en respectant les \u00e9quilibres financiers de la M\u00e9tropole<\/i><i>\u00a0<\/i>\u00bb, souligne-t-il.<\/p>\n<p>Les 92\u00a0maires ont \u00e9galement convenu \u00ab\u00a0<i>d\u2019engager imm\u00e9diatement les travaux sur le futur pacte financier et fiscal entre la M\u00e9tropole et les communes.<\/i>\u00a0\u00bb Un groupe de travail \u00e9tant mis sur pied pour examiner \u00ab\u00a0<i>l\u2019ensemble des leviers permettant de construire un cadre financier durable et \u00e9quilibr\u00e9<\/i>.\u00a0\u00bb Attributions de compensation, dotation de solidarit\u00e9 communautaire, fiscalit\u00e9&#8230; \u00ab\u00a0<i>Toutes les pistes seront mises sur la table afin de pr\u00e9parer la suite du mandat dans un esprit de responsabilit\u00e9 et de dialogue<\/i>\u00a0\u00bb, assure la pr\u00e9sidence de la m\u00e9tropole. La premi\u00e8re r\u00e9union devant se tenir d\u00e8s ce jeudi.<\/p>\n<\/p><\/div>\n","protected":false},"excerpt":{"rendered":"Apr&egrave;s une conf&eacute;rence des maires ce mercredi 8&nbsp;juillet, Nicolas Isnard (LR) va soumettre au vote en septembre le principe de cr&eacute;ation d&rsquo;un fonds de concours d&rsquo;un montant &laquo;&nbsp;&eacute;quivalent &agrave; la &#8230;","protected":false},"author":1,"featured_media":35908,"comment_status":"open","ping_status":"open","sticky":false,"template":"","format":"standard","meta":{"footnotes":""},"categories":[3926,3925,330],"tags":[1062,10,430,591,822,2503,25,2400,519,3996,665,1541,731,16,535,671,4009,1567,260,53,166],"news-destination":[3944],"news-source":[475],"is_homepage":[],"ta_other":[],"class_list":["post-35907","post","type-post","status-publish","format-standard","has-post-thumbnail","hentry","category-accueil-merge","category-accueil-third","category-politique","tag-arrete","tag-bouches-du-rhone","tag-budget","tag-chambre-regionale-des-comptes","tag-coupes-budgetaires","tag-dotation","tag-durable","tag-fiscalite","tag-investissements","tag-jacques-witkowski","tag-lr","tag-magistrats","tag-mandat","tag-marseille","tag-metropole","tag-metropole-aix-marseille","tag-nicolas-isnard","tag-prefet","tag-solidarite","tag-travail","tag-travaux","news-destination-homepage","news-source-website"],"_links":{"self":[{"href":"https:\/\/euapp01.newsmemory.com\/lamarseillaise\/news\/wp-json\/wp\/v2\/posts\/35907","targetHints":{"allow":["GET"]}}],"collection":[{"href":"https:\/\/euapp01.newsmemory.com\/lamarseillaise\/news\/wp-json\/wp\/v2\/posts"}],"about":[{"href":"https:\/\/euapp01.newsmemory.com\/lamarseillaise\/news\/wp-json\/wp\/v2\/types\/post"}],"author":[{"embeddable":true,"href":"https:\/\/euapp01.newsmemory.com\/lamarseillaise\/news\/wp-json\/wp\/v2\/users\/1"}],"replies":[{"embeddable":true,"href":"https:\/\/euapp01.newsmemory.com\/lamarseillaise\/news\/wp-json\/wp\/v2\/comments?post=35907"}],"version-history":[{"count":1,"href":"https:\/\/euapp01.newsmemory.com\/lamarseillaise\/news\/wp-json\/wp\/v2\/posts\/35907\/revisions"}],"predecessor-version":[{"id":35909,"href":"https:\/\/euapp01.newsmemory.com\/lamarseillaise\/news\/wp-json\/wp\/v2\/posts\/35907\/revisions\/35909"}],"wp:featuredmedia":[{"embeddable":true,"href":"https:\/\/euapp01.newsmemory.com\/lamarseillaise\/news\/wp-json\/wp\/v2\/media\/35908"}],"wp:attachment":[{"href":"https:\/\/euapp01.newsmemory.com\/lamarseillaise\/news\/wp-json\/wp\/v2\/media?parent=35907"}],"wp:term":[{"taxonomy":"category","embeddable":true,"href":"https:\/\/euapp01.newsmemory.com\/lamarseillaise\/news\/wp-json\/wp\/v2\/categories?post=35907"},{"taxonomy":"post_tag","embeddable":true,"href":"https:\/\/euapp01.newsmemory.com\/lamarseillaise\/news\/wp-json\/wp\/v2\/tags?post=35907"},{"taxonomy":"news-destination","embeddable":true,"href":"https:\/\/euapp01.newsmemory.com\/lamarseillaise\/news\/wp-json\/wp\/v2\/news-destination?post=35907"},{"taxonomy":"news-source","embeddable":true,"href":"https:\/\/euapp01.newsmemory.com\/lamarseillaise\/news\/wp-json\/wp\/v2\/news-source?post=35907"},{"taxonomy":"is_homepage","embeddable":true,"href":"https:\/\/euapp01.newsmemory.com\/lamarseillaise\/news\/wp-json\/wp\/v2\/is_homepage?post=35907"},{"taxonomy":"ta_other","embeddable":true,"href":"https:\/\/euapp01.newsmemory.com\/lamarseillaise\/news\/wp-json\/wp\/v2\/ta_other?post=35907"}],"curies":[{"name":"wp","href":"https:\/\/api.w.org\/{rel}","templated":true}]}}