{"id":35904,"date":"2026-07-10T07:05:00","date_gmt":"2026-07-10T05:05:00","guid":{"rendered":"https:\/\/euapp01.newsmemory.com\/lamarseillaise\/news\/?p=35904"},"modified":"2026-07-10T10:08:42","modified_gmt":"2026-07-10T08:08:42","slug":"tadej-pogacar-reprend-la-main-a-gavarnie","status":"publish","type":"post","link":"https:\/\/euapp01.newsmemory.com\/lamarseillaise\/news\/2026\/07\/10\/tadej-pogacar-reprend-la-main-a-gavarnie\/","title":{"rendered":"Tadej Pogacar reprend la main \u00e0 Gavarnie"},"content":{"rendered":"<div class=\"paragraph\">\n<p>Elle \u00e9tait attendue, et elle a eu lieu dans le Tourmalet.<\/p>\n<p>Le premier juge de paix de l\u2019\u00e9dition 2026 de la Grande Boucle a \u00e9t\u00e9 le terrain de jeu du trio en forme de la premi\u00e8re semaine. Avec, dans le r\u00f4le de l\u2019attaquant, Tadej Pogacar. Alors que ceux qui r\u00eavent de leur damer le pion, en premier lieu Jonas Vingegaard et Paul Seixas, ont bien essay\u00e9 de suivre le Slov\u00e8ne dans sa folle ascension du col class\u00e9 hors cat\u00e9gorie. Mais ils n\u2019ont rien pu faire face \u00e0 la puissance du double champion du Monde et quadruple vainqueur du Tour. Avec, comme symbole d\u2019une journ\u00e9e de passation du pouvoir en jaune, la chute de Torstein Traeen.<\/p>\n<\/p><\/div>\n<div class=\"intext\"> Seixas r\u00e9siste\n              <\/div>\n<div class=\"paragraph\">\n<p>Celui qui \u00e9tait jusque-l\u00e0 leader a \u00e9t\u00e9 pi\u00e9g\u00e9 par un de ses co\u00e9quipiers dans la descente du Tourmalet. M\u00eame s\u2019il avait d\u00e9j\u00e0 perdu la tunique dor\u00e9e, la m\u00e9saventure du Norv\u00e9gien symbolise une journ\u00e9e o\u00f9 rien n\u2019a tourn\u00e9 en sa faveur.<\/p>\n<p>Dans cette sixi\u00e8me \u00e9tape, l\u2019\u00e9quipe de Tadej Pogacar a travaill\u00e9 tout au long de l\u2019apr\u00e8s-midi pour d\u00e9gager la route \u00e0 son leader. Avec comme principal acteur Isaac del Toro. Le Mexicain a ouvert la voie dans les premiers lacets du Tourmalet.<\/p>\n<p>Un travail qui a eu raison d\u2019un peloton qui s\u2019est morcel\u00e9 en plusieurs tron\u00e7ons. Seul Jonas Vingegaard a r\u00e9ussi, un temps, \u00e0 suivre le rythme de Tadej Pogacar, qui a pass\u00e9 en t\u00eate le Tourmalet. Mais dans la descente, le Danois a perdu de vue celui qui allait rev\u00eatir le maillot jaune, une fois franchie la ligne d\u2019arriv\u00e9e \u00e0 Gavarnie.<\/p>\n<p>Paul Seixas de son c\u00f4t\u00e9 a limit\u00e9 la casse. Troisi\u00e8me au sommet du Tourmalet, il pointait \u00e0 plus de deux minutes \u00e0 l\u2019approche des derniers kilom\u00e8tres. Tandis que Lenny Martinez, l\u2019autre Fran\u00e7ais en forme de ce d\u00e9but de Tour, \u00e9tait pi\u00e9g\u00e9 dans un groupe de poursuivants.<\/p>\n<p>Jonas Vingegaard, qui \u00e9tait revenu \u00e0 dix secondes de Tadej Pogacar dans les derniers hectom\u00e8tres du Tourmalet, perdait les p\u00e9dales dans la descente. C\u2019est l\u00e0 que celui qui allait r\u00e9cup\u00e9rer le maillot jaune a finalement fait la diff\u00e9rence.<\/p>\n<p>Apr\u00e8s avoir roul\u00e9 seul pendant 46 kilom\u00e8tres, il a attaqu\u00e9 le dernier avec plus de deux minutes d\u2019avance sur son principal rival. Avant de s\u2019offrir sa seconde victoire apr\u00e8s celle entre Granollers et Les Angles. Derri\u00e8re, Jonas Vingegaard prend la deuxi\u00e8me place \u00e0 2\u201930, tandis que Isaac del Toro d\u00e9croche la 3<sup>e<\/sup> place \u00e0 3 minutes, au sein d\u2019un groupe compos\u00e9 notamment de Paul Seixas, Remco Evenep\u0153l, Florian Lipowitz, Lenny Martinez et Juan Ayuso.<\/p>\n<p>S\u2019il reste encore quinze \u00e9tapes, la mani\u00e8re dont Tadej Pogacar m\u00e8ne sa barque depuis Barcelone ne laisse aucun doute. Il sera tr\u00e8s difficile de le d\u00e9tr\u00f4ner.<\/p>\n<p>Le peloton quitte les Pyr\u00e9n\u00e9es et va encha\u00eener sur deux \u00e9tapes de plat, o\u00f9 les sprinters vont avoir autant de fen\u00eatres de tir pour se prendre la lumi\u00e8re. \u00c0 commencer par celle du jour, entre Hagetmau et Bordeaux et ses 175 kilom\u00e8tres.<\/p>\n<\/p><\/div>\n","protected":false},"excerpt":{"rendered":"Elle &eacute;tait attendue, et elle a eu lieu dans le Tourmalet. Le premier juge de paix de l&rsquo;&eacute;dition 2026 de la Grande Boucle a &eacute;t&eacute; le terrain de jeu du trio en forme de la premi&egrave;re semaine. Avec, dans le &#8230;","protected":false},"author":1,"featured_media":35905,"comment_status":"open","ping_status":"open","sticky":false,"template":"","format":"standard","meta":{"footnotes":""},"categories":[7],"tags":[1144,572,3415,3253],"news-destination":[],"news-source":[475],"is_homepage":[],"ta_other":[],"class_list":["post-35904","post","type-post","status-publish","format-standard","has-post-thumbnail","hentry","category-sports","tag-cyclisme","tag-france","tag-montagne","tag-tour-de-france","news-source-website"],"_links":{"self":[{"href":"https:\/\/euapp01.newsmemory.com\/lamarseillaise\/news\/wp-json\/wp\/v2\/posts\/35904","targetHints":{"allow":["GET"]}}],"collection":[{"href":"https:\/\/euapp01.newsmemory.com\/lamarseillaise\/news\/wp-json\/wp\/v2\/posts"}],"about":[{"href":"https:\/\/euapp01.newsmemory.com\/lamarseillaise\/news\/wp-json\/wp\/v2\/types\/post"}],"author":[{"embeddable":true,"href":"https:\/\/euapp01.newsmemory.com\/lamarseillaise\/news\/wp-json\/wp\/v2\/users\/1"}],"replies":[{"embeddable":true,"href":"https:\/\/euapp01.newsmemory.com\/lamarseillaise\/news\/wp-json\/wp\/v2\/comments?post=35904"}],"version-history":[{"count":1,"href":"https:\/\/euapp01.newsmemory.com\/lamarseillaise\/news\/wp-json\/wp\/v2\/posts\/35904\/revisions"}],"predecessor-version":[{"id":35906,"href":"https:\/\/euapp01.newsmemory.com\/lamarseillaise\/news\/wp-json\/wp\/v2\/posts\/35904\/revisions\/35906"}],"wp:featuredmedia":[{"embeddable":true,"href":"https:\/\/euapp01.newsmemory.com\/lamarseillaise\/news\/wp-json\/wp\/v2\/media\/35905"}],"wp:attachment":[{"href":"https:\/\/euapp01.newsmemory.com\/lamarseillaise\/news\/wp-json\/wp\/v2\/media?parent=35904"}],"wp:term":[{"taxonomy":"category","embeddable":true,"href":"https:\/\/euapp01.newsmemory.com\/lamarseillaise\/news\/wp-json\/wp\/v2\/categories?post=35904"},{"taxonomy":"post_tag","embeddable":true,"href":"https:\/\/euapp01.newsmemory.com\/lamarseillaise\/news\/wp-json\/wp\/v2\/tags?post=35904"},{"taxonomy":"news-destination","embeddable":true,"href":"https:\/\/euapp01.newsmemory.com\/lamarseillaise\/news\/wp-json\/wp\/v2\/news-destination?post=35904"},{"taxonomy":"news-source","embeddable":true,"href":"https:\/\/euapp01.newsmemory.com\/lamarseillaise\/news\/wp-json\/wp\/v2\/news-source?post=35904"},{"taxonomy":"is_homepage","embeddable":true,"href":"https:\/\/euapp01.newsmemory.com\/lamarseillaise\/news\/wp-json\/wp\/v2\/is_homepage?post=35904"},{"taxonomy":"ta_other","embeddable":true,"href":"https:\/\/euapp01.newsmemory.com\/lamarseillaise\/news\/wp-json\/wp\/v2\/ta_other?post=35904"}],"curies":[{"name":"wp","href":"https:\/\/api.w.org\/{rel}","templated":true}]}}