{"id":35898,"date":"2026-07-10T07:08:00","date_gmt":"2026-07-10T05:08:00","guid":{"rendered":"https:\/\/euapp01.newsmemory.com\/lamarseillaise\/news\/?p=35898"},"modified":"2026-07-10T10:08:42","modified_gmt":"2026-07-10T08:08:42","slug":"quand-un-miracule-soppose-a-une-defense-invincible","status":"publish","type":"post","link":"https:\/\/euapp01.newsmemory.com\/lamarseillaise\/news\/2026\/07\/10\/quand-un-miracule-soppose-a-une-defense-invincible\/","title":{"rendered":"Quand un miracul\u00e9 s\u2019oppose \u00e0 une d\u00e9fense invincible"},"content":{"rendered":"<div class=\"paragraph\">\n<p>Si la France, qui jouait dans la nuit son quart de finale face au Maroc, \u00e9pate avec son jeu offensif, l\u2019Espagne, autre \u00e9quipe cit\u00e9e parmi les principales favorites du tournoi, impressionne avec sa solidit\u00e9, peu importe l\u2019adversaire.<\/p>\n<p>La Roja, pas toujours brillante dans le dernier tiers, est la seule \u00e9quipe pr\u00e9sente en quarts \u00e0 ne pas encore avoir encaiss\u00e9 de but. Le gardien de Bilbao, Una\u00ef Simon, n\u2019a subi que six tirs cadr\u00e9s en cinq matches. \u00ab\u00a0<i>D\u00e9fensivement, nous sommes tr\u00e8s bien structur\u00e9s, nous savons tous ce qu\u2019il faut faire<\/i><i>\u00a0<\/i>\u00bb, a expliqu\u00e9 mercredi \u00e0 l\u2019AFP le portier rempla\u00e7ant Joan Garcia.<\/p>\n<p>\u00ab\u00a0<i>Je pense que l\u2019important pour un gardien, c\u2019est d\u2019\u00e9viter des frappes plut\u00f4t que d\u2019arr\u00eater, \u00e9viter qu\u2019on arrive jusqu\u2019\u00e0 toi, que ce soit avec une couverture d\u00e9fensive, en sortant sur un ballon a\u00e9rien, en interceptant un centre \u00e0 ras de terre&#8230; Ce sont des choses qui ne figurent peut-\u00eatre pas dans les statistiques, mais qui, pour un gardien et pour une \u00e9quipe, sont importantes. Cela montre que le plan que nous suivons pendant les matches est bon<\/i><i>\u00a0<\/i>\u00bb, a-t-il ajout\u00e9.<\/p>\n<p>Peu mise en danger, une Roja prudente a attendu le temps additionnel pour frapper avec Mikel Merino au tour pr\u00e9c\u00e9dent face au Portugal (1-0). L\u2019\u00e9quipe semble avoir encore une marge offensive notamment avec Lamine Yamal, qui a attaqu\u00e9 le tournoi bless\u00e9, et n\u2019a inscrit qu\u2019un seul but pour l\u2019instant, de quoi le laisser boudeur en 16<sup>e<\/sup> face \u00e0 l\u2019Autriche (3-0).<\/p>\n<p>Sacr\u00e9e en 2010 en confisquant le ballon pour deux buts encaiss\u00e9s en sept rencontres, la Roja a repris ses bonnes habitudes, elle qui n\u2019avait plus franchi les 8<sup>e<\/sup> de finale depuis.<\/p>\n<\/p><\/div>\n<div class=\"intext\"> L\u2019\u00e9nigme belge\n              <\/div>\n<div class=\"paragraph\">\n<p>Apr\u00e8s deux nuls et un d\u00e9but de tournoi poussif, la Belgique a encha\u00een\u00e9 trois succ\u00e8s, dont un miracle en 16<sup>e<\/sup> de finale face au S\u00e9n\u00e9gal (3-2), avant un match r\u00e9f\u00e9rence face \u00e0 l\u2019organisateur Team USA (4-1).<\/p>\n<p>Alternant entre un jeu mollasson et des phases tr\u00e8s inspir\u00e9es, les Diables Rouges ont eu 18 titulaires diff\u00e9rents, au gr\u00e9 des sch\u00e9mas du s\u00e9lectionneur Rudi Garcia, qui n\u2019h\u00e9site pas \u00e0 attaquer les statuts des cadors, comme Kevin De Bruyne, m\u00eame pas entr\u00e9 en jeu en huiti\u00e8mes.<\/p>\n<p>Impr\u00e9visible, la Belgique, qui voit parfois ses joueurs s\u2019invectiver en plein match (Iran, S\u00e9n\u00e9gal), peut s\u2019appuyer sur son roc Thibaut Courtois dans les buts.<\/p>\n<p>\u00ab\u00a0<i>La situation est un peu similaire au quart de finale en 2018 face au Br\u00e9sil <\/i>[victoire <br \/>2-1, Ndlr.], <i>ils \u00e9taient favoris, ils avaient plus de qualit\u00e9s individuelles, mais on \u00e9tait une grande \u00e9quipe tous ensemble, comme maintenant<\/i><i>\u00a0<\/i>\u00bb, a comment\u00e9 mercredi le portier du Real Madrid lors d\u2019un point presse o\u00f9 il aura jongl\u00e9 entre anglais, fran\u00e7ais, flamand et espagnol.<\/p>\n<\/p><\/div>\n<div class=\"paragraph\">\n<p>Espagne &#8211; Belgique<\/p>\n<p>SoFi stadium, 21 heures.<\/p>\n<p>Arbitre : Micha\u00ebl Oliver.<\/p>\n<p>ESPAGNE : Simon &#8211; Porro, Cubarsi, Laporte, Cucurella &#8211; Rodri, Pedri &#8211; Yamal, Olmo, Baena &#8211; Oyarzabal.<\/p>\n<p>BELGIQUE : Courtois &#8211; Castagne, Mechele, Ngoy, de Cuyper &#8211; Raskin, Vanaken &#8211; Lukebakio (ou Doku), Tielemans, Trossard &#8211; de Ketelaere (ou Lukaku).<\/p>\n<p><i>Le vainqueur de ce match affrontera en demi-finale, <br \/>celui de France &#8211; Maroc, <br \/>mardi 14 juillet \u00e0 Dallas..<\/i><\/p>\n<\/p><\/div>\n<div class=\"paragraph\">\n<p><b>ET AUSSI<\/b><\/p>\n<p><b>La tr\u00e8s longue attente suisse<\/b><\/p>\n<p>En battant la Colombie aux tirs au but (0-0, 4-3) dans la nuit de mardi \u00e0 mercredi, la Suisse a mis fin \u00e0 une tr\u00e8s longue attente.<\/p>\n<p>La Nati n\u2019avait plus atteint les quarts de finale d\u2019une coupe du Monde depuis 1954. Apr\u00e8s une longue attente de 72 ans, et trois \u00e9checs cons\u00e9cutifs en huiti\u00e8mes de finale, les co\u00e9quipiers du Rennais Breel Embolo ont bris\u00e9 le plafond de verre et esp\u00e8rent ne pas s\u2019arr\u00eater l\u00e0.<\/p>\n<p><b>Adieu au Canada<\/b><\/p>\n<p>Le huiti\u00e8me de finale Suisse &#8211; Colombie s\u2019est jou\u00e9 \u00e0 Vancouver. C\u2019\u00e9tait le dernier match de ce mondial disput\u00e9 au Canada.<\/p>\n<p>\u00c0 pr\u00e9sent, tout va se concentrer aux \u00c9tats-unis. Les quarts de finales r\u00e9partis entre Boston, Los Angeles, Miami et Kansas City. Les demi-finales se joueront \u00e0 Dallas et Atlanta, la petite finale \u00e0 Miami et la finale \u00e0 New York.<\/p>\n<p><b>La Norv\u00e8ge toujours l\u00e0<\/b><\/p>\n<p>La Norv\u00e8ge s\u2019avance vers son premier quart de finale de Coupe du monde, vendredi \u00e0 Miami, en ayant d\u00e9j\u00e0 prouv\u00e9 son statut d\u2019outsider. Elle se pr\u00e9pare \u00e0 d\u00e9fier des Anglais qui ont fait parler leur exp\u00e9rience pour sortir des pi\u00e8ges congolais et mexicains.<\/p>\n<p>Port\u00e9s par Erling Haaland, d\u00e9j\u00e0 auteur de sept buts pour son premier Mondial, les Norv\u00e9giens ont d\u00e9j\u00e0 pass\u00e9 plusieurs tests en haute altitude face \u00e0 de solides s\u00e9lections.<\/p>\n<p>Apr\u00e8s s\u2019\u00eatre impos\u00e9s face au S\u00e9n\u00e9gal en phase de groupes (3-2), ils ont successivement battu sur le m\u00eame score (2-1) une chatoyante C\u00f4te d\u2019Ivoire puis un Br\u00e9sil moins reluisant.<\/p>\n<p>Seul accroc, une large d\u00e9faite contre la France (4-1). Un r\u00e9sultat qu\u2019il convient de pond\u00e9rer, car le s\u00e9lectionneur avait align\u00e9 une \u00e9quipe bis, les Norv\u00e9giens ayant assur\u00e9 leur place en seizi\u00e8me de finale.<\/p>\n<\/p><\/div>\n","protected":false},"excerpt":{"rendered":"Si la France, qui jouait dans la nuit son quart de finale face au Maroc, &eacute;pate avec son jeu offensif, l&rsquo;Espagne, autre &eacute;quipe cit&eacute;e parmi les principales favorites du tournoi, impressionne avec sa solidit&eacute;, peu &#8230;","protected":false},"author":1,"featured_media":35899,"comment_status":"open","ping_status":"open","sticky":false,"template":"","format":"standard","meta":{"footnotes":""},"categories":[7],"tags":[4102,1097,1220,276,5818,13],"news-destination":[],"news-source":[475],"is_homepage":[],"ta_other":[],"class_list":["post-35898","post","type-post","status-publish","format-standard","has-post-thumbnail","hentry","category-sports","tag-belgique","tag-coupe-du-monde","tag-espagne","tag-etats-unis","tag-fifa","tag-football","news-source-website"],"_links":{"self":[{"href":"https:\/\/euapp01.newsmemory.com\/lamarseillaise\/news\/wp-json\/wp\/v2\/posts\/35898","targetHints":{"allow":["GET"]}}],"collection":[{"href":"https:\/\/euapp01.newsmemory.com\/lamarseillaise\/news\/wp-json\/wp\/v2\/posts"}],"about":[{"href":"https:\/\/euapp01.newsmemory.com\/lamarseillaise\/news\/wp-json\/wp\/v2\/types\/post"}],"author":[{"embeddable":true,"href":"https:\/\/euapp01.newsmemory.com\/lamarseillaise\/news\/wp-json\/wp\/v2\/users\/1"}],"replies":[{"embeddable":true,"href":"https:\/\/euapp01.newsmemory.com\/lamarseillaise\/news\/wp-json\/wp\/v2\/comments?post=35898"}],"version-history":[{"count":1,"href":"https:\/\/euapp01.newsmemory.com\/lamarseillaise\/news\/wp-json\/wp\/v2\/posts\/35898\/revisions"}],"predecessor-version":[{"id":35900,"href":"https:\/\/euapp01.newsmemory.com\/lamarseillaise\/news\/wp-json\/wp\/v2\/posts\/35898\/revisions\/35900"}],"wp:featuredmedia":[{"embeddable":true,"href":"https:\/\/euapp01.newsmemory.com\/lamarseillaise\/news\/wp-json\/wp\/v2\/media\/35899"}],"wp:attachment":[{"href":"https:\/\/euapp01.newsmemory.com\/lamarseillaise\/news\/wp-json\/wp\/v2\/media?parent=35898"}],"wp:term":[{"taxonomy":"category","embeddable":true,"href":"https:\/\/euapp01.newsmemory.com\/lamarseillaise\/news\/wp-json\/wp\/v2\/categories?post=35898"},{"taxonomy":"post_tag","embeddable":true,"href":"https:\/\/euapp01.newsmemory.com\/lamarseillaise\/news\/wp-json\/wp\/v2\/tags?post=35898"},{"taxonomy":"news-destination","embeddable":true,"href":"https:\/\/euapp01.newsmemory.com\/lamarseillaise\/news\/wp-json\/wp\/v2\/news-destination?post=35898"},{"taxonomy":"news-source","embeddable":true,"href":"https:\/\/euapp01.newsmemory.com\/lamarseillaise\/news\/wp-json\/wp\/v2\/news-source?post=35898"},{"taxonomy":"is_homepage","embeddable":true,"href":"https:\/\/euapp01.newsmemory.com\/lamarseillaise\/news\/wp-json\/wp\/v2\/is_homepage?post=35898"},{"taxonomy":"ta_other","embeddable":true,"href":"https:\/\/euapp01.newsmemory.com\/lamarseillaise\/news\/wp-json\/wp\/v2\/ta_other?post=35898"}],"curies":[{"name":"wp","href":"https:\/\/api.w.org\/{rel}","templated":true}]}}