{"id":35895,"date":"2026-07-10T07:08:00","date_gmt":"2026-07-10T05:08:00","guid":{"rendered":"https:\/\/euapp01.newsmemory.com\/lamarseillaise\/news\/?p=35895"},"modified":"2026-07-10T10:08:42","modified_gmt":"2026-07-10T08:08:42","slug":"jo-seghi-nous-a-quittes","status":"publish","type":"post","link":"https:\/\/euapp01.newsmemory.com\/lamarseillaise\/news\/2026\/07\/10\/jo-seghi-nous-a-quittes\/","title":{"rendered":"Jo Seghi nous a quitt\u00e9s"},"content":{"rendered":"<div class=\"paragraph\">\n<p>C\u2019est un grand acteur de la solidarit\u00e9 locale qui s\u2019en est all\u00e9. Militant au Secours populaire pendant plus de 40 ans, association au sein de laquelle il a pr\u00e9sid\u00e9 l\u2019antenne varoise durant 28 ans (1979-2007), et m\u00eame occup\u00e9 des fonctions au bureau national et au comit\u00e9 national, Giuseppe \u00ab\u00a0Jo\u00a0\u00bb Seghi s\u2019est \u00e9teint samedi 4\u00a0juillet \u00e0 l\u2019\u00e2ge de 84 ans.<\/p>\n<p>\u00ab\u00a0<i>Rendre espoir et dignit\u00e9, c\u2019est ce que Jo aura fait sa vie durant, \u00e0 la crois\u00e9e des chemins des personnes en difficult\u00e9 qu\u2019il a rencontr\u00e9es<\/i>\u00a0\u00bb, salue Olivier Masini, le pr\u00e9sident du Secours populaire du Var, qui rend hommage \u00e0 un \u00ab\u00a0<i>homme d\u2019engagement et de conviction, qui aura contribu\u00e9 \u00e0 implanter durablement le Secours populaire dans notre d\u00e9partement en portant les luttes contre toutes formes d\u2019injustices et pour l\u2019acc\u00e8s aux droits<\/i><i>\u00a0<\/i>\u00bb. La\u00a0Marseillaise se joint au Secours populaire pour adresser ses pens\u00e9es affectueuses \u00e0 Danielle sa femme, ses fils Olivier et Fr\u00e9d\u00e9ric, et ses petits-enfants.<\/p>\n<\/p><\/div>\n","protected":false},"excerpt":{"rendered":"C&rsquo;est un grand acteur de la solidarit&eacute; locale qui s&rsquo;en est all&eacute;. Militant au Secours populaire pendant plus de 40 ans, association au sein de laquelle il a pr&eacute;sid&eacute; l&rsquo;antenne varoise durant 28 ans &#8230;","protected":false},"author":1,"featured_media":35896,"comment_status":"open","ping_status":"open","sticky":false,"template":"","format":"standard","meta":{"footnotes":""},"categories":[20],"tags":[168,2742,389,1079,1263,3108,912,1483,31],"news-destination":[],"news-source":[475],"is_homepage":[],"ta_other":[],"class_list":["post-35895","post","type-post","status-publish","format-standard","has-post-thumbnail","hentry","category-societe","tag-association","tag-disparition","tag-hommage","tag-militantisme","tag-militants","tag-olivier-masini","tag-secours-populaire","tag-secretaire-general","tag-var","news-source-website"],"_links":{"self":[{"href":"https:\/\/euapp01.newsmemory.com\/lamarseillaise\/news\/wp-json\/wp\/v2\/posts\/35895","targetHints":{"allow":["GET"]}}],"collection":[{"href":"https:\/\/euapp01.newsmemory.com\/lamarseillaise\/news\/wp-json\/wp\/v2\/posts"}],"about":[{"href":"https:\/\/euapp01.newsmemory.com\/lamarseillaise\/news\/wp-json\/wp\/v2\/types\/post"}],"author":[{"embeddable":true,"href":"https:\/\/euapp01.newsmemory.com\/lamarseillaise\/news\/wp-json\/wp\/v2\/users\/1"}],"replies":[{"embeddable":true,"href":"https:\/\/euapp01.newsmemory.com\/lamarseillaise\/news\/wp-json\/wp\/v2\/comments?post=35895"}],"version-history":[{"count":1,"href":"https:\/\/euapp01.newsmemory.com\/lamarseillaise\/news\/wp-json\/wp\/v2\/posts\/35895\/revisions"}],"predecessor-version":[{"id":35897,"href":"https:\/\/euapp01.newsmemory.com\/lamarseillaise\/news\/wp-json\/wp\/v2\/posts\/35895\/revisions\/35897"}],"wp:featuredmedia":[{"embeddable":true,"href":"https:\/\/euapp01.newsmemory.com\/lamarseillaise\/news\/wp-json\/wp\/v2\/media\/35896"}],"wp:attachment":[{"href":"https:\/\/euapp01.newsmemory.com\/lamarseillaise\/news\/wp-json\/wp\/v2\/media?parent=35895"}],"wp:term":[{"taxonomy":"category","embeddable":true,"href":"https:\/\/euapp01.newsmemory.com\/lamarseillaise\/news\/wp-json\/wp\/v2\/categories?post=35895"},{"taxonomy":"post_tag","embeddable":true,"href":"https:\/\/euapp01.newsmemory.com\/lamarseillaise\/news\/wp-json\/wp\/v2\/tags?post=35895"},{"taxonomy":"news-destination","embeddable":true,"href":"https:\/\/euapp01.newsmemory.com\/lamarseillaise\/news\/wp-json\/wp\/v2\/news-destination?post=35895"},{"taxonomy":"news-source","embeddable":true,"href":"https:\/\/euapp01.newsmemory.com\/lamarseillaise\/news\/wp-json\/wp\/v2\/news-source?post=35895"},{"taxonomy":"is_homepage","embeddable":true,"href":"https:\/\/euapp01.newsmemory.com\/lamarseillaise\/news\/wp-json\/wp\/v2\/is_homepage?post=35895"},{"taxonomy":"ta_other","embeddable":true,"href":"https:\/\/euapp01.newsmemory.com\/lamarseillaise\/news\/wp-json\/wp\/v2\/ta_other?post=35895"}],"curies":[{"name":"wp","href":"https:\/\/api.w.org\/{rel}","templated":true}]}}