{"id":35889,"date":"2026-07-10T06:52:00","date_gmt":"2026-07-10T04:52:00","guid":{"rendered":"https:\/\/euapp01.newsmemory.com\/lamarseillaise\/news\/?p=35889"},"modified":"2026-07-15T08:33:45","modified_gmt":"2026-07-15T06:33:45","slug":"mondial-a-petanque-un-nouveau-chapitre-sest-ouvert","status":"publish","type":"post","link":"https:\/\/euapp01.newsmemory.com\/lamarseillaise\/news\/2026\/07\/10\/mondial-a-petanque-un-nouveau-chapitre-sest-ouvert\/","title":{"rendered":"Un nouveau chapitre du Mondial La Marseillaise s\u2019est ouvert"},"content":{"rendered":"<div class=\"paragraph\">\n<p>On pensait cette Marseillaise au sommet, apr\u00e8s le sacre de Madagascar et les records de participation de 2025. La 65<sup>e<\/sup> \u00e9dition qui s\u2019ach\u00e8ve nous a prouv\u00e9 tout le contraire. Le Mondial La\u00a0Marseillaise \u00e0 p\u00e9tanque a ouvert un nouveau chapitre de sa d\u00e9j\u00e0 tr\u00e8s longue histoire qui va continuer \u00e0 s\u2019\u00e9crire en lettres d\u2019or. Et pas simplement parce que de nouveaux records d\u2019inscription ont \u00e9t\u00e9 battus.<\/p>\n<p>4\u00a0832\u00a0\u00e9quipes \u00e9taient sur la ligne de d\u00e9part, dimanche 5\u00a0juillet. 16\u00a0392\u00a0joueurs sur l\u2019ensemble de la comp\u00e9tition si on y ajoute les triplettes inscrites au Grand prix f\u00e9minin Paprec (179), celles du Troph\u00e9e Cr\u00e9dit Mutuel Mondial des jeunes (179), du Handi Mondial (32) et sur les quatre tournois annexes\u00a0: 123\u00a0triplettes pour le Mondial IDELIA des CSE, 23 pour le Mondial des centres sociaux, 64 pour le Challenge Proman et 32 pour le Challenge Colas.<\/p>\n<\/p><\/div>\n<div class=\"intext\"> Essais transform\u00e9s\n              <\/div>\n<div class=\"paragraph\">\n<p>Au total 30\u00a0nations (139\u00a0\u00e9quipes \u00e9trang\u00e8res) \u00e9taient repr\u00e9sent\u00e9es, soit quatre de plus que l\u2019ann\u00e9e pr\u00e9c\u00e9dente. Certaines comme la Belgique, la Suisse ou l\u2019Allemagne sont m\u00eame devenues des habitu\u00e9es du concours du GP f\u00e9minin et du Mondial des jeunes. Des \u00e9quipes venues des 94\u00a0d\u00e9partements de la m\u00e9tropole ont fait le d\u00e9placement. Certaines de tr\u00e8s loin.<\/p>\n<p>Le Mondial continue de grandir et se d\u00e9velopper, et les jalons pos\u00e9s en 2026 lui ouvrent d\u2019incroyables perspectives. Redout\u00e9 par l\u2019organisation, le passage r\u00e9ussi \u00e0 la premi\u00e8re partie en deux sessions, a \u00e9t\u00e9 de l\u2019avis de tous un succ\u00e8s. Avec ses aires de jeu recentr\u00e9es autour du parc Bor\u00e9ly, et des arbitres pr\u00e9sents sur chaque site en nombre plus important, le passage de la barre des 5\u00a0000\u00a0\u00e9quipes peut d\u00e9sormais \u00eatre envisag\u00e9 avec s\u00e9r\u00e9nit\u00e9.<\/p>\n<p>Le nouveau visage du Parc Bor\u00e9ly, avec son village, baptis\u00e9 \u00ab\u00a0<i>esplanade Patricia-Jeanjean<\/i><i>\u00a0<\/i><i>\u00bb<\/i>, en c\u0153ur de parc, et son ombri\u00e8re entre le stade d\u2019honneur et le stade IDELIA, a connu des records d\u2019affluence, donnant un peu plus \u00e0 cette journ\u00e9e d\u2019ouverture dominicale des airs de grand festival boulistique. Le stade d\u2019honneur, relook\u00e9 fa\u00e7on Roland-Garros avec ses loges de bord terrain, dans une mise en image parfaitement ma\u00eetris\u00e9e de nos confr\u00e8res de France T\u00e9l\u00e9vision, est devenu un carr\u00e9 d\u2019honneur au niveau du plus grand concours de la plan\u00e8te. Si la finale du concours g\u00e9n\u00e9ral a \u00e9t\u00e9 quelque peu d\u00e9cevante en termes de spectacle, les femmes et les enfants ont r\u00e9gal\u00e9.<\/p>\n<p>On n\u2019oubliera pas non plus la cr\u00e9ation du Mondial des C\u00e9l\u00e9brit\u00e9s, h\u00e9ritier de l\u2019historique Troph\u00e9e des artistes, et l\u2019encha\u00eenement des quarts de finale \u00e0 la suite, le mardi, support \u00e0 une \u00ab\u00a0night session\u00a0\u00bb fort appr\u00e9ci\u00e9e au regard des fortes chaleurs de la journ\u00e9e. Tout ce dispositif n\u00e9cessitera des ajustements mais les bases pos\u00e9es par Maryan Barthelemy, le nouveau directeur des \u00e9v\u00e9nements du journal La\u00a0Marseillaise, sont l\u00e0.<\/p>\n<p>Ce Mondial a multipli\u00e9 les nouveaut\u00e9s. Mais elles s\u2019inscrivent dans la tradition de ce concours imagin\u00e9 par ses p\u00e8res fondateurs comme une grande f\u00eate sportive et populaire, ouverte \u00e0 tous et enti\u00e8rement gratuite, lors de laquelle toutes les classes sociales se m\u00e9langent, et o\u00f9 un simple joueur de camping peut jouer un sportif de haut niveau bard\u00e9 de titres mondiaux.<\/p>\n<p>Derri\u00e8re ce monument, s\u2019agitent durant une dizaine de jours des centaines de b\u00e9n\u00e9voles. Eux aussi ils forment une grande famille dont l\u2019engagement renouvel\u00e9 chaque ann\u00e9e, g\u00e9n\u00e9ration apr\u00e8s g\u00e9n\u00e9ration, force l\u2019admiration de tous. Elle m\u00e9rite la v\u00f4tre autant que celle port\u00e9e \u00e0 ses grands champions et championnes qui brillent dans le carr\u00e9 d\u2019honneur.<\/p>\n<\/p><\/div>\n<div class=\"paragraph\">\n<p><b>16 392<\/b><\/p>\n<p>C\u2019est le nombre total de participants engag\u00e9s sur les trois concours officiels et les quatre concours annexes de cette 56e \u00e9dition du Mondial La Marseillaise.<\/p>\n<p><b>Palmar\u00e8s 2026<\/b><\/p>\n<p><b>Mondial La Marseillaise : <\/b>Patrick Messonnier, Yohan Cousin et Michel Loy.<\/p>\n<p><b>GP F\u00e9minin Paprec : <\/b>Camille Picard, Nad\u00e8ge Baussian Protat, Aur\u00e9lie Bories.<\/p>\n<p><b>Troph\u00e9e Cr\u00e9dit Mutuel des jeunes :<\/b> Sasha, Delattre, Niky Auffray, Dankan Baudino (juniors) ;<\/p>\n<p>Loni Szczotkowski, Mylan Terryn et Liam Conti (cadets) ; Mat\u00e9o Sevilla, Robin callu-Henin, Hylan Ruiz-B\u00e9camel (benj\/min).<\/p>\n<p><b>Handi Mondial : <\/b>Fr\u00e9d\u00e9ric Coppola, Malik Ayud, Philippe Navarro.<\/p>\n<\/p><\/div>\n","protected":false},"excerpt":{"rendered":"On pensait cette Marseillaise au sommet, apr&egrave;s le sacre de Madagascar et les records de participation de 2025. La 65e &eacute;dition qui s&rsquo;ach&egrave;ve nous a prouv&eacute; tout le contraire. Le Mondial La&nbsp;Marseillaise &agrave; &#8230;","protected":false},"author":1,"featured_media":35890,"comment_status":"open","ping_status":"open","sticky":false,"template":"","format":"standard","meta":{"footnotes":""},"categories":[3926,3925,7],"tags":[5503,10,1161,4581,5560,16,4647,6033,3332,4580,896,1013],"news-destination":[3944],"news-source":[475],"is_homepage":[],"ta_other":[],"class_list":["post-35889","post","type-post","status-publish","format-standard","has-post-thumbnail","hentry","category-accueil-merge","category-accueil-third","category-sports","tag-borely","tag-bouches-du-rhone","tag-boules","tag-la-marseillaise-2026","tag-le-mondial-la-marseillaise-2026","tag-marseille","tag-mlm2026","tag-mondial-2026","tag-mondial-a-petanque","tag-mondial-la-marseillaise-2026","tag-mondial-la-marseillaise-a-petanque","tag-petanque","news-destination-homepage","news-source-website"],"_links":{"self":[{"href":"https:\/\/euapp01.newsmemory.com\/lamarseillaise\/news\/wp-json\/wp\/v2\/posts\/35889","targetHints":{"allow":["GET"]}}],"collection":[{"href":"https:\/\/euapp01.newsmemory.com\/lamarseillaise\/news\/wp-json\/wp\/v2\/posts"}],"about":[{"href":"https:\/\/euapp01.newsmemory.com\/lamarseillaise\/news\/wp-json\/wp\/v2\/types\/post"}],"author":[{"embeddable":true,"href":"https:\/\/euapp01.newsmemory.com\/lamarseillaise\/news\/wp-json\/wp\/v2\/users\/1"}],"replies":[{"embeddable":true,"href":"https:\/\/euapp01.newsmemory.com\/lamarseillaise\/news\/wp-json\/wp\/v2\/comments?post=35889"}],"version-history":[{"count":2,"href":"https:\/\/euapp01.newsmemory.com\/lamarseillaise\/news\/wp-json\/wp\/v2\/posts\/35889\/revisions"}],"predecessor-version":[{"id":36111,"href":"https:\/\/euapp01.newsmemory.com\/lamarseillaise\/news\/wp-json\/wp\/v2\/posts\/35889\/revisions\/36111"}],"wp:featuredmedia":[{"embeddable":true,"href":"https:\/\/euapp01.newsmemory.com\/lamarseillaise\/news\/wp-json\/wp\/v2\/media\/35890"}],"wp:attachment":[{"href":"https:\/\/euapp01.newsmemory.com\/lamarseillaise\/news\/wp-json\/wp\/v2\/media?parent=35889"}],"wp:term":[{"taxonomy":"category","embeddable":true,"href":"https:\/\/euapp01.newsmemory.com\/lamarseillaise\/news\/wp-json\/wp\/v2\/categories?post=35889"},{"taxonomy":"post_tag","embeddable":true,"href":"https:\/\/euapp01.newsmemory.com\/lamarseillaise\/news\/wp-json\/wp\/v2\/tags?post=35889"},{"taxonomy":"news-destination","embeddable":true,"href":"https:\/\/euapp01.newsmemory.com\/lamarseillaise\/news\/wp-json\/wp\/v2\/news-destination?post=35889"},{"taxonomy":"news-source","embeddable":true,"href":"https:\/\/euapp01.newsmemory.com\/lamarseillaise\/news\/wp-json\/wp\/v2\/news-source?post=35889"},{"taxonomy":"is_homepage","embeddable":true,"href":"https:\/\/euapp01.newsmemory.com\/lamarseillaise\/news\/wp-json\/wp\/v2\/is_homepage?post=35889"},{"taxonomy":"ta_other","embeddable":true,"href":"https:\/\/euapp01.newsmemory.com\/lamarseillaise\/news\/wp-json\/wp\/v2\/ta_other?post=35889"}],"curies":[{"name":"wp","href":"https:\/\/api.w.org\/{rel}","templated":true}]}}