{"id":35886,"date":"2026-07-10T07:01:00","date_gmt":"2026-07-10T05:01:00","guid":{"rendered":"https:\/\/euapp01.newsmemory.com\/lamarseillaise\/news\/?p=35886"},"modified":"2026-07-15T09:25:56","modified_gmt":"2026-07-15T07:25:56","slug":"inceste-une-commission-denonce-des-defaillances","status":"publish","type":"post","link":"https:\/\/euapp01.newsmemory.com\/lamarseillaise\/news\/2026\/07\/10\/inceste-une-commission-denonce-des-defaillances\/","title":{"rendered":"Inceste&nbsp;: une commission d\u00e9nonce des \u00ab&nbsp;d\u00e9faillances&nbsp;\u00bb"},"content":{"rendered":"<div class=\"paragraph\">\n<p>\u00ab <i>L<\/i><i>\u2019inceste est un crime de masse, qu\u2019on ne peut traiter comme un fait divers ou une s\u00e9rie de crimes isol\u00e9s. C\u2019est un ph\u00e9nom\u00e8ne de soci\u00e9t\u00e9 qui appelle une politique publique \u00e0 part enti\u00e8re, \u00e0 360<\/i><i>\u00a0<\/i><i>degr\u00e9s<\/i>\u00a0\u00bb, a expliqu\u00e9 \u00e0 l\u2019AFP son rapporteur, le d\u00e9put\u00e9 PS Christian Baptiste.<\/p>\n<p>Dans son rapport, officiellement publi\u00e9 jeudi matin, la commission rappelle que 160\u00a0000\u00a0enfants sont victimes chaque ann\u00e9e de violences sexuelles, soit un enfant victime de viol ou d\u2019agression sexuelle \u00ab\u00a0<i>toutes les trois minutes<\/i>\u00a0\u00bb. Dans 81% des cas, l\u2019agresseur appartient \u00e0 la famille. Plus de 20\u00a0000\u00a0victimes mineures de violences sexuelles intrafamiliales ont \u00e9t\u00e9 enregistr\u00e9es en 2025 par les forces de l\u2019ordre (+170% par rapport \u00e0 2016).<\/p>\n<\/p><\/div>\n<div class=\"intext\"> Experts judiciaires critiqu\u00e9s\n              <\/div>\n<div class=\"paragraph\">\n<p>Cet \u00e9tat des lieux s\u2019inscrit dans le contexte d\u2019une importante mobilisation associative, depuis un an et demi, pour une \u00ab\u00a0loi int\u00e9grale\u00a0\u00bb contre les violences sexuelles. Une proposition de loi a \u00e9t\u00e9 d\u00e9pos\u00e9e, fin 2025, par la d\u00e9put\u00e9e socialiste C\u00e9line Thiebault-Martinez, texte dont le gouvernement s\u2019est engag\u00e9 \u00e0 reprendre certaines mesures \u00e0 l\u2019automne, en r\u00e9ponse \u00e0 l\u2019\u00e9motion suscit\u00e9e par le viol et la mort de la coll\u00e9gienne Lyhanna et par les multiples affaires dans le p\u00e9riscolaire.<\/p>\n<p>Le rapport pointe \u00ab\u00a0des d\u00e9faillances \u00e0 chaque maillon de la cha\u00eene p\u00e9nale\u00a0\u00bb, \u00ab\u00a0de l\u2019enqu\u00eate au jugement\u00a0\u00bb. Face \u00e0 \u00ab\u00a0l\u2019explosion des plaintes\u00a0\u00bb, les moyens humains sont \u00ab\u00a0largement insuffisants\u00a0\u00bb, avec seulement 2\u00a0000\u00a0enqu\u00eateurs sp\u00e9cialis\u00e9s, et les professionnels &#8211;\u00a0forces de l\u2019ordre, experts, magistrats\u00a0&#8211; insuffisamment form\u00e9s, d\u00e9crit-il. Cons\u00e9quence\u00a0: des proc\u00e9dures longues, des enqu\u00eates \u00ab\u00a0au point mort\u00a0\u00bb et un faible nombre de condamnations (380 pour viols incestueux en 2024).<\/p>\n<p>Les auditions des enfants sont parfois mal conduites et ont lieu plusieurs mois apr\u00e8s la plainte, leur parole est \u00ab\u00a0trop souvent mise en doute\u00a0\u00bb, critique la commission. Les enqu\u00eates sont \u00ab\u00a0limit\u00e9es voire indigentes dans de trop nombreux dossiers\u00a0\u00bb.<\/p>\n<p>Le rapport se montre particuli\u00e8rement s\u00e9v\u00e8re envers les expertises judiciaires\u00a0: les experts psychologues et psychiatres sont trop peu nombreux, pas toujours sp\u00e9cialis\u00e9s. Certains ont encore recours \u00e0 des \u00ab\u00a0<i>concepts pourtant bannis par la communaut\u00e9 scientifique, comme le syndrome d\u2019ali\u00e9nation parentale<\/i><i>\u00a0<\/i>\u00bb, et prennent \u00ab\u00a0<i>parti pour le parent mis en cause, parfois sans avoir m\u00eame rencontr\u00e9 l\u2019enfant ou le parent mis en cause<\/i><i>\u00a0<\/i>\u00bb, note la pr\u00e9sidente de la commission Maud Petit (Modem).<\/p>\n<p>Concernant les \u00ab\u00a0parents protecteurs\u00a0\u00bb, souvent des m\u00e8res, la commission d\u00e9crit un \u00ab\u00a0m\u00e9canisme r\u00e9current\u00a0\u00bb\u00a0: lorsqu\u2019un enfant r\u00e9v\u00e8le un inceste, la m\u00e8re qui cherche \u00e0 le prot\u00e9ger en ne le confiant pas au p\u00e8re est souvent accus\u00e9e de manipuler son enfant. Poursuivies pour \u00ab\u00a0non-repr\u00e9sentation d\u2019enfant\u00a0\u00bb, \u00ab\u00a0trait\u00e9es comme des d\u00e9linquantes\u00a0\u00bb, les m\u00e8res en perdent la garde, l\u2019enfant est parfois confi\u00e9 au p\u00e8re ou \u00e0 l\u2019Aide sociale \u00e0 l\u2019enfance, o\u00f9 il est expos\u00e9 \u00e0 des violences sexuelles, explique Christian Baptiste.<\/p>\n<p>Parmi ses pr\u00e9conisations, la commission recommande de \u00ab\u00a0d\u00e9p\u00e9naliser la non-repr\u00e9sentation d\u2019enfant\u00a0\u00bb en cas de suspicion de violences sexuelles et de \u00ab\u00a0prendre obligatoirement en consid\u00e9ration le refus de l\u2019enfant de voir son parent\u00a0\u00bb. Elle souhaite une \u00ab\u00a0ordonnance de protection de l\u2019enfant\u00a0\u00bb permettant sa mise en s\u00e9curit\u00e9 d\u00e8s les r\u00e9v\u00e9lations et \u00ab\u00a0l\u2019obligation de mener les principaux actes d\u2019enqu\u00eate dans un d\u00e9lai de trois mois\u00a0\u00bb apr\u00e8s la plainte. \u00ab\u00a0<i>Il faut mettre l\u2019enfant en s\u00e9curit\u00e9 sans attendre l\u2019issue du proc\u00e8s<\/i><i>\u00a0<\/i>\u00bb, insiste le rapporteur.<\/p>\n<p>Alors que beaucoup de proc\u00e9dures n\u2019aboutissent pas faute de preuve mat\u00e9rielle, le rapport sugg\u00e8re de consid\u00e9rer les \u00ab\u00a0troubles psychotraumatiques comme une preuve m\u00e9dico-l\u00e9gale\u00a0\u00bb. Il pr\u00e9conise le recours \u00e0 l\u2019imagerie c\u00e9r\u00e9brale pour \u00ab\u00a0mettre au jour les traces physiques des traumatismes subis\u00a0\u00bb. La commission se prononce pour \u00ab\u00a0l\u2019imprescriptibilit\u00e9 des crimes, notamment incestueux, sur mineur\u00a0\u00bb.<\/p>\n<\/p><\/div>\n","protected":false},"excerpt":{"rendered":"&laquo; L&rsquo;inceste est un crime de masse, qu&rsquo;on ne peut traiter comme un fait divers ou une s&eacute;rie de crimes isol&eacute;s. C&rsquo;est un ph&eacute;nom&egrave;ne de soci&eacute;t&eacute; qui appelle une politique publique &agrave; &#8230;","protected":false},"author":1,"featured_media":35887,"comment_status":"open","ping_status":"open","sticky":false,"template":"","format":"standard","meta":{"footnotes":""},"categories":[3926,3925,1854],"tags":[2012,820,5482,57,754,572,5909,200,978,571,259,363,1763,111,1941,1304],"news-destination":[3944],"news-source":[475],"is_homepage":[],"ta_other":[],"class_list":["post-35886","post","type-post","status-publish","format-standard","has-post-thumbnail","hentry","category-accueil-merge","category-accueil-third","category-france","tag-aide-sociale-a-lenfance","tag-assemblee-nationale","tag-commission-denquete","tag-enfants","tag-familles","tag-france","tag-inceste","tag-justice","tag-parents","tag-paris","tag-proposition-de-loi","tag-psychiatrie","tag-psychologues","tag-securite","tag-victimes","tag-violences-sexuelles","news-destination-homepage","news-source-website"],"_links":{"self":[{"href":"https:\/\/euapp01.newsmemory.com\/lamarseillaise\/news\/wp-json\/wp\/v2\/posts\/35886","targetHints":{"allow":["GET"]}}],"collection":[{"href":"https:\/\/euapp01.newsmemory.com\/lamarseillaise\/news\/wp-json\/wp\/v2\/posts"}],"about":[{"href":"https:\/\/euapp01.newsmemory.com\/lamarseillaise\/news\/wp-json\/wp\/v2\/types\/post"}],"author":[{"embeddable":true,"href":"https:\/\/euapp01.newsmemory.com\/lamarseillaise\/news\/wp-json\/wp\/v2\/users\/1"}],"replies":[{"embeddable":true,"href":"https:\/\/euapp01.newsmemory.com\/lamarseillaise\/news\/wp-json\/wp\/v2\/comments?post=35886"}],"version-history":[{"count":1,"href":"https:\/\/euapp01.newsmemory.com\/lamarseillaise\/news\/wp-json\/wp\/v2\/posts\/35886\/revisions"}],"predecessor-version":[{"id":35888,"href":"https:\/\/euapp01.newsmemory.com\/lamarseillaise\/news\/wp-json\/wp\/v2\/posts\/35886\/revisions\/35888"}],"wp:featuredmedia":[{"embeddable":true,"href":"https:\/\/euapp01.newsmemory.com\/lamarseillaise\/news\/wp-json\/wp\/v2\/media\/35887"}],"wp:attachment":[{"href":"https:\/\/euapp01.newsmemory.com\/lamarseillaise\/news\/wp-json\/wp\/v2\/media?parent=35886"}],"wp:term":[{"taxonomy":"category","embeddable":true,"href":"https:\/\/euapp01.newsmemory.com\/lamarseillaise\/news\/wp-json\/wp\/v2\/categories?post=35886"},{"taxonomy":"post_tag","embeddable":true,"href":"https:\/\/euapp01.newsmemory.com\/lamarseillaise\/news\/wp-json\/wp\/v2\/tags?post=35886"},{"taxonomy":"news-destination","embeddable":true,"href":"https:\/\/euapp01.newsmemory.com\/lamarseillaise\/news\/wp-json\/wp\/v2\/news-destination?post=35886"},{"taxonomy":"news-source","embeddable":true,"href":"https:\/\/euapp01.newsmemory.com\/lamarseillaise\/news\/wp-json\/wp\/v2\/news-source?post=35886"},{"taxonomy":"is_homepage","embeddable":true,"href":"https:\/\/euapp01.newsmemory.com\/lamarseillaise\/news\/wp-json\/wp\/v2\/is_homepage?post=35886"},{"taxonomy":"ta_other","embeddable":true,"href":"https:\/\/euapp01.newsmemory.com\/lamarseillaise\/news\/wp-json\/wp\/v2\/ta_other?post=35886"}],"curies":[{"name":"wp","href":"https:\/\/api.w.org\/{rel}","templated":true}]}}