{"id":35883,"date":"2026-07-10T07:00:00","date_gmt":"2026-07-10T05:00:00","guid":{"rendered":"https:\/\/euapp01.newsmemory.com\/lamarseillaise\/news\/?p=35883"},"modified":"2026-07-15T09:25:56","modified_gmt":"2026-07-15T07:25:56","slug":"dans-les-hautes-alpes-plusieurs-bassins-versants-en-vigilance-secheresse","status":"publish","type":"post","link":"https:\/\/euapp01.newsmemory.com\/lamarseillaise\/news\/2026\/07\/10\/dans-les-hautes-alpes-plusieurs-bassins-versants-en-vigilance-secheresse\/","title":{"rendered":"Dans les Hautes-Alpes, plusieurs bassins-versants en vigilance s\u00e9cheresse"},"content":{"rendered":"<div class=\"paragraph\">\n<p>Les bassins-versants du Drac, du Bu\u00ebch et de la Haute-Durance ont \u00e9t\u00e9 plac\u00e9s en vigilance s\u00e9cheresse. C\u2019est la d\u00e9cision prise ce mardi par le comit\u00e9 d\u00e9partemental de gestion de l\u2019eau des Hautes-Alpes. Trois bassins auxquels s\u2019ajoute celui de la M\u00e9ouge, en vigilance depuis le 25\u00a0juin. Le comit\u00e9 explique que les d\u00e9bits des cours d\u2019eau pr\u00e9sentent des \u00ab<i>\u00a0<\/i><i>niveaux bas pour un d\u00e9but de saison estivale<\/i><i>\u00a0<\/i>\u00bb, en raison \u00ab<i>\u00a0<\/i><i>des fortes chaleurs et les pr\u00e9cipitations plut\u00f4t localis\u00e9es de fin juin ont entra\u00een\u00e9 une d\u00e9gradation progressive de l\u2019humidit\u00e9 des sols et des d\u00e9bits<\/i><i>\u00a0<\/i>\u00bb.<i> <\/i>Or, la situation ne devrait pas s\u2019am\u00e9liorer dans les prochains jours pr\u00e9vient l\u2019organisme\u00a0: \u00ab<i>\u00a0<\/i><i>Les pr\u00e9visions m\u00e9t\u00e9orologiques pour les jours \u00e0 venir annoncent un temps plut\u00f4t chaud et sec, avec possibilit\u00e9 d\u2019averses orageuses ce week-end, ne permettant pas d\u2019envisager une am\u00e9lioration de la situation.<\/i><i>\u00a0<\/i>\u00bb <i><\/i><\/p>\n<p>\u00c0 ce stade, le niveau de vigilance \u00ab<i>\u00a0<\/i><i>n\u2019impose pas de restrictions temporaires des usages de l\u2019eau<\/i><i>\u00a0<\/i>\u00bb. Le comit\u00e9 invite<i> <\/i>n\u00e9anmoins les usagers (particuliers, entreprises, collectivit\u00e9s, agriculteurs, etc.)<i> \u00e0 <\/i>\u00ab<i>\u00a0<\/i><i>limiter volontairement leurs pr\u00e9l\u00e8vements<\/i><i>\u00a0<\/i>\u00bb<i>,<\/i> et encourage \u00ab<i>\u00a0<\/i><i>l\u2019adoption de comportements de gestion \u00e9conome de la ressource en eau<\/i><i>\u00a0<\/i>\u00bb<i> <\/i>afin de \u00ab<i>\u00a0<\/i><i>ralentir ou de r\u00e9duire autant que possible la d\u00e9gradation de la situation hydrologique<\/i><i>\u00a0<\/i>\u00bb<i>. <\/i><\/p>\n<p>Au bord des cours d\u2019eau, les f\u00e9d\u00e9rations de p\u00eache sont en vigilance, et scrutent le d\u00e9bit. \u00ab<i>\u00a0<\/i><i>Pour l\u2019heure, on est encore \u00e0 2m\u00b3\/s de d\u00e9bit du Bu\u00ebch \u00e0 Serres, donc seulement en vigilance<\/i>, rapporte Pierre Choffel, pr\u00e9sident de l\u2019association agr\u00e9\u00e9e de p\u00eache du Bu\u00ebch. <i>Le seuil d\u2019alerte est \u00e0 1m\u00b3\/s, mais je pense que cet \u00e9t\u00e9 on va y avoir droit s\u2019il n\u2019y a pas de gros \u00e9pisodes d\u2019orages qui viennent arroser les prairies.<\/i><i>\u00a0<\/i>\u00bb L\u2019autre risque, explique Pierre Choffel, c\u2019est que la temp\u00e9rature des cours d\u2019eau se r\u00e9chauffe, ce qui menace la biodiversit\u00e9<i> <\/i>qui peuple les rivi\u00e8res.<i> <\/i>\u00ab<i>\u00a0<\/i><i>Un cours d\u2019eau qui d\u00e9passe les 25\u00b0C, pour la truite fario, c\u2019est l\u00e9tal<\/i><i>\u00a0<\/i>\u00bb<i>, <\/i>pr\u00e9vient-il.<\/p>\n<\/p><\/div>\n<div class=\"intext\"> De nouvelles vagues<br \/>\n               <br \/>de chaleurs attendues\n              <\/div>\n<div class=\"paragraph\">\n<p>\u00c0 \u00e9chelle nationale, le mois de juin a \u00e9t\u00e9 le plus chaud jamais enregistr\u00e9 par M\u00e9t\u00e9o-France, la vague de chaleur, de deux jours plus courte a \u00e9t\u00e9 plus intense que celle de l\u2019\u00e9t\u00e9 2003, les 40\u00b0C ont \u00e9t\u00e9 d\u00e9pass\u00e9s au moins une fois sur plus de 40% du territoire<b>.<\/b> Le d\u00e9ficit de pr\u00e9cipitations atteint pr\u00e8s de 50% sur l\u2019ensemble du mois. En juin\u00a02026, 16% des cours d\u2019eau de l\u2019Hexagone \u00e9taient \u00e0 sec, contre 6% en juin\u00a02025. La situation des cours d\u2019eau, d\u00e9j\u00e0 tr\u00e8s fragilis\u00e9s, ne devrait pas s\u2019am\u00e9liorer, avec le d\u00e9r\u00e8glement climatique ces \u00e9pisodes sont appel\u00e9s \u00e0 se multiplier. Les pr\u00e9visions M\u00e9t\u00e9o-France anticipent un \u00e9t\u00e9 marqu\u00e9 par de nouvelles vagues de chaleur.<\/p>\n<\/p><\/div>\n","protected":false},"excerpt":{"rendered":"Les bassins-versants du Drac, du Bu&euml;ch et de la Haute-Durance ont &eacute;t&eacute; plac&eacute;s en vigilance s&eacute;cheresse. C&rsquo;est la d&eacute;cision prise ce mardi par le comit&eacute; d&eacute;partemental de gestion de l&rsquo;eau &#8230;","protected":false},"author":1,"featured_media":35884,"comment_status":"open","ping_status":"open","sticky":false,"template":"","format":"standard","meta":{"footnotes":""},"categories":[3926,3925,333],"tags":[4768,144,372,207,309,4754,419,1899,1397,3864],"news-destination":[3944],"news-source":[475],"is_homepage":[],"ta_other":[],"class_list":["post-35883","post","type-post","status-publish","format-standard","has-post-thumbnail","hentry","category-accueil-merge","category-accueil-third","category-environnement","tag-alpes","tag-bassin","tag-canicule","tag-changement-climatique","tag-eau","tag-nappes-phreatiques","tag-rechauffement-climatique","tag-riviere","tag-secheresse","tag-stress-hydrique","news-destination-homepage","news-source-website"],"_links":{"self":[{"href":"https:\/\/euapp01.newsmemory.com\/lamarseillaise\/news\/wp-json\/wp\/v2\/posts\/35883","targetHints":{"allow":["GET"]}}],"collection":[{"href":"https:\/\/euapp01.newsmemory.com\/lamarseillaise\/news\/wp-json\/wp\/v2\/posts"}],"about":[{"href":"https:\/\/euapp01.newsmemory.com\/lamarseillaise\/news\/wp-json\/wp\/v2\/types\/post"}],"author":[{"embeddable":true,"href":"https:\/\/euapp01.newsmemory.com\/lamarseillaise\/news\/wp-json\/wp\/v2\/users\/1"}],"replies":[{"embeddable":true,"href":"https:\/\/euapp01.newsmemory.com\/lamarseillaise\/news\/wp-json\/wp\/v2\/comments?post=35883"}],"version-history":[{"count":1,"href":"https:\/\/euapp01.newsmemory.com\/lamarseillaise\/news\/wp-json\/wp\/v2\/posts\/35883\/revisions"}],"predecessor-version":[{"id":35885,"href":"https:\/\/euapp01.newsmemory.com\/lamarseillaise\/news\/wp-json\/wp\/v2\/posts\/35883\/revisions\/35885"}],"wp:featuredmedia":[{"embeddable":true,"href":"https:\/\/euapp01.newsmemory.com\/lamarseillaise\/news\/wp-json\/wp\/v2\/media\/35884"}],"wp:attachment":[{"href":"https:\/\/euapp01.newsmemory.com\/lamarseillaise\/news\/wp-json\/wp\/v2\/media?parent=35883"}],"wp:term":[{"taxonomy":"category","embeddable":true,"href":"https:\/\/euapp01.newsmemory.com\/lamarseillaise\/news\/wp-json\/wp\/v2\/categories?post=35883"},{"taxonomy":"post_tag","embeddable":true,"href":"https:\/\/euapp01.newsmemory.com\/lamarseillaise\/news\/wp-json\/wp\/v2\/tags?post=35883"},{"taxonomy":"news-destination","embeddable":true,"href":"https:\/\/euapp01.newsmemory.com\/lamarseillaise\/news\/wp-json\/wp\/v2\/news-destination?post=35883"},{"taxonomy":"news-source","embeddable":true,"href":"https:\/\/euapp01.newsmemory.com\/lamarseillaise\/news\/wp-json\/wp\/v2\/news-source?post=35883"},{"taxonomy":"is_homepage","embeddable":true,"href":"https:\/\/euapp01.newsmemory.com\/lamarseillaise\/news\/wp-json\/wp\/v2\/is_homepage?post=35883"},{"taxonomy":"ta_other","embeddable":true,"href":"https:\/\/euapp01.newsmemory.com\/lamarseillaise\/news\/wp-json\/wp\/v2\/ta_other?post=35883"}],"curies":[{"name":"wp","href":"https:\/\/api.w.org\/{rel}","templated":true}]}}