{"id":35880,"date":"2026-07-10T06:50:00","date_gmt":"2026-07-10T04:50:00","guid":{"rendered":"https:\/\/euapp01.newsmemory.com\/lamarseillaise\/news\/?p=35880"},"modified":"2026-07-15T08:32:52","modified_gmt":"2026-07-15T06:32:52","slug":"les-ambulanciers-de-la-region-en-plein-malaise","status":"publish","type":"post","link":"https:\/\/euapp01.newsmemory.com\/lamarseillaise\/news\/2026\/07\/10\/les-ambulanciers-de-la-region-en-plein-malaise\/","title":{"rendered":"Les ambulanciers de la r\u00e9gion en plein malaise"},"content":{"rendered":"<div class=\"paragraph\">\n<p>\u00ab <i>P<\/i><i>in-pon.<\/i><i>\u00a0<\/i>\u00bb Les sir\u00e8nes des ambulances retentissent Boulevard des dames, ce jeudi, devant l\u2019H\u00f4tel de R\u00e9gion. Ils sont 300\u00a0v\u00e9hicules \u00e0 bloquer les rues de la cit\u00e9 phoc\u00e9enne. Rassembl\u00e9s \u00e0 l\u2019initiative de l\u2019inter-f\u00e9d\u00e9ration des entreprises de transport sanitaire en raison d\u2019un contexte \u00e9conomique difficile, les ambulanciers souhaitent se faire entendre par le gouvernement. \u00ab<i>\u00a0<\/i><i>Nos tarifs sont trop bas pour assurer toutes les charges. Tout augmente, sauf nos tarifs, gel\u00e9s depuis 2018.<\/i><i><b> <\/b><\/i><i>On souhaite une revalorisation des tarifs et une reconnaissance de notre m\u00e9tier<\/i><i>\u00a0<\/i>\u00bb, d\u00e9fend Virginie Allegre, 49\u00a0ans, chef d\u2019entreprise et ambulanci\u00e8re dans le Vaucluse. \u00ab<i>\u00a0<\/i><i>Je vois que les \u00e9quipes souffrent. Les ambulanciers font de plus en plus de volume d\u2019heures pour arriver \u00e0 survivre. Mais on n\u2019arrive pas \u00e0 les payer correctement<\/i><i>\u00a0<\/i>\u00bb, regrette Tony Bondil, 27\u00a0ans, r\u00e9gulateur aux ambulances de Manosque.<\/p>\n<\/p><\/div>\n<div class=\"intext\"> \u00ab\u00a0Deux entreprises ferment chaque semaine\u00a0\u00bb\n              <\/div>\n<div class=\"paragraph\">\n<p>Le taux de rentabilit\u00e9 d\u2019une entreprise d\u2019ambulances varie entre 2 et 5%, selon eux. Mais les trois quarts seraient en d\u00e9ficit. \u00ab<i>\u00a0<\/i><i>Notre soci\u00e9t\u00e9 fait un chiffre d\u2019affaires cons\u00e9quent. Mais l\u00e0, on a pass\u00e9 trois ans en n\u00e9gatif. \u00c7a ne peut plus durer, \u00e7a va nous pousser vers la faillite<\/i><i>\u00a0<\/i>\u00bb, poursuit Tony.<\/p>\n<p>Depuis 2013, les co\u00fbts des entreprises ont explos\u00e9 de 40%. Les tarifs des prestations des ambulanciers, eux, ont augment\u00e9 de seulement 10%, d\u00e9crivent-ils. \u00ab<i>\u00a0<\/i><i>On a plus aucune rentabilit\u00e9. On arrive plus \u00e0 assumer nos salari\u00e9s et on nous en demande plus tous les jours. \u00c7a fait des mois qu\u2019on demande des audiences au ministre, des mois qu\u2019on alerte, et on a aucun r\u00e9sultat. Les ambulanciers sont \u00e0 bout. Deux entreprises ferment chaque semaine en ce moment. On est \u00e0 un seuil o\u00f9 on a besoin que le gouvernement nous \u00e9coute, nous entende et prenne des mesures pour nous aider. Sinon, c\u2019est toute la profession qui va s\u2019effondrer. On est un maillon essentiel dans la cha\u00eene de soins, \u00e7a va se retentir de tous les c\u00f4t\u00e9s<\/i><i>\u00a0<\/i>\u00bb, exprime Anthony Abihssira, repr\u00e9sentant d\u00e9partemental de la f\u00e9d\u00e9ration nationale des ambulanciers priv\u00e9s. Les transports sanitaires priv\u00e9s sont l\u2019un des derniers services de proximit\u00e9 pr\u00e9sents sur l\u2019ensemble du territoire. \u00ab<i>\u00a0<\/i><i>C\u2019est aussi pour les patients qu\u2019on se mobilise. Si on venait \u00e0 dispara\u00eetre, je pense que \u00e7a serait tr\u00e8s compliqu\u00e9 pour certaines personnes<\/i><i>\u00a0<\/i>\u00bb, se d\u00e9sole Virginie Allegre.<\/p>\n<p>La mobilisation est nationale. Pr\u00e8s de 400\u00a0ambulances se sont r\u00e9unies \u00e0 Paris, le 26\u00a0juin. Les ambulanciers se rassemblent ce vendredi, \u00e0 Lyon.<\/p>\n<\/p><\/div>\n","protected":false},"excerpt":{"rendered":"&laquo; Pin-pon.&nbsp;&raquo; Les sir&egrave;nes des ambulances retentissent Boulevard des dames, ce jeudi, devant l&rsquo;H&ocirc;tel de R&eacute;gion. Ils sont 300&nbsp;v&eacute;hicules &agrave; bloquer les rues de la cit&eacute; phoc&eacute;enne. &#8230;","protected":false},"author":1,"featured_media":35881,"comment_status":"open","ping_status":"open","sticky":false,"template":"","format":"standard","meta":{"footnotes":""},"categories":[3926,3925,331],"tags":[5251,10,486,847,16,1182,222,962,666],"news-destination":[3944],"news-source":[475],"is_homepage":[],"ta_other":[],"class_list":["post-35880","post","type-post","status-publish","format-standard","has-post-thumbnail","hentry","category-accueil-merge","category-accueil-third","category-social","tag-ambulanciers","tag-bouches-du-rhone","tag-entreprises","tag-manifestations","tag-marseille","tag-patients","tag-region-sud-paca","tag-salaries","tag-transports","news-destination-homepage","news-source-website"],"_links":{"self":[{"href":"https:\/\/euapp01.newsmemory.com\/lamarseillaise\/news\/wp-json\/wp\/v2\/posts\/35880","targetHints":{"allow":["GET"]}}],"collection":[{"href":"https:\/\/euapp01.newsmemory.com\/lamarseillaise\/news\/wp-json\/wp\/v2\/posts"}],"about":[{"href":"https:\/\/euapp01.newsmemory.com\/lamarseillaise\/news\/wp-json\/wp\/v2\/types\/post"}],"author":[{"embeddable":true,"href":"https:\/\/euapp01.newsmemory.com\/lamarseillaise\/news\/wp-json\/wp\/v2\/users\/1"}],"replies":[{"embeddable":true,"href":"https:\/\/euapp01.newsmemory.com\/lamarseillaise\/news\/wp-json\/wp\/v2\/comments?post=35880"}],"version-history":[{"count":1,"href":"https:\/\/euapp01.newsmemory.com\/lamarseillaise\/news\/wp-json\/wp\/v2\/posts\/35880\/revisions"}],"predecessor-version":[{"id":35882,"href":"https:\/\/euapp01.newsmemory.com\/lamarseillaise\/news\/wp-json\/wp\/v2\/posts\/35880\/revisions\/35882"}],"wp:featuredmedia":[{"embeddable":true,"href":"https:\/\/euapp01.newsmemory.com\/lamarseillaise\/news\/wp-json\/wp\/v2\/media\/35881"}],"wp:attachment":[{"href":"https:\/\/euapp01.newsmemory.com\/lamarseillaise\/news\/wp-json\/wp\/v2\/media?parent=35880"}],"wp:term":[{"taxonomy":"category","embeddable":true,"href":"https:\/\/euapp01.newsmemory.com\/lamarseillaise\/news\/wp-json\/wp\/v2\/categories?post=35880"},{"taxonomy":"post_tag","embeddable":true,"href":"https:\/\/euapp01.newsmemory.com\/lamarseillaise\/news\/wp-json\/wp\/v2\/tags?post=35880"},{"taxonomy":"news-destination","embeddable":true,"href":"https:\/\/euapp01.newsmemory.com\/lamarseillaise\/news\/wp-json\/wp\/v2\/news-destination?post=35880"},{"taxonomy":"news-source","embeddable":true,"href":"https:\/\/euapp01.newsmemory.com\/lamarseillaise\/news\/wp-json\/wp\/v2\/news-source?post=35880"},{"taxonomy":"is_homepage","embeddable":true,"href":"https:\/\/euapp01.newsmemory.com\/lamarseillaise\/news\/wp-json\/wp\/v2\/is_homepage?post=35880"},{"taxonomy":"ta_other","embeddable":true,"href":"https:\/\/euapp01.newsmemory.com\/lamarseillaise\/news\/wp-json\/wp\/v2\/ta_other?post=35880"}],"curies":[{"name":"wp","href":"https:\/\/api.w.org\/{rel}","templated":true}]}}