{"id":35874,"date":"2026-07-10T06:40:00","date_gmt":"2026-07-10T04:40:00","guid":{"rendered":"https:\/\/euapp01.newsmemory.com\/lamarseillaise\/news\/?p=35874"},"modified":"2026-07-15T08:32:52","modified_gmt":"2026-07-15T06:32:52","slug":"adapter-les-conditions-de-travail-au-climat","status":"publish","type":"post","link":"https:\/\/euapp01.newsmemory.com\/lamarseillaise\/news\/2026\/07\/10\/adapter-les-conditions-de-travail-au-climat\/","title":{"rendered":"Adapter les conditions de travail au climat"},"content":{"rendered":"<div class=\"paragraph\">\n<p>\u00ab <i>Q<\/i><i>uand on parle de fortes chaleurs, on parle d\u2019un enjeu de vie ou de mort pour de nombreux travailleurs et travailleuses<\/i><i>\u00a0<\/i>\u00bb, mart\u00e8le d\u2019embl\u00e9e Sophie Binet, secr\u00e9taire g\u00e9n\u00e9rale de la CGT. La centrale syndicale a pr\u00e9sent\u00e9 jeudi lors d\u2019une conf\u00e9rence de presse, un plan de lutte pour l\u2019adaptation des conditions de travail au changement climatique. Hasard du calendrier (ou pas), dans son 8<sup>e<\/sup>\u00a0rapport annuel publi\u00e9 quelques heures plus t\u00f4t, le Haut Conseil pour le climat (HCC) pointe \u00ab\u00a0<i>les impacts du changement climatique<\/i> [qui] <i>deviennent de plus en plus dangereux<\/i><i>\u00a0<\/i>\u00bb. La France \u00ab\u00a0<i>n\u2019est pas pr\u00eate<\/i><i>\u00a0<\/i>\u00bb, estime l\u2019organisme ind\u00e9pendant cr\u00e9\u00e9 en 2018, jugeant \u00ab\u00a0<i>imp\u00e9ratif<\/i><i>\u00a0<\/i>\u00bb qu\u2019elle \u00ab\u00a0<i>change d\u2019\u00e9chelle dans l\u2019ampleur, la port\u00e9e et la vitesse de mise en \u0153uvre des actions d\u2019adaptation<\/i><i>\u00a0<\/i>\u00bb. Parmi les 82\u00a0recommandations formul\u00e9es &#8211;\u00a0auxquelles le gouvernement a six mois pour r\u00e9pondre\u00a0&#8211; le HCC r\u00e9clame le renforcement du \u00ab\u00a0<i>cadre r\u00e9glementaire en sant\u00e9 au travail<\/i><i>\u00a0<\/i>\u00bb.<\/p>\n<p>La CGT a pris les devants et tir\u00e9 la sonnette d\u2019alarme. \u00c0 l\u2019issue d\u2019une r\u00e9union avec les diff\u00e9rentes f\u00e9d\u00e9rations, au moins dix morts au travail sur ces trois \u00e9pisodes caniculaires, ont \u00e9t\u00e9 recens\u00e9s. Sophie Binet intime le ministre du Travail de publier \u00ab\u00a0<i>imm\u00e9diatement<\/i><i>\u00a0<\/i>\u00bb les chiffres officiels des accidents mortels li\u00e9s \u00e0 la chaleur. \u00c0 ces drames s\u2019ajoutent des \u00ab\u00a0<i>centaines de malaises<\/i><i>\u00a0<\/i>\u00bb et \u00ab\u00a0<i>d\u2019accidents<\/i><i>\u00a0<\/i>\u00bb\u00a0: \u00ab\u00a0<i>des travailleurs et des travailleuses qui poursuivent leurs journ\u00e9es malgr\u00e9 les vertiges, la d\u00e9shydratation, les naus\u00e9es ou l\u2019\u00e9puisement, parce que les objectifs de production fix\u00e9s par les patrons, eux, ne connaissent pas la canicule<\/i><i>\u00a0<\/i>\u00bb, pousse la num\u00e9ro\u00a01 de la CGT.<\/p>\n<p>La centrale a mis en ligne le 4\u00a0juillet dernier sur son site internet un \u00ab\u00a0calculateur de chaleur\u00a0\u00bb*. Cette grande enqu\u00eate nationale \u00e9labor\u00e9e par les statisticiennes de la CGT, la Dares et la Drees vise \u00e0 recueillir des t\u00e9moignages de salari\u00e9s et recenser leurs revendications. Les premiers r\u00e9sultats sont \u00e9difiants. Sur les 5\u00a0000\u00a0personnes ayant r\u00e9pondu en cinq jours seulement, 9\u00a0salari\u00e9s sur 10 jugent les derni\u00e8res canicules \u00ab\u00a0<i>p\u00e9nible<\/i><i>\u00a0<\/i>\u00bb, \u00ab\u00a0<i>tr\u00e8s p\u00e9nible<\/i><i>\u00a0<\/i>\u00bb ou \u00ab\u00a0<i>insupportable<\/i><i>\u00a0<\/i>\u00bb.<\/p>\n<\/p><\/div>\n<div class=\"intext\"> Au moins 10 morts<br \/>\n               <br \/>au travail\n              <\/div>\n<div class=\"paragraph\">\n<p>Dans ce plan, l\u2019une des mesures principales est l\u2019interdiction syst\u00e9matique du travail en ext\u00e9rieur au soleil, ou entre midi et 18h \u00e0 partir des alertes orange et rouge, y compris pour les travailleurs micro-entrepreneurs ou abusivement consid\u00e9r\u00e9s comme tels (livreurs \u00e0 v\u00e9lo li\u00e9s aux plateformes num\u00e9riques), en pr\u00e9voyant le maintien des r\u00e9mun\u00e9rations, sans report des heures de travail, \u00e9crit le syndicat. M\u00e9t\u00e9o France a plac\u00e9 en vigilance rouge neuf d\u00e9partements de l\u2019Ouest et 76\u00a0d\u00e9partements en orange pour la journ\u00e9e de vendredi. Dans le BTP, \u00ab\u00a0<i>on en est \u00e0 une bonne grosse douzaine d\u2019hyperthermies s\u00e9v\u00e8res, ce qui veut dire qu\u2019il y aura potentiellement des s\u00e9quelles permanentes<\/i><i>\u00a0<\/i>\u00bb, gronde Fr\u00e9d\u00e9ric Mau, de la F\u00e9d\u00e9ration nationale des salari\u00e9s de la construction, bois et ameublement CGT.<\/p>\n<p>Le syndicat r\u00e9clame par ailleurs la cr\u00e9ation d\u2019un syst\u00e8me de cong\u00e9 intemp\u00e9ries avec maintien du salaire \u00e0 100\u00a0%, qui peut \u00eatre activ\u00e9 en cas d\u2019alerte orange ou rouge, sur validation du CSE et financ\u00e9 par une cotisation des plus grosses entreprises. \u00ab\u00a0<i>Il y a besoin <\/i>(de)<i> mesures pour l\u2019ensemble des travailleurs et des travailleuses et que ces mesures soient pr\u00e9vues par le Code du travail pour garantir l\u2019\u00e9galit\u00e9 des droits<\/i><i>\u00a0<\/i>\u00bb, poursuit Sophie Binet, refusant que le sujet soit renvoy\u00e9 \u00ab\u00a0<i>au bon vouloir des employeurs<\/i><i>\u00a0<\/i>\u00bb.<\/p>\n<p>Le Premier ministre pr\u00e9sidera ce vendredi une cellule interminist\u00e9rielle de crise consacr\u00e9e \u00e0 la canicule. Face \u00e0 cela, le syst\u00e8me de sant\u00e9 est, une nouvelle fois, en premi\u00e8re ligne. \u00ab\u00a0<i>Il y a des morts \u00e0 l\u2019h\u00f4pital, dans les Ehpad et \u00e0 domicile <\/i>(&#8230;)<i> On sait que bilan va \u00eatre terrible<\/i><i>\u00a0<\/i>\u00bb, s\u2019alarme Barbara Filhol, secr\u00e9taire g\u00e9n\u00e9rale de la CGT Sant\u00e9 et Action sociale. La f\u00e9d\u00e9ration pr\u00e9voit une minute de silence le 8\u00a0septembre \u00ab\u00a0<i>pour celles et ceux qu\u2019on n\u2019aura pas pu sauver<\/i><i>\u00a0<\/i>\u00bb et une journ\u00e9e de mobilisation le 15\u00a0septembre. Toutes les professions sont en tension. \u00ab\u00a0<i>L\u2019h\u00f4pital n\u2019a pas de climatiseurs donc il en demande aux pompiers<\/i><i>\u00a0<\/i>\u00bb, souffle S\u00e9bastien Delavoux, animateur r\u00e9seau CGT Sdis. D\u00e9shabiller Pierre pour habiller Paul. Pendant ce temps, la saison des feux est d\u00e9clar\u00e9e, plus violente que jamais. \u00ab\u00a0<i>D\u2019ann\u00e9e en ann\u00e9e les interventions augmentent et les moyens diminuent<\/i><i>\u00a0<\/i>\u00bb, grince le sapeur-pompier, \u00ab\u00a0<i>l\u2019\u00e9t\u00e9 ne fait que commencer<\/i><i>\u00a0<\/i>\u00bb.<\/p>\n<\/p><\/div>\n","protected":false},"excerpt":{"rendered":"&laquo; Quand on parle de fortes chaleurs, on parle d&rsquo;un enjeu de vie ou de mort pour de nombreux travailleurs et travailleuses&nbsp;&raquo;, mart&egrave;le d&rsquo;embl&eacute;e Sophie Binet, secr&eacute;taire g&eacute;n&eacute;rale de la &#8230;","protected":false},"author":1,"featured_media":35875,"comment_status":"open","ping_status":"open","sticky":false,"template":"","format":"standard","meta":{"footnotes":""},"categories":[3923,3926,331],"tags":[3275,113,3684,195,572,419,1557],"news-destination":[3944],"news-source":[475],"is_homepage":[],"ta_other":[],"class_list":["post-35874","post","type-post","status-publish","format-standard","has-post-thumbnail","hentry","category-accueil-first","category-accueil-merge","category-social","tag-adaptation-climatique","tag-cgt","tag-code-du-travail","tag-conditions-de-travail","tag-france","tag-rechauffement-climatique","tag-sophie-binet","news-destination-homepage","news-source-website"],"_links":{"self":[{"href":"https:\/\/euapp01.newsmemory.com\/lamarseillaise\/news\/wp-json\/wp\/v2\/posts\/35874","targetHints":{"allow":["GET"]}}],"collection":[{"href":"https:\/\/euapp01.newsmemory.com\/lamarseillaise\/news\/wp-json\/wp\/v2\/posts"}],"about":[{"href":"https:\/\/euapp01.newsmemory.com\/lamarseillaise\/news\/wp-json\/wp\/v2\/types\/post"}],"author":[{"embeddable":true,"href":"https:\/\/euapp01.newsmemory.com\/lamarseillaise\/news\/wp-json\/wp\/v2\/users\/1"}],"replies":[{"embeddable":true,"href":"https:\/\/euapp01.newsmemory.com\/lamarseillaise\/news\/wp-json\/wp\/v2\/comments?post=35874"}],"version-history":[{"count":1,"href":"https:\/\/euapp01.newsmemory.com\/lamarseillaise\/news\/wp-json\/wp\/v2\/posts\/35874\/revisions"}],"predecessor-version":[{"id":35876,"href":"https:\/\/euapp01.newsmemory.com\/lamarseillaise\/news\/wp-json\/wp\/v2\/posts\/35874\/revisions\/35876"}],"wp:featuredmedia":[{"embeddable":true,"href":"https:\/\/euapp01.newsmemory.com\/lamarseillaise\/news\/wp-json\/wp\/v2\/media\/35875"}],"wp:attachment":[{"href":"https:\/\/euapp01.newsmemory.com\/lamarseillaise\/news\/wp-json\/wp\/v2\/media?parent=35874"}],"wp:term":[{"taxonomy":"category","embeddable":true,"href":"https:\/\/euapp01.newsmemory.com\/lamarseillaise\/news\/wp-json\/wp\/v2\/categories?post=35874"},{"taxonomy":"post_tag","embeddable":true,"href":"https:\/\/euapp01.newsmemory.com\/lamarseillaise\/news\/wp-json\/wp\/v2\/tags?post=35874"},{"taxonomy":"news-destination","embeddable":true,"href":"https:\/\/euapp01.newsmemory.com\/lamarseillaise\/news\/wp-json\/wp\/v2\/news-destination?post=35874"},{"taxonomy":"news-source","embeddable":true,"href":"https:\/\/euapp01.newsmemory.com\/lamarseillaise\/news\/wp-json\/wp\/v2\/news-source?post=35874"},{"taxonomy":"is_homepage","embeddable":true,"href":"https:\/\/euapp01.newsmemory.com\/lamarseillaise\/news\/wp-json\/wp\/v2\/is_homepage?post=35874"},{"taxonomy":"ta_other","embeddable":true,"href":"https:\/\/euapp01.newsmemory.com\/lamarseillaise\/news\/wp-json\/wp\/v2\/ta_other?post=35874"}],"curies":[{"name":"wp","href":"https:\/\/api.w.org\/{rel}","templated":true}]}}