{"id":35871,"date":"2026-07-10T06:33:00","date_gmt":"2026-07-10T04:33:00","guid":{"rendered":"https:\/\/euapp01.newsmemory.com\/lamarseillaise\/news\/?p=35871"},"modified":"2026-07-10T10:08:42","modified_gmt":"2026-07-10T08:08:42","slug":"question-de-classe","status":"publish","type":"post","link":"https:\/\/euapp01.newsmemory.com\/lamarseillaise\/news\/2026\/07\/10\/question-de-classe\/","title":{"rendered":"Question de classe"},"content":{"rendered":"<div class=\"paragraph\">\n<p>N\u2019en d\u00e9plaise \u00e0 un pr\u00e9sentateur de t\u00e9l\u00e9vision \u00e0 succ\u00e8s, non tout le monde n\u2019a pas chaud de la m\u00eame mani\u00e8re. Non on n\u2019est pas \u00ab\u00a0<i>tous log\u00e9s \u00e0 la m\u00eame enseigne<\/i>\u00a0\u00bb. Selon que l\u2019on travaille avec un marteau-piqueur sur une autoroute surchauff\u00e9e ou en pianotant sur un clavier dans un bureau climatis\u00e9, on n\u2019est pas tous log\u00e9s \u00e0 la m\u00eame enseigne.<\/p>\n<p>Selon qu\u2019on habite un logement social mal isol\u00e9 ou une villa climatis\u00e9e avec piscine, on n\u2019est pas log\u00e9 \u00e0 la m\u00eame enseigne.<\/p>\n<p>Les questions soulev\u00e9es par le d\u00e9r\u00e8glement climatique sont des questions de classe.<\/p>\n<p>Rapport<br \/>de forces<\/p>\n<p>Quels droits pour les travailleurs qui sont en premi\u00e8re ligne dans la fournaise\u00a0? Quelles am\u00e9liorations des conditions de travail\u00a0? Quelles nouvelles protections des salari\u00e9s face \u00e0 ces nouveaux d\u00e9fis\u00a0?<\/p>\n<p>Des organisations syndicales, singuli\u00e8rement la CGT, posent des revendications en la mati\u00e8re. C\u2019est une bouff\u00e9e d\u2019oxyg\u00e8ne l\u00e0 o\u00f9, trop souvent, le sujet est r\u00e9duit \u00e0 des d\u00e9plorations verbales et \u00e0 des bavardages m\u00e9t\u00e9orologiques.<\/p>\n<p>Le d\u00e9r\u00e8glement climatique est un fait.<br \/>Il est n\u00e9cessaire de mettre en place des mesures \u00e0 l\u2019\u00e9chelle plan\u00e9taire pour r\u00e9duire les \u00e9missions de gaz \u00e0 effet de serre et freiner le ph\u00e9nom\u00e8ne mais aussi urgent de conqu\u00e9rir des droits collectifs.<\/p>\n<p>Cela ne se fera pas sans \u00e9tablir un rapport de force avec le patronat qui minimise les effets des fortes chaleurs et dont certains secteurs sombrent dans le d\u00e9ni du d\u00e9r\u00e8glement du climat.<\/p>\n<p>Cette confrontation qui s\u2019annonce, a le m\u00e9rite de poser en grand, et au-del\u00e0 des fortes chaleurs, la question des conditions de travail trop souvent effac\u00e9e du d\u00e9bat public.<\/p>\n<\/p><\/div>\n<div class=\"paragraph\">\n<p>N\u2019en d\u00e9plaise \u00e0 un pr\u00e9sentateur de t\u00e9l\u00e9vision \u00e0 succ\u00e8s, non tout le monde n\u2019a pas chaud de la m\u00eame mani\u00e8re. Non on n\u2019est pas \u00ab\u00a0<i>tous log\u00e9s \u00e0 la m\u00eame enseigne<\/i>\u00a0\u00bb. Selon que l\u2019on travaille avec un marteau-piqueur sur une autoroute surchauff\u00e9e ou en pianotant sur un clavier dans un bureau climatis\u00e9, on n\u2019est pas tous log\u00e9s \u00e0 la m\u00eame enseigne.<\/p>\n<p>Selon qu\u2019on habite un logement social mal isol\u00e9 ou une villa climatis\u00e9e avec piscine, on n\u2019est pas log\u00e9 \u00e0 la m\u00eame enseigne.<\/p>\n<p>Les questions soulev\u00e9es par le d\u00e9r\u00e8glement climatique sont des questions de classe.<\/p>\n<p><b>Rapport de forces<\/b><\/p>\n<p>Quels droits pour les travailleurs qui sont en premi\u00e8re ligne dans la fournaise\u00a0? Quelles am\u00e9liorations des conditions de travail\u00a0? Quelles nouvelles protections des salari\u00e9s face \u00e0 ces nouveaux d\u00e9fis\u00a0?<\/p>\n<p>Des organisations syndicales, singuli\u00e8rement la CGT, posent des revendications en la mati\u00e8re. C\u2019est une bouff\u00e9e d\u2019oxyg\u00e8ne l\u00e0 o\u00f9, trop souvent, le sujet est r\u00e9duit \u00e0 des d\u00e9plorations verbales et \u00e0 des bavardages m\u00e9t\u00e9orologiques.<\/p>\n<p>Le d\u00e9r\u00e8glement climatique est un fait. Il est n\u00e9cessaire de mettre en place des mesures \u00e0 l\u2019\u00e9chelle plan\u00e9taire pour r\u00e9duire les \u00e9missions de gaz \u00e0 effet de serre et freiner le ph\u00e9nom\u00e8ne mais aussi urgent de conqu\u00e9rir des droits collectifs.<\/p>\n<p>Cela ne se fera pas sans \u00e9tablir un rapport de force avec le patronat qui minimise les effets des fortes chaleurs et dont certains secteurs sombrent dans le d\u00e9ni du d\u00e9r\u00e8glement du climat.<\/p>\n<p>Cette confrontation qui s\u2019annonce, a le m\u00e9rite de poser en grand, et au-del\u00e0 des fortes chaleurs, la question des conditions de travail trop souvent effac\u00e9e du d\u00e9bat public.<\/p>\n<\/p><\/div>\n","protected":false},"excerpt":{"rendered":"N&rsquo;en d&eacute;plaise &agrave; un pr&eacute;sentateur de t&eacute;l&eacute;vision &agrave; succ&egrave;s, non tout le monde n&rsquo;a pas chaud de la m&ecirc;me mani&egrave;re. Non on n&rsquo;est pas &laquo;&nbsp;tous log&eacute;s &agrave; la &#8230;","protected":false},"author":1,"featured_media":35872,"comment_status":"open","ping_status":"open","sticky":false,"template":"","format":"standard","meta":{"footnotes":""},"categories":[332],"tags":[372,113,195,1809,1372,572,419],"news-destination":[],"news-source":[475],"is_homepage":[],"ta_other":[],"class_list":["post-35871","post","type-post","status-publish","format-standard","has-post-thumbnail","hentry","category-edito","tag-canicule","tag-cgt","tag-conditions-de-travail","tag-droit-du-travail","tag-editoriaux","tag-france","tag-rechauffement-climatique","news-source-website"],"_links":{"self":[{"href":"https:\/\/euapp01.newsmemory.com\/lamarseillaise\/news\/wp-json\/wp\/v2\/posts\/35871","targetHints":{"allow":["GET"]}}],"collection":[{"href":"https:\/\/euapp01.newsmemory.com\/lamarseillaise\/news\/wp-json\/wp\/v2\/posts"}],"about":[{"href":"https:\/\/euapp01.newsmemory.com\/lamarseillaise\/news\/wp-json\/wp\/v2\/types\/post"}],"author":[{"embeddable":true,"href":"https:\/\/euapp01.newsmemory.com\/lamarseillaise\/news\/wp-json\/wp\/v2\/users\/1"}],"replies":[{"embeddable":true,"href":"https:\/\/euapp01.newsmemory.com\/lamarseillaise\/news\/wp-json\/wp\/v2\/comments?post=35871"}],"version-history":[{"count":1,"href":"https:\/\/euapp01.newsmemory.com\/lamarseillaise\/news\/wp-json\/wp\/v2\/posts\/35871\/revisions"}],"predecessor-version":[{"id":35873,"href":"https:\/\/euapp01.newsmemory.com\/lamarseillaise\/news\/wp-json\/wp\/v2\/posts\/35871\/revisions\/35873"}],"wp:featuredmedia":[{"embeddable":true,"href":"https:\/\/euapp01.newsmemory.com\/lamarseillaise\/news\/wp-json\/wp\/v2\/media\/35872"}],"wp:attachment":[{"href":"https:\/\/euapp01.newsmemory.com\/lamarseillaise\/news\/wp-json\/wp\/v2\/media?parent=35871"}],"wp:term":[{"taxonomy":"category","embeddable":true,"href":"https:\/\/euapp01.newsmemory.com\/lamarseillaise\/news\/wp-json\/wp\/v2\/categories?post=35871"},{"taxonomy":"post_tag","embeddable":true,"href":"https:\/\/euapp01.newsmemory.com\/lamarseillaise\/news\/wp-json\/wp\/v2\/tags?post=35871"},{"taxonomy":"news-destination","embeddable":true,"href":"https:\/\/euapp01.newsmemory.com\/lamarseillaise\/news\/wp-json\/wp\/v2\/news-destination?post=35871"},{"taxonomy":"news-source","embeddable":true,"href":"https:\/\/euapp01.newsmemory.com\/lamarseillaise\/news\/wp-json\/wp\/v2\/news-source?post=35871"},{"taxonomy":"is_homepage","embeddable":true,"href":"https:\/\/euapp01.newsmemory.com\/lamarseillaise\/news\/wp-json\/wp\/v2\/is_homepage?post=35871"},{"taxonomy":"ta_other","embeddable":true,"href":"https:\/\/euapp01.newsmemory.com\/lamarseillaise\/news\/wp-json\/wp\/v2\/ta_other?post=35871"}],"curies":[{"name":"wp","href":"https:\/\/api.w.org\/{rel}","templated":true}]}}