{"id":35858,"date":"2026-07-09T16:03:00","date_gmt":"2026-07-09T14:03:00","guid":{"rendered":"https:\/\/euapp01.newsmemory.com\/lamarseillaise\/news\/?p=35858"},"modified":"2026-07-15T08:33:45","modified_gmt":"2026-07-15T06:33:45","slug":"rugby-les-calendriers-devoiles","status":"publish","type":"post","link":"https:\/\/euapp01.newsmemory.com\/lamarseillaise\/news\/2026\/07\/09\/rugby-les-calendriers-devoiles\/","title":{"rendered":"Rugby : les calendriers d\u00e9voil\u00e9s"},"content":{"rendered":"<div class=\"paragraph\">\n<p>Le Top 14 reprendra le week-end du 5 septembre. Montpellier, finaliste malheureux, d\u00e9butera sa campagne \u00e0 domicile, avec la r\u00e9ception de Pau. Toulon de son c\u00f4t\u00e9 sera en d\u00e9placement \u00e0 Bayonne.<\/p>\n<p>En Pro D2, Provence rugby, finaliste du dernier championnat et battu en barrage d\u2019accession au Top 14 par Perpignan, aura aussi son match de reprise \u00e0 domicile. Les Aixois accueilleront Agen, le 27 ou le 28 ao\u00fbt.<\/p>\n<\/p><\/div>\n","protected":false},"excerpt":{"rendered":"Le Top 14 reprendra le week-end du 5 septembre. Montpellier, finaliste malheureux, d&eacute;butera sa campagne &agrave; domicile, avec la r&eacute;ception de Pau. Toulon de son c&ocirc;t&eacute; sera en d&eacute;placement &agrave; Bayonne.En Pro D2, &#8230;","protected":false},"author":1,"featured_media":35859,"comment_status":"open","ping_status":"open","sticky":false,"template":"","format":"standard","meta":{"footnotes":""},"categories":[3926,3925,7],"tags":[572,1021,904,905],"news-destination":[3944],"news-source":[475],"is_homepage":[],"ta_other":[],"class_list":["post-35858","post","type-post","status-publish","format-standard","has-post-thumbnail","hentry","category-accueil-merge","category-accueil-third","category-sports","tag-france","tag-pro-d2","tag-rugby","tag-top-14","news-destination-homepage","news-source-website"],"_links":{"self":[{"href":"https:\/\/euapp01.newsmemory.com\/lamarseillaise\/news\/wp-json\/wp\/v2\/posts\/35858","targetHints":{"allow":["GET"]}}],"collection":[{"href":"https:\/\/euapp01.newsmemory.com\/lamarseillaise\/news\/wp-json\/wp\/v2\/posts"}],"about":[{"href":"https:\/\/euapp01.newsmemory.com\/lamarseillaise\/news\/wp-json\/wp\/v2\/types\/post"}],"author":[{"embeddable":true,"href":"https:\/\/euapp01.newsmemory.com\/lamarseillaise\/news\/wp-json\/wp\/v2\/users\/1"}],"replies":[{"embeddable":true,"href":"https:\/\/euapp01.newsmemory.com\/lamarseillaise\/news\/wp-json\/wp\/v2\/comments?post=35858"}],"version-history":[{"count":1,"href":"https:\/\/euapp01.newsmemory.com\/lamarseillaise\/news\/wp-json\/wp\/v2\/posts\/35858\/revisions"}],"predecessor-version":[{"id":35860,"href":"https:\/\/euapp01.newsmemory.com\/lamarseillaise\/news\/wp-json\/wp\/v2\/posts\/35858\/revisions\/35860"}],"wp:featuredmedia":[{"embeddable":true,"href":"https:\/\/euapp01.newsmemory.com\/lamarseillaise\/news\/wp-json\/wp\/v2\/media\/35859"}],"wp:attachment":[{"href":"https:\/\/euapp01.newsmemory.com\/lamarseillaise\/news\/wp-json\/wp\/v2\/media?parent=35858"}],"wp:term":[{"taxonomy":"category","embeddable":true,"href":"https:\/\/euapp01.newsmemory.com\/lamarseillaise\/news\/wp-json\/wp\/v2\/categories?post=35858"},{"taxonomy":"post_tag","embeddable":true,"href":"https:\/\/euapp01.newsmemory.com\/lamarseillaise\/news\/wp-json\/wp\/v2\/tags?post=35858"},{"taxonomy":"news-destination","embeddable":true,"href":"https:\/\/euapp01.newsmemory.com\/lamarseillaise\/news\/wp-json\/wp\/v2\/news-destination?post=35858"},{"taxonomy":"news-source","embeddable":true,"href":"https:\/\/euapp01.newsmemory.com\/lamarseillaise\/news\/wp-json\/wp\/v2\/news-source?post=35858"},{"taxonomy":"is_homepage","embeddable":true,"href":"https:\/\/euapp01.newsmemory.com\/lamarseillaise\/news\/wp-json\/wp\/v2\/is_homepage?post=35858"},{"taxonomy":"ta_other","embeddable":true,"href":"https:\/\/euapp01.newsmemory.com\/lamarseillaise\/news\/wp-json\/wp\/v2\/ta_other?post=35858"}],"curies":[{"name":"wp","href":"https:\/\/api.w.org\/{rel}","templated":true}]}}