{"id":35852,"date":"2026-07-09T09:51:00","date_gmt":"2026-07-09T07:51:00","guid":{"rendered":"https:\/\/euapp01.newsmemory.com\/lamarseillaise\/news\/?p=35852"},"modified":"2026-07-09T10:11:23","modified_gmt":"2026-07-09T08:11:23","slug":"la-grotte-cosquer-senrichit-dune-nouvelle-visite","status":"publish","type":"post","link":"https:\/\/euapp01.newsmemory.com\/lamarseillaise\/news\/2026\/07\/09\/la-grotte-cosquer-senrichit-dune-nouvelle-visite\/","title":{"rendered":"La Grotte Cosquer s\u2019enrichit d\u2019une nouvelle visite"},"content":{"rendered":"<div class=\"paragraph\">\n<p>\u00ab <i>J<\/i><i>e n\u2019\u00e9tais pas le premier dans cette grotte<\/i><i>\u00a0<\/i><i>: mais qui \u00e9tait venu taguer l\u00e0-dedans<\/i><i>\u00a0<\/i><i>?<\/i>\u00a0\u00bb \u00c0 37\u00a0m\u00e8tres de profondeur, la voix d\u2019Henri Cosquer raconte dans les casques l\u2019histoire de sa d\u00e9couverte, au fond de la calanque de la Triperie. La narration de 35\u00a0minutes par le plongeur remplace l\u2019ancienne voix off de l\u2019audioguide. C\u2019est l\u2019une des nouveaut\u00e9s de la grotte Cosquer, pr\u00e9sent\u00e9es ce mercredi 8\u00a0juillet au public. Une visite intitul\u00e9e \u00ab\u00a0Le Passage\u00a0\u00bb.<\/p>\n<\/p><\/div>\n<div class=\"intext\"> Une exp\u00e9rience revisit\u00e9e\n              <\/div>\n<div class=\"paragraph\">\n<p>Une visite \u00ab\u00a0<i>bien plus immersive et incarn\u00e9e<\/i>, selon la directrice de la grotte, Fr\u00e9d\u00e9rique Michaud. <i>L\u2019id\u00e9e c\u2019\u00e9tait d\u2019apporter de la nouveaut\u00e9 pour les plus connaisseurs comme les enfants.<\/i><i>\u00a0<\/i>\u00bb Le site est ouvert depuis quatre ans, avec pr\u00e8s de 365\u00a0000\u00a0visiteurs l\u2019ann\u00e9e derni\u00e8re. Il a \u00e9t\u00e9 financ\u00e9 int\u00e9gralement par la R\u00e9gion Sud. Une \u00ab\u00a0<i>grosse prise de risque, qui a co\u00fbt\u00e9 pas mal d\u2019argent<\/i>\u00a0\u00bb, selon Renaud Muselier, pr\u00e9sident (Ren) de la R\u00e9gion, pr\u00e9sent lors de l\u2019avant-premi\u00e8re, mardi. \u00ab<i>\u00a0<\/i><i>C\u2019est g\u00e9nial \u00e7a<\/i>\u00a0\u00bb, chuchote-t-il devant le film d\u2019animation qui reprend la chronologie de la d\u00e9couverte de la grotte.<\/p>\n<p>C\u2019est en 1985 qu\u2019Henri Cosquer p\u00e9n\u00e8tre pour la premi\u00e8re fois dans la cavit\u00e9, qu\u2019il explorera pendant six ans. Celle qu\u2019il appelle \u00ab\u00a0<i>la grotte de Lascau sous la mer<\/i>\u00a0\u00bb, regorge de nombreuses peintures pr\u00e9historiques\u00a0: chevaux, bisons, et m\u00eame pingouins.<\/p>\n<p>Lors de la visite, mardi, l\u2019explorateur Henri Cosquer s\u2019est dit \u00e9merveill\u00e9\u00a0: \u00ab\u00a0<i>C\u2019est fabuleux de reconstituer toute l\u2019histoire virtuellement.<\/i>\u00a0\u00bb Il est venu plusieurs fois dans la grotte reconstitu\u00e9e afin d\u2019\u00e9crire son texte. \u00ab\u00a0<i>Ce texte retranscrit l\u2019\u00e9motion de ce que j\u2019ai v\u00e9cu et le nombre de questions qu\u2019on peut se poser face \u00e0 ce qu\u2019ont fait nos anc\u00eatres. C\u2019est magique.<\/i><i>\u00a0<\/i>\u00bb<\/p>\n<\/p><\/div>\n","protected":false},"excerpt":{"rendered":"&laquo; Je n&rsquo;&eacute;tais pas le premier dans cette grotte&nbsp;: mais qui &eacute;tait venu taguer l&agrave;-dedans&nbsp;?&nbsp;&raquo; &Agrave; 37&nbsp;m&egrave;tres de profondeur, la voix d&rsquo;Henri Cosquer raconte dans les casques &#8230;","protected":false},"author":1,"featured_media":35853,"comment_status":"open","ping_status":"open","sticky":false,"template":"","format":"standard","meta":{"footnotes":""},"categories":[20],"tags":[2873,1307,1305,4360,55,16,2310,708,2602,347,61],"news-destination":[],"news-source":[475],"is_homepage":[],"ta_other":[],"class_list":["post-35852","post","type-post","status-publish","format-standard","has-post-thumbnail","hentry","category-societe","tag-activites-de-loisirs","tag-animation","tag-film","tag-grotte-cosquer","tag-loisirs","tag-marseille","tag-nouveautes","tag-renaud-muselier","tag-sorties","tag-tourisme","tag-visite","news-source-website"],"_links":{"self":[{"href":"https:\/\/euapp01.newsmemory.com\/lamarseillaise\/news\/wp-json\/wp\/v2\/posts\/35852","targetHints":{"allow":["GET"]}}],"collection":[{"href":"https:\/\/euapp01.newsmemory.com\/lamarseillaise\/news\/wp-json\/wp\/v2\/posts"}],"about":[{"href":"https:\/\/euapp01.newsmemory.com\/lamarseillaise\/news\/wp-json\/wp\/v2\/types\/post"}],"author":[{"embeddable":true,"href":"https:\/\/euapp01.newsmemory.com\/lamarseillaise\/news\/wp-json\/wp\/v2\/users\/1"}],"replies":[{"embeddable":true,"href":"https:\/\/euapp01.newsmemory.com\/lamarseillaise\/news\/wp-json\/wp\/v2\/comments?post=35852"}],"version-history":[{"count":1,"href":"https:\/\/euapp01.newsmemory.com\/lamarseillaise\/news\/wp-json\/wp\/v2\/posts\/35852\/revisions"}],"predecessor-version":[{"id":35854,"href":"https:\/\/euapp01.newsmemory.com\/lamarseillaise\/news\/wp-json\/wp\/v2\/posts\/35852\/revisions\/35854"}],"wp:featuredmedia":[{"embeddable":true,"href":"https:\/\/euapp01.newsmemory.com\/lamarseillaise\/news\/wp-json\/wp\/v2\/media\/35853"}],"wp:attachment":[{"href":"https:\/\/euapp01.newsmemory.com\/lamarseillaise\/news\/wp-json\/wp\/v2\/media?parent=35852"}],"wp:term":[{"taxonomy":"category","embeddable":true,"href":"https:\/\/euapp01.newsmemory.com\/lamarseillaise\/news\/wp-json\/wp\/v2\/categories?post=35852"},{"taxonomy":"post_tag","embeddable":true,"href":"https:\/\/euapp01.newsmemory.com\/lamarseillaise\/news\/wp-json\/wp\/v2\/tags?post=35852"},{"taxonomy":"news-destination","embeddable":true,"href":"https:\/\/euapp01.newsmemory.com\/lamarseillaise\/news\/wp-json\/wp\/v2\/news-destination?post=35852"},{"taxonomy":"news-source","embeddable":true,"href":"https:\/\/euapp01.newsmemory.com\/lamarseillaise\/news\/wp-json\/wp\/v2\/news-source?post=35852"},{"taxonomy":"is_homepage","embeddable":true,"href":"https:\/\/euapp01.newsmemory.com\/lamarseillaise\/news\/wp-json\/wp\/v2\/is_homepage?post=35852"},{"taxonomy":"ta_other","embeddable":true,"href":"https:\/\/euapp01.newsmemory.com\/lamarseillaise\/news\/wp-json\/wp\/v2\/ta_other?post=35852"}],"curies":[{"name":"wp","href":"https:\/\/api.w.org\/{rel}","templated":true}]}}