{"id":35845,"date":"2026-07-09T09:16:00","date_gmt":"2026-07-09T07:16:00","guid":{"rendered":"https:\/\/euapp01.newsmemory.com\/lamarseillaise\/news\/?p=35845"},"modified":"2026-07-15T07:54:40","modified_gmt":"2026-07-15T05:54:40","slug":"les-collectivites-au-chevet-des-plus-fragiles","status":"publish","type":"post","link":"https:\/\/euapp01.newsmemory.com\/lamarseillaise\/news\/2026\/07\/09\/les-collectivites-au-chevet-des-plus-fragiles\/","title":{"rendered":"Les collectivit\u00e9s au chevet des plus fragiles"},"content":{"rendered":"<div class=\"paragraph\">\n<p>Quand le thermom\u00e8tre grimpe, la solidarit\u00e9 ne peut pas rester un slogan. Depuis le 1<sup>er<\/sup> juin, CCAS, \u00e9coles, cr\u00e8ches, piscines et m\u00e9diath\u00e8ques sont redevenus les avant-postes d\u2019un service public de proximit\u00e9 que la canicule met \u00e0 l\u2019\u00e9preuve. Dans le Gard comme dans l\u2019H\u00e9rault, les collectivit\u00e9s activent leurs plans de protection des plus vuln\u00e9rables<b>\u00a0<\/b>: personnes \u00e2g\u00e9es isol\u00e9es, enfants, habitants pr\u00e9caires, agents expos\u00e9s. H\u00e9ritiers de la loi de 2004, n\u00e9e apr\u00e8s le drame sanitaire de 2003, les maires ont aussi une responsabilit\u00e9 concr\u00e8te<b>\u00a0<\/b>: rep\u00e9rer, pr\u00e9venir, appeler, ouvrir des lieux de r\u00e9pit.<\/p>\n<p>\u00c0 N\u00eemes, le CCAS s\u2019appuie sur le dispositif All\u00f4 Seniors pour appeler les personnes inscrites au registre canicule, organiser des visites si n\u00e9cessaire et distribuer pr\u00e8s de 1<b>\u00a0<\/b>100\u00a0colis alimentaires en juillet-ao\u00fbt. La Ville recense aussi ses \u00eelots de fra\u00eecheur sur son application<b>\u00a0<\/b>: fontaines, jardins publics, lieux climatis\u00e9s. En vigilance rouge, mus\u00e9es et piscines municipales peuvent devenir gratuits, tandis que les centres sociaux \u00e9largissent leurs horaires. Dans les \u00e9coles, 2<b>\u00a0<\/b>200\u00a0ventilateurs et 1<b>\u00a0<\/b>100\u00a0brumisateurs ont \u00e9t\u00e9 d\u00e9ploy\u00e9s, faute d\u2019un b\u00e2ti partout adapt\u00e9. Les cr\u00e8ches, elles, b\u00e9n\u00e9ficient d\u2019une climatisation int\u00e9grale, quand certains groupes scolaires disposent d\u00e9j\u00e0 d\u2019espaces rafra\u00eechis.<\/p>\n<\/p><\/div>\n<div class=\"intext\"> L\u2019urgence faute d\u2019anticipation\n              <\/div>\n<div class=\"paragraph\">\n<p>Montpellier pousse plus loin la logique des lieux refuges<b>\u00a0<\/b>: appels de courtoisie du CCAS, clubs seniors, m\u00e9diath\u00e8ques, piscines, mus\u00e9es, fontaines publiques, mais aussi 83\u00a0\u00e9coles d\u00e9j\u00e0 \u00e9quip\u00e9es d\u2019une salle rafra\u00eechie \u00e0 25\u00b0C. Les cr\u00e8ches disposent chacune d\u2019une pi\u00e8ce refuge. \u00c0 B\u00e9ziers, le plan canicule cible les b\u00e9n\u00e9ficiaires de l\u2019aide \u00e0 domicile et du portage de repas, avec un espace senior climatis\u00e9. \u00c0 Al\u00e8s, le CCAS adapte ses horaires d\u2019\u00e9t\u00e9 et s\u2019appuie sur le plan communal de sauvegarde. M\u00eame les pr\u00e9fectures ajustent les r\u00e8gles, comme dans l\u2019H\u00e9rault, o\u00f9 les chantiers peuvent d\u00e9marrer d\u00e8s 6h en vigilance orange ou rouge pour \u00e9pargner les ouvriers des heures les plus br\u00fblantes.<\/p>\n<p>Reste le fond du probl\u00e8me<b>\u00a0<\/b>: ces dispositifs reposent souvent sur l\u2019inscription volontaire, laissant parfois hors radar les plus isol\u00e9s. Et les collectivit\u00e9s bricolent avec des budgets contraints face \u00e0 des b\u00e2timents con\u00e7us pour l\u2019hiver, pas pour l\u2019\u00e9t\u00e9. \u00ab<i>\u00a0<\/i><i>On a travaill\u00e9 sur l\u2019\u00e9conomie d\u2019\u00e9nergie l\u2019hiver mais pas du tout l\u2019\u00e9t\u00e9<\/i>\u00a0\u00bb, r\u00e9sume Philippe Ribot, pr\u00e9sident des maires du Gard. Ventiler, appeler, ouvrir des salles<b>\u00a0<\/b>: n\u00e9cessaire. Mais sans r\u00e9novation thermique massive, d\u00e9bitumisation et v\u00e9g\u00e9talisation, la protection restera trop souvent une r\u00e9ponse d\u2019urgence \u00e0 une crise devenue permanente.<\/p>\n<\/p><\/div>\n","protected":false},"excerpt":{"rendered":"Quand le thermom&egrave;tre grimpe, la solidarit&eacute; ne peut pas rester un slogan. Depuis le 1er juin, CCAS, &eacute;coles, cr&egrave;ches, piscines et m&eacute;diath&egrave;ques sont redevenus les avant-postes d&rsquo;un service public de &#8230;","protected":false},"author":1,"featured_media":35846,"comment_status":"open","ping_status":"open","sticky":false,"template":"","format":"standard","meta":{"footnotes":""},"categories":[3926,3925,333,20],"tags":[3275,663,372,2609,207,208,1550,238,239,4046,240,241,284,3284,419,2567],"news-destination":[3944],"news-source":[475],"is_homepage":[],"ta_other":[],"class_list":["post-35845","post","type-post","status-publish","format-standard","has-post-thumbnail","hentry","category-accueil-merge","category-accueil-third","category-environnement","category-societe","tag-adaptation-climatique","tag-ales","tag-canicule","tag-ccas","tag-changement-climatique","tag-collectivites","tag-dereglement-climatique","tag-gard","tag-herault","tag-ilots-de-fraicheur","tag-montpellier","tag-nimes","tag-occitanie","tag-philippe-ribot","tag-rechauffement-climatique","tag-seniors","news-destination-homepage","news-source-website"],"_links":{"self":[{"href":"https:\/\/euapp01.newsmemory.com\/lamarseillaise\/news\/wp-json\/wp\/v2\/posts\/35845","targetHints":{"allow":["GET"]}}],"collection":[{"href":"https:\/\/euapp01.newsmemory.com\/lamarseillaise\/news\/wp-json\/wp\/v2\/posts"}],"about":[{"href":"https:\/\/euapp01.newsmemory.com\/lamarseillaise\/news\/wp-json\/wp\/v2\/types\/post"}],"author":[{"embeddable":true,"href":"https:\/\/euapp01.newsmemory.com\/lamarseillaise\/news\/wp-json\/wp\/v2\/users\/1"}],"replies":[{"embeddable":true,"href":"https:\/\/euapp01.newsmemory.com\/lamarseillaise\/news\/wp-json\/wp\/v2\/comments?post=35845"}],"version-history":[{"count":1,"href":"https:\/\/euapp01.newsmemory.com\/lamarseillaise\/news\/wp-json\/wp\/v2\/posts\/35845\/revisions"}],"predecessor-version":[{"id":35847,"href":"https:\/\/euapp01.newsmemory.com\/lamarseillaise\/news\/wp-json\/wp\/v2\/posts\/35845\/revisions\/35847"}],"wp:featuredmedia":[{"embeddable":true,"href":"https:\/\/euapp01.newsmemory.com\/lamarseillaise\/news\/wp-json\/wp\/v2\/media\/35846"}],"wp:attachment":[{"href":"https:\/\/euapp01.newsmemory.com\/lamarseillaise\/news\/wp-json\/wp\/v2\/media?parent=35845"}],"wp:term":[{"taxonomy":"category","embeddable":true,"href":"https:\/\/euapp01.newsmemory.com\/lamarseillaise\/news\/wp-json\/wp\/v2\/categories?post=35845"},{"taxonomy":"post_tag","embeddable":true,"href":"https:\/\/euapp01.newsmemory.com\/lamarseillaise\/news\/wp-json\/wp\/v2\/tags?post=35845"},{"taxonomy":"news-destination","embeddable":true,"href":"https:\/\/euapp01.newsmemory.com\/lamarseillaise\/news\/wp-json\/wp\/v2\/news-destination?post=35845"},{"taxonomy":"news-source","embeddable":true,"href":"https:\/\/euapp01.newsmemory.com\/lamarseillaise\/news\/wp-json\/wp\/v2\/news-source?post=35845"},{"taxonomy":"is_homepage","embeddable":true,"href":"https:\/\/euapp01.newsmemory.com\/lamarseillaise\/news\/wp-json\/wp\/v2\/is_homepage?post=35845"},{"taxonomy":"ta_other","embeddable":true,"href":"https:\/\/euapp01.newsmemory.com\/lamarseillaise\/news\/wp-json\/wp\/v2\/ta_other?post=35845"}],"curies":[{"name":"wp","href":"https:\/\/api.w.org\/{rel}","templated":true}]}}