{"id":35842,"date":"2026-07-09T09:18:00","date_gmt":"2026-07-09T07:18:00","guid":{"rendered":"https:\/\/euapp01.newsmemory.com\/lamarseillaise\/news\/?p=35842"},"modified":"2026-07-15T07:53:40","modified_gmt":"2026-07-15T05:53:40","slug":"mieux-comprendre-les-besoins-des-jeunes-parents","status":"publish","type":"post","link":"https:\/\/euapp01.newsmemory.com\/lamarseillaise\/news\/2026\/07\/09\/mieux-comprendre-les-besoins-des-jeunes-parents\/","title":{"rendered":"Mieux comprendre les besoins des jeunes parents"},"content":{"rendered":"<div class=\"paragraph\">\n<p>Comment mieux accompagner les familles d\u00e8s les premiers mois de vie de l\u2019enfant\u00a0? C\u2019est \u00e0 cette question que le conseil d\u00e9partemental du Gard entend r\u00e9pondre avec le lancement de la d\u00e9marche \u00ab\u00a0Petits pas, grands pas\u00a0\u00bb. Au c\u0153ur du dispositif\u00a0: une enqu\u00eate adress\u00e9e aux parents et futurs parents afin de recueillir leurs besoins, leurs attentes mais aussi leur niveau de satisfaction concernant les services de la protection maternelle et infantile (PMI).<\/p>\n<p>Pour la collectivit\u00e9, il s\u2019agit d\u2019un enjeu majeur de sant\u00e9 publique et de pr\u00e9vention. Le Conseil d\u00e9partemental rappelle que la PMI <i>\u00ab<\/i><i>\u00a0<\/i><i>accompagne les femmes enceintes, prot\u00e8ge les tout-petits et soutient les familles gardoises<\/i><i>\u00a0<\/i><i>\u00bb.<\/i> Les \u00e9quipes, compos\u00e9es notamment de sages-femmes, m\u00e9decins, pu\u00e9ricultrices et psychologues, interviennent pour pr\u00e9venir les risques, rep\u00e9rer les fragilit\u00e9s et accompagner les parents d\u00e8s les premiers temps de la grossesse ou de la petite enfance.<\/p>\n<p>La d\u00e9marche repose sur un questionnaire anonyme diffus\u00e9 \u00e0 l\u2019\u00e9chelle du d\u00e9partement. Les participants sont invit\u00e9s \u00e0 indiquer les raisons de leur premier contact avec la PMI, leur niveau de satisfaction ou encore les points forts et les axes d\u2019am\u00e9lioration du service. Les th\u00e8mes abord\u00e9s vont du suivi de grossesse \u00e0 l\u2019allaitement en passant par le sommeil de l\u2019enfant, les modes de garde ou les visites \u00e0 domicile.<\/p>\n<\/p><\/div>\n<div class=\"intext\"> Une enqu\u00eate pour adapter les services\n              <\/div>\n<div class=\"paragraph\">\n<p>Cette enqu\u00eate constitue la premi\u00e8re \u00e9tape d\u2019un travail plus large. Elle sera suivie d\u2019un diagnostic des pratiques actuelles afin <i>\u00ab<\/i><i>\u00a0<\/i><i>d\u2019am\u00e9liorer l\u2019acc\u00e8s aux services, la qualit\u00e9 des interventions et l\u2019impact aupr\u00e8s des jeunes enfants et de leurs familles<\/i><i>\u00a0<\/i><i>\u00bb<\/i>.<\/p>\n<p>D\u00e9velopp\u00e9e avec le chercheur Thomas Delawarde-Sa\u00efas, de l\u2019Universit\u00e9 du Qu\u00e9bec \u00e0 Montr\u00e9al, et l\u2019agence Kalia, la d\u00e9marche est d\u00e9j\u00e0 mise en \u0153uvre dans plusieurs d\u00e9partements. Recommand\u00e9e par la d\u00e9fenseure des droits Claire H\u00e9don, elle vise notamment \u00e0 renforcer l\u2019accompagnement des familles les plus vuln\u00e9rables et \u00e0 pr\u00e9venir pr\u00e9cocement les in\u00e9galit\u00e9s de sant\u00e9.<\/p>\n<p>Une synth\u00e8se des r\u00e9sultats de l\u2019enqu\u00eate doit \u00eatre r\u00e9alis\u00e9e \u00e0 l\u2019automne prochain afin d\u2019orienter les futures actions de pr\u00e9vention men\u00e9es dans le Gard.<\/p>\n<\/p><\/div>\n","protected":false},"excerpt":{"rendered":"Comment mieux accompagner les familles d&egrave;s les premiers mois de vie de l&rsquo;enfant&nbsp;? C&rsquo;est &agrave; cette question que le conseil d&eacute;partemental du Gard entend r&eacute;pondre avec le lancement de la d&eacute;marche &#8230;","protected":false},"author":1,"featured_media":35843,"comment_status":"open","ping_status":"open","sticky":false,"template":"","format":"standard","meta":{"footnotes":""},"categories":[3926,3925,20],"tags":[133,238,978,632],"news-destination":[3944],"news-source":[475],"is_homepage":[],"ta_other":[],"class_list":["post-35842","post","type-post","status-publish","format-standard","has-post-thumbnail","hentry","category-accueil-merge","category-accueil-third","category-societe","tag-departement","tag-gard","tag-parents","tag-petite-enfance","news-destination-homepage","news-source-website"],"_links":{"self":[{"href":"https:\/\/euapp01.newsmemory.com\/lamarseillaise\/news\/wp-json\/wp\/v2\/posts\/35842","targetHints":{"allow":["GET"]}}],"collection":[{"href":"https:\/\/euapp01.newsmemory.com\/lamarseillaise\/news\/wp-json\/wp\/v2\/posts"}],"about":[{"href":"https:\/\/euapp01.newsmemory.com\/lamarseillaise\/news\/wp-json\/wp\/v2\/types\/post"}],"author":[{"embeddable":true,"href":"https:\/\/euapp01.newsmemory.com\/lamarseillaise\/news\/wp-json\/wp\/v2\/users\/1"}],"replies":[{"embeddable":true,"href":"https:\/\/euapp01.newsmemory.com\/lamarseillaise\/news\/wp-json\/wp\/v2\/comments?post=35842"}],"version-history":[{"count":1,"href":"https:\/\/euapp01.newsmemory.com\/lamarseillaise\/news\/wp-json\/wp\/v2\/posts\/35842\/revisions"}],"predecessor-version":[{"id":35844,"href":"https:\/\/euapp01.newsmemory.com\/lamarseillaise\/news\/wp-json\/wp\/v2\/posts\/35842\/revisions\/35844"}],"wp:featuredmedia":[{"embeddable":true,"href":"https:\/\/euapp01.newsmemory.com\/lamarseillaise\/news\/wp-json\/wp\/v2\/media\/35843"}],"wp:attachment":[{"href":"https:\/\/euapp01.newsmemory.com\/lamarseillaise\/news\/wp-json\/wp\/v2\/media?parent=35842"}],"wp:term":[{"taxonomy":"category","embeddable":true,"href":"https:\/\/euapp01.newsmemory.com\/lamarseillaise\/news\/wp-json\/wp\/v2\/categories?post=35842"},{"taxonomy":"post_tag","embeddable":true,"href":"https:\/\/euapp01.newsmemory.com\/lamarseillaise\/news\/wp-json\/wp\/v2\/tags?post=35842"},{"taxonomy":"news-destination","embeddable":true,"href":"https:\/\/euapp01.newsmemory.com\/lamarseillaise\/news\/wp-json\/wp\/v2\/news-destination?post=35842"},{"taxonomy":"news-source","embeddable":true,"href":"https:\/\/euapp01.newsmemory.com\/lamarseillaise\/news\/wp-json\/wp\/v2\/news-source?post=35842"},{"taxonomy":"is_homepage","embeddable":true,"href":"https:\/\/euapp01.newsmemory.com\/lamarseillaise\/news\/wp-json\/wp\/v2\/is_homepage?post=35842"},{"taxonomy":"ta_other","embeddable":true,"href":"https:\/\/euapp01.newsmemory.com\/lamarseillaise\/news\/wp-json\/wp\/v2\/ta_other?post=35842"}],"curies":[{"name":"wp","href":"https:\/\/api.w.org\/{rel}","templated":true}]}}