{"id":35839,"date":"2026-07-09T08:55:00","date_gmt":"2026-07-09T06:55:00","guid":{"rendered":"https:\/\/euapp01.newsmemory.com\/lamarseillaise\/news\/?p=35839"},"modified":"2026-07-15T07:54:40","modified_gmt":"2026-07-15T05:54:40","slug":"le-mucem-ou-le-fait-du-prince","status":"publish","type":"post","link":"https:\/\/euapp01.newsmemory.com\/lamarseillaise\/news\/2026\/07\/09\/le-mucem-ou-le-fait-du-prince\/","title":{"rendered":"Marseille : le Mucem ou le fait du prince"},"content":{"rendered":"<div class=\"paragraph\">\n<p><i><span class=\"mln_uppercase_mln\"><\/span><\/i><\/p>\n<p>Une autorisation a posteriori a \u00e9t\u00e9 d\u00e9livr\u00e9e en juin\u00a02026 sous la pression directe de la pr\u00e9sidence de la R\u00e9publique. L\u2019article rapporte le co\u00fbt exorbitant de cette \u00ab\u00a0exp\u00e9rimentation\u00a0\u00bb d\u2019une dur\u00e9e d\u2019un an qui a d\u00e9j\u00e0 co\u00fbt\u00e9 entre 200\u00a0000\u00a0et 250\u00a0000\u00a0euros de fonds publics, et dont la r\u00e9partition exacte des co\u00fbts entre le fabricant Ludoparc et le cr\u00e9ateur Ora-\u00efto n\u2019est pas communiqu\u00e9e. Cette structure devra \u00eatre enti\u00e8rement d\u00e9mont\u00e9e et le sol remis en \u00e9tat. Dans sa r\u00e9ponse \u00e0 la Tribune de l\u2019Art, la Drac d\u00e9clare que \u00ab\u00a0<i>si l\u2019exp\u00e9rimentation est jug\u00e9e positive, un nouveau concours et un nouvel appel d\u2019offres seront lanc\u00e9s pour un autre projet mieux int\u00e9gr\u00e9, rendant l\u2019investissement initial totalement perdu<\/i><i>\u00a0<\/i>\u00bb. Sites &#038; Monument avait d\u00e9nonc\u00e9 le 22\u00a0juin ce montage dans un courriel \u00e0 la DRAC. La d\u00e9l\u00e9gu\u00e9e r\u00e9gionale Sandrine Rolengo s\u2019interrogeait sur \u00ab\u00a0<i>la qualit\u00e9 particuli\u00e8rement pauvre de ces am\u00e9nagements au regard de la valeur historique et architecturale du Fort Saint-Jean<\/i><i>\u00a0<\/i>\u00bb. \u00ab\u00a0<i>Le choix de couleurs tr\u00e8s visibles et invasives est une atteinte \u00e0 la perception du monument<\/i>\u00a0\u00bb. Sans parler d\u2019une aire de jeux inutilisable car chauff\u00e9e \u00e0 blanc en plein soleil\u00a0!<\/p>\n<\/p><\/div>\n","protected":false},"excerpt":{"rendered":"Une autorisation a posteriori a &eacute;t&eacute; d&eacute;livr&eacute;e en juin&nbsp;2026 sous la pression directe de la pr&eacute;sidence de la R&eacute;publique. L&rsquo;article rapporte le co&ucirc;t exorbitant de cette &#8230;","protected":false},"author":1,"featured_media":35840,"comment_status":"open","ping_status":"open","sticky":false,"template":"","format":"standard","meta":{"footnotes":""},"categories":[3926,3925,32,20],"tags":[1346,313,10,372,6072,2949,575,1755,1300,2320,2371,16,6069,37,6073,6070,6071,2080],"news-destination":[3944],"news-source":[475],"is_homepage":[],"ta_other":[],"class_list":["post-35839","post","type-post","status-publish","format-standard","has-post-thumbnail","hentry","category-accueil-merge","category-accueil-third","category-culture","category-societe","tag-architecture","tag-art","tag-bouches-du-rhone","tag-canicule","tag-drac","tag-elysee","tag-emmanuel-macron","tag-experimentation","tag-inclusion","tag-installation","tag-jeux","tag-marseille","tag-monument-historique","tag-mucem","tag-ora-ito","tag-sandrine-rolengo","tag-sites-et-monuments","tag-tribunal","news-destination-homepage","news-source-website"],"_links":{"self":[{"href":"https:\/\/euapp01.newsmemory.com\/lamarseillaise\/news\/wp-json\/wp\/v2\/posts\/35839","targetHints":{"allow":["GET"]}}],"collection":[{"href":"https:\/\/euapp01.newsmemory.com\/lamarseillaise\/news\/wp-json\/wp\/v2\/posts"}],"about":[{"href":"https:\/\/euapp01.newsmemory.com\/lamarseillaise\/news\/wp-json\/wp\/v2\/types\/post"}],"author":[{"embeddable":true,"href":"https:\/\/euapp01.newsmemory.com\/lamarseillaise\/news\/wp-json\/wp\/v2\/users\/1"}],"replies":[{"embeddable":true,"href":"https:\/\/euapp01.newsmemory.com\/lamarseillaise\/news\/wp-json\/wp\/v2\/comments?post=35839"}],"version-history":[{"count":2,"href":"https:\/\/euapp01.newsmemory.com\/lamarseillaise\/news\/wp-json\/wp\/v2\/posts\/35839\/revisions"}],"predecessor-version":[{"id":36121,"href":"https:\/\/euapp01.newsmemory.com\/lamarseillaise\/news\/wp-json\/wp\/v2\/posts\/35839\/revisions\/36121"}],"wp:featuredmedia":[{"embeddable":true,"href":"https:\/\/euapp01.newsmemory.com\/lamarseillaise\/news\/wp-json\/wp\/v2\/media\/35840"}],"wp:attachment":[{"href":"https:\/\/euapp01.newsmemory.com\/lamarseillaise\/news\/wp-json\/wp\/v2\/media?parent=35839"}],"wp:term":[{"taxonomy":"category","embeddable":true,"href":"https:\/\/euapp01.newsmemory.com\/lamarseillaise\/news\/wp-json\/wp\/v2\/categories?post=35839"},{"taxonomy":"post_tag","embeddable":true,"href":"https:\/\/euapp01.newsmemory.com\/lamarseillaise\/news\/wp-json\/wp\/v2\/tags?post=35839"},{"taxonomy":"news-destination","embeddable":true,"href":"https:\/\/euapp01.newsmemory.com\/lamarseillaise\/news\/wp-json\/wp\/v2\/news-destination?post=35839"},{"taxonomy":"news-source","embeddable":true,"href":"https:\/\/euapp01.newsmemory.com\/lamarseillaise\/news\/wp-json\/wp\/v2\/news-source?post=35839"},{"taxonomy":"is_homepage","embeddable":true,"href":"https:\/\/euapp01.newsmemory.com\/lamarseillaise\/news\/wp-json\/wp\/v2\/is_homepage?post=35839"},{"taxonomy":"ta_other","embeddable":true,"href":"https:\/\/euapp01.newsmemory.com\/lamarseillaise\/news\/wp-json\/wp\/v2\/ta_other?post=35839"}],"curies":[{"name":"wp","href":"https:\/\/api.w.org\/{rel}","templated":true}]}}