{"id":35836,"date":"2026-07-09T08:26:00","date_gmt":"2026-07-09T06:26:00","guid":{"rendered":"https:\/\/euapp01.newsmemory.com\/lamarseillaise\/news\/?p=35836"},"modified":"2026-07-11T07:54:52","modified_gmt":"2026-07-11T05:54:52","slug":"avec-lete-le-dal-alerte-sur-la-fraude-au-bail-mobilite-20260709-0705-490688","status":"publish","type":"post","link":"https:\/\/euapp01.newsmemory.com\/lamarseillaise\/news\/2026\/07\/09\/avec-lete-le-dal-alerte-sur-la-fraude-au-bail-mobilite-20260709-0705-490688\/","title":{"rendered":"Avec l\u2019\u00e9t\u00e9, le DAL alerte sur la fraude au bail mobilit\u00e9"},"content":{"rendered":"<div class=\"paragraph\">\n<p>Pour les travailleurs saisonniers, se loger devient de plus en plus difficile en \u00e9t\u00e9, dans un d\u00e9partement au march\u00e9 locatif \u00e9trangl\u00e9 par la location touristique, les r\u00e9sidences secondaires et les logements vacants. Une solution pour fluidifier le march\u00e9 est le recours au bail mobilit\u00e9. Instaur\u00e9 par la loi Elan de 2018, il permet de louer un logement meubl\u00e9 \u00e0 un locataire consid\u00e9r\u00e9 comme temporaire (\u00e9tudiant, salari\u00e9 en mission temporaire, stagiaire&#8230;) de 1 \u00e0 10\u00a0mois et ne peut pas \u00eatre renouvel\u00e9. Or, d\u2019apr\u00e8s l\u2019association pour le Droit au logement (DAL), de plus en plus de propri\u00e9taires en font un usage d\u00e9tourn\u00e9, louant \u00e0 l\u2019ann\u00e9e en bail mobilit\u00e9 et contraignant ainsi leur locataire \u00e0 quitter le logement pour l\u2019\u00e9t\u00e9, pour le destiner \u00e0 la location saisonni\u00e8re de type Airbnb, plus lucrative.<\/p>\n<\/p><\/div>\n<div class=\"intext\"> Peu de locataires connaissent leur droit\n              <\/div>\n<div class=\"paragraph\">\n<p>\u00ab<i>\u00a0<\/i><i>La plupart des concern\u00e9s ne savent pas que c\u2019est frauduleux,<\/i> constate Jos\u00e9 Pluki, repr\u00e9sentant du DAL 05. <i>Le propri\u00e9taire l\u2019annonce, vous dit que c\u2019est comme \u00e7a, et vous, vous n\u2019en savez rien. Et puis, il peut y avoir un effet village, si vous commencez \u00e0 ruer dans les brancards contre un propri\u00e9taire, dans une petite ville ou un village, \u00e7a peut devenir difficile de trouver quelqu\u2019un pour vous louer.<\/i>\u00a0\u00bb Le manque de logement cr\u00e9erait un rapport de force favorable aux propri\u00e9taires.<i> <\/i>\u00ab\u00a0<i>Beaucoup de gens, quand ils ont un bail mobilit\u00e9 \u00e0 l\u2019ann\u00e9e, n\u2019osent rien dire parce que c\u2019est d\u00e9j\u00e0 au moins avoir un logement, <\/i>poursuit Jos\u00e9 Pluki<i>.<\/i> <i>En plus, le bail mobilit\u00e9 peut arranger des saisonniers qui n\u2019arrivent pas \u00e0 trouver autrement, il y a quand m\u00eame des travailleurs qui passent l\u2019\u00e9t\u00e9 dans leur camion.<\/i><i>\u00a0<\/i>\u00bb<\/p>\n<\/p><\/div>\n","protected":false},"excerpt":{"rendered":"Pour les travailleurs saisonniers, se loger devient de plus en plus difficile en &eacute;t&eacute;, dans un d&eacute;partement au march&eacute; locatif &eacute;trangl&eacute; par la location touristique, les r&eacute;sidences secondaires et les &#8230;","protected":false},"author":1,"featured_media":35834,"comment_status":"open","ping_status":"open","sticky":false,"template":"","format":"standard","meta":{"footnotes":""},"categories":[3926,3925,20],"tags":[3184,2707,4768,4656,2951,596,3183],"news-destination":[3944],"news-source":[475],"is_homepage":[],"ta_other":[],"class_list":["post-35836","post","type-post","status-publish","format-standard","has-post-thumbnail","hentry","category-accueil-merge","category-accueil-third","category-societe","tag-acces-au-logement","tag-airbnb","tag-alpes","tag-bail","tag-locataire","tag-logement","tag-mal-logement","news-destination-homepage","news-source-website"],"_links":{"self":[{"href":"https:\/\/euapp01.newsmemory.com\/lamarseillaise\/news\/wp-json\/wp\/v2\/posts\/35836","targetHints":{"allow":["GET"]}}],"collection":[{"href":"https:\/\/euapp01.newsmemory.com\/lamarseillaise\/news\/wp-json\/wp\/v2\/posts"}],"about":[{"href":"https:\/\/euapp01.newsmemory.com\/lamarseillaise\/news\/wp-json\/wp\/v2\/types\/post"}],"author":[{"embeddable":true,"href":"https:\/\/euapp01.newsmemory.com\/lamarseillaise\/news\/wp-json\/wp\/v2\/users\/1"}],"replies":[{"embeddable":true,"href":"https:\/\/euapp01.newsmemory.com\/lamarseillaise\/news\/wp-json\/wp\/v2\/comments?post=35836"}],"version-history":[{"count":1,"href":"https:\/\/euapp01.newsmemory.com\/lamarseillaise\/news\/wp-json\/wp\/v2\/posts\/35836\/revisions"}],"predecessor-version":[{"id":35838,"href":"https:\/\/euapp01.newsmemory.com\/lamarseillaise\/news\/wp-json\/wp\/v2\/posts\/35836\/revisions\/35838"}],"wp:featuredmedia":[{"embeddable":true,"href":"https:\/\/euapp01.newsmemory.com\/lamarseillaise\/news\/wp-json\/wp\/v2\/media\/35834"}],"wp:attachment":[{"href":"https:\/\/euapp01.newsmemory.com\/lamarseillaise\/news\/wp-json\/wp\/v2\/media?parent=35836"}],"wp:term":[{"taxonomy":"category","embeddable":true,"href":"https:\/\/euapp01.newsmemory.com\/lamarseillaise\/news\/wp-json\/wp\/v2\/categories?post=35836"},{"taxonomy":"post_tag","embeddable":true,"href":"https:\/\/euapp01.newsmemory.com\/lamarseillaise\/news\/wp-json\/wp\/v2\/tags?post=35836"},{"taxonomy":"news-destination","embeddable":true,"href":"https:\/\/euapp01.newsmemory.com\/lamarseillaise\/news\/wp-json\/wp\/v2\/news-destination?post=35836"},{"taxonomy":"news-source","embeddable":true,"href":"https:\/\/euapp01.newsmemory.com\/lamarseillaise\/news\/wp-json\/wp\/v2\/news-source?post=35836"},{"taxonomy":"is_homepage","embeddable":true,"href":"https:\/\/euapp01.newsmemory.com\/lamarseillaise\/news\/wp-json\/wp\/v2\/is_homepage?post=35836"},{"taxonomy":"ta_other","embeddable":true,"href":"https:\/\/euapp01.newsmemory.com\/lamarseillaise\/news\/wp-json\/wp\/v2\/ta_other?post=35836"}],"curies":[{"name":"wp","href":"https:\/\/api.w.org\/{rel}","templated":true}]}}