{"id":35830,"date":"2026-07-09T08:44:00","date_gmt":"2026-07-09T06:44:00","guid":{"rendered":"https:\/\/euapp01.newsmemory.com\/lamarseillaise\/news\/?p=35830"},"modified":"2026-07-15T07:54:40","modified_gmt":"2026-07-15T05:54:40","slug":"pour-la-ville-daix-loeuvre-de-camus-est-definitivement-preservee","status":"publish","type":"post","link":"https:\/\/euapp01.newsmemory.com\/lamarseillaise\/news\/2026\/07\/09\/pour-la-ville-daix-loeuvre-de-camus-est-definitivement-preservee\/","title":{"rendered":"Pour la Ville d\u2019Aix, l\u2019\u0153uvre de Camus est \u00ab&nbsp;d\u00e9finitivement&nbsp;\u00bb pr\u00e9serv\u00e9e"},"content":{"rendered":"<div class=\"paragraph\">\n<p>Le fonds Albert Camus vient de faire son entr\u00e9e dans les collections nationales de la Biblioth\u00e8que nationale. Pour rappel, le fonds d\u2019archives contient une majeure partie des manuscrits de l\u2019auteur \u00e9ponyme, dont celui de <i>l\u2019\u00c9tranger<\/i>. Le maire d\u2019Aix-en-Provence, Sophie Joissains, salue la nouvelle. \u00ab<i>\u00a0<\/i><i>Son int\u00e9grit\u00e9 est d\u00e9finitivement pr\u00e9serv\u00e9e en \u00e9vitant sa dispersion ou son acquisition par un acteur \u00e9tranger. Il sera donc accessible au plus grand nombre est valoris\u00e9 \u00e0 la hauteur de cet immense \u00e9crivain<\/i><i>\u00a0<\/i>\u00bb<i>,<\/i> estime le premier magistrat de la ville. Sophie Joissains relie l\u2019actualit\u00e9 \u00e0 l\u2019histoire locale, puisque la Ville<i> <\/i>\u00ab<i>\u00a0<\/i><i>assurait la conservation, la communication et la valorisation d\u2019une grande partie de ce fonds au titre d\u2019un contrat de d\u00e9p\u00f4t \u00e9tabli par Catherine et Jean Camus<\/i><i>\u00a0<\/i>\u00bb, pendant plus de 25\u00a0ans \u00e0 la biblioth\u00e8que M\u00e9janes. Si \u00ab<i>\u00a0<\/i><i>l\u2019ensemble des documents est actuellement regroup\u00e9 \u00e0 la BNF dans le cadre des op\u00e9rations de r\u00e9colement et d\u2019estampillage cons\u00e9cutives \u00e0 l\u2019acquisition du fonds par l\u2019\u00c9<\/i><i>tat<\/i><i>\u00a0<\/i>\u00bb, indique la municipalit\u00e9, \u00ab<i>\u00a0<\/i><i>\u00e0 l\u2019issue de ce travail, une partie de ces documents sera de nouveau mise \u00e0 la disposition de la Ville d\u2019Aix, par la BNF, selon les modalit\u00e9s d\u00e9finies entre les deux institutions<\/i><i>\u00a0<\/i>\u00bb. Une op\u00e9ration \u00ab<i>\u00a0<\/i><i>totalement ind\u00e9pendante du chantier de transformation actuellement en cours \u00e0 la biblioth\u00e8que M\u00e9janes<\/i><i>\u00a0<\/i>\u00bb.<i> <\/i>Le maire assure que<i>, <\/i>la Ville c\u00e9l\u00e9brera \u00ab<i>\u00a0<\/i><i>l\u2019\u0153uvre de Camus \u00e0 l\u2019occasion du 70<\/i><i><sup>e<\/sup><\/i><i> anniversaire du Prix Nobel<\/i><i>\u00a0<\/i>\u00bb<i> <\/i>et pr\u00e9pare un programme pour le 17\u00a0octobre, date d\u2019attribution de ce prix et le 14\u00a0d\u00e9cembre, jour ou l\u2019auteur intervenait pour la derni\u00e8re fois \u00e0 Aix, en 1959.<\/p>\n<\/p><\/div>\n","protected":false},"excerpt":{"rendered":"Le fonds Albert Camus vient de faire son entr&eacute;e dans les collections nationales de la Biblioth&egrave;que nationale. Pour rappel, le fonds d&rsquo;archives contient une majeure partie des manuscrits de l&rsquo;auteur &eacute;ponyme, dont &#8230;","protected":false},"author":1,"featured_media":35831,"comment_status":"open","ping_status":"open","sticky":false,"template":"","format":"standard","meta":{"footnotes":""},"categories":[3926,3925,32],"tags":[556,2633,2180,1995,10,97,3381,1658],"news-destination":[3944],"news-source":[475],"is_homepage":[],"ta_other":[],"class_list":["post-35830","post","type-post","status-publish","format-standard","has-post-thumbnail","hentry","category-accueil-merge","category-accueil-third","category-culture","tag-aix-en-provence","tag-albert-camus","tag-auteur","tag-bibliotheques","tag-bouches-du-rhone","tag-patrimoine","tag-patrimoine-ecrit","tag-sophie-joissains","news-destination-homepage","news-source-website"],"_links":{"self":[{"href":"https:\/\/euapp01.newsmemory.com\/lamarseillaise\/news\/wp-json\/wp\/v2\/posts\/35830","targetHints":{"allow":["GET"]}}],"collection":[{"href":"https:\/\/euapp01.newsmemory.com\/lamarseillaise\/news\/wp-json\/wp\/v2\/posts"}],"about":[{"href":"https:\/\/euapp01.newsmemory.com\/lamarseillaise\/news\/wp-json\/wp\/v2\/types\/post"}],"author":[{"embeddable":true,"href":"https:\/\/euapp01.newsmemory.com\/lamarseillaise\/news\/wp-json\/wp\/v2\/users\/1"}],"replies":[{"embeddable":true,"href":"https:\/\/euapp01.newsmemory.com\/lamarseillaise\/news\/wp-json\/wp\/v2\/comments?post=35830"}],"version-history":[{"count":1,"href":"https:\/\/euapp01.newsmemory.com\/lamarseillaise\/news\/wp-json\/wp\/v2\/posts\/35830\/revisions"}],"predecessor-version":[{"id":35832,"href":"https:\/\/euapp01.newsmemory.com\/lamarseillaise\/news\/wp-json\/wp\/v2\/posts\/35830\/revisions\/35832"}],"wp:featuredmedia":[{"embeddable":true,"href":"https:\/\/euapp01.newsmemory.com\/lamarseillaise\/news\/wp-json\/wp\/v2\/media\/35831"}],"wp:attachment":[{"href":"https:\/\/euapp01.newsmemory.com\/lamarseillaise\/news\/wp-json\/wp\/v2\/media?parent=35830"}],"wp:term":[{"taxonomy":"category","embeddable":true,"href":"https:\/\/euapp01.newsmemory.com\/lamarseillaise\/news\/wp-json\/wp\/v2\/categories?post=35830"},{"taxonomy":"post_tag","embeddable":true,"href":"https:\/\/euapp01.newsmemory.com\/lamarseillaise\/news\/wp-json\/wp\/v2\/tags?post=35830"},{"taxonomy":"news-destination","embeddable":true,"href":"https:\/\/euapp01.newsmemory.com\/lamarseillaise\/news\/wp-json\/wp\/v2\/news-destination?post=35830"},{"taxonomy":"news-source","embeddable":true,"href":"https:\/\/euapp01.newsmemory.com\/lamarseillaise\/news\/wp-json\/wp\/v2\/news-source?post=35830"},{"taxonomy":"is_homepage","embeddable":true,"href":"https:\/\/euapp01.newsmemory.com\/lamarseillaise\/news\/wp-json\/wp\/v2\/is_homepage?post=35830"},{"taxonomy":"ta_other","embeddable":true,"href":"https:\/\/euapp01.newsmemory.com\/lamarseillaise\/news\/wp-json\/wp\/v2\/ta_other?post=35830"}],"curies":[{"name":"wp","href":"https:\/\/api.w.org\/{rel}","templated":true}]}}