{"id":35827,"date":"2026-07-09T08:52:00","date_gmt":"2026-07-09T06:52:00","guid":{"rendered":"https:\/\/euapp01.newsmemory.com\/lamarseillaise\/news\/?p=35827"},"modified":"2026-07-11T07:54:52","modified_gmt":"2026-07-11T05:54:52","slug":"finances-municipales-avignon-bientot-inscrite-dans-un-reseau-dalerte-20260709-0705-467954","status":"publish","type":"post","link":"https:\/\/euapp01.newsmemory.com\/lamarseillaise\/news\/2026\/07\/09\/finances-municipales-avignon-bientot-inscrite-dans-un-reseau-dalerte-20260709-0705-467954\/","title":{"rendered":"Finances municipales&nbsp;: Avignon bient\u00f4t inscrite dans un r\u00e9seau d\u2019alerte&nbsp;?"},"content":{"rendered":"<div class=\"paragraph\">\n<p>La Ville d\u2019Avignon parle d\u00e9j\u00e0 d\u2019une \u00ab\u00a0<i>d\u00e9cision particuli\u00e8rement inqui\u00e9tante car tr\u00e8s rare<\/i>\u00a0\u00bb. Elle concerne les finances locales, qu\u2019<a rel=\"noopener noreferrer\" href=\"https:\/\/www.lamarseillaise.fr\/politique\/avignon-galzi-accuse-l-ex-majorite-d-avoir-manipule-les-comptes-OE20428732\" target=\"_blank\">Olivier Galzi, nouveau maire (DVD) qualifie de \u00ab\u00a0<i>champ de ruines<\/i>\u00a0\u00bb<\/a>, laiss\u00e9 par l\u2019ancienne<a rel=\"noopener noreferrer\" href=\"https:\/\/www.lamarseillaise.fr\/politique\/entretien-cecile-helle-je-suis-surprise-l-attaque-du-maire-est-extremement-violente-HD20450142\" target=\"_blank\"> majorit\u00e9 de C\u00e9cile Helle, qui s\u2019en d\u00e9fend vertement.<\/a> La d\u00e9cision en question serait le possible placement de la commune au sein d\u2019un r\u00e9seau d\u2019alerte de collectivit\u00e9s en difficult\u00e9. Un dispositif pourtant assez courant, o\u00f9 chaque ann\u00e9e des Villes, agglo ou d\u00e9partements y entrent et sortent.<\/p>\n<p>Reposant sur 4 crit\u00e8res (autofinancement, endettement ou potentiel fiscal), ce r\u00e9seau, cr\u00e9\u00e9 en 1993, est \u00ab\u00a0<i>un instrument interne \u00e0 l\u2019administration, destin\u00e9 \u00e0 am\u00e9liorer la pr\u00e9vention des difficult\u00e9s de certaines collectivit\u00e9s<\/i><i>\u00a0<\/i>\u00bb. Le sujet a \u00e9t\u00e9 \u00e9voqu\u00e9 ce mardi et ce mercredi \u00e0 l\u2019occasion de r\u00e9unions entre le pr\u00e9fet, le maire d\u2019Avignon, le directeur des services ou aussi le directeur d\u00e9partemental des finances publiques (DDFIP).<\/p>\n<p>\u00ab\u00a0<i>Les repr\u00e9sentants de la pr\u00e9fecture ont exprim\u00e9 leurs vives inqui\u00e9tudes avec notamment un constat de d\u00e9gradation tr\u00e8s rapide de tous les indicateurs financiers concernant 2025<\/i><i>\u00a0<\/i>\u00bb, souligne la Ville, <a rel=\"noopener noreferrer\" href=\"https:\/\/www.lamarseillaise.fr\/politique\/la-situation-chaotique-des-finances-met-presque-ko-la-ville-d-avignon-OC20440583\" target=\"_blank\">qui en conseil municipal le 30\u00a0juin, n\u2019a pas adopt\u00e9 le compte administratif.<\/a> Ceci entra\u00eenant de fait une prise en main du dossier par la pr\u00e9fecture sans aller jusqu\u2019\u00e0 la tutelle. Sollicit\u00e9e, la pr\u00e9fecture \u00ab\u00a0<i>indique laisser la main \u00e0 la mairie de d\u00e9cider si elle souhaite rendre public ou non ce qu\u2019il ressort de sa situation financi\u00e8re<\/i><i>\u00a0<\/i>\u00bb. Quant \u00e0 la DDFIP, elle \u00ab\u00a0<i>confirme des \u00e9changes<\/i>\u00a0\u00bb mais ne souhaite pas davantage \u00ab<i>\u00a0<\/i><i>communiquer<\/i><i>\u00a0<\/i>\u00bb.<\/p>\n<\/p><\/div>\n","protected":false},"excerpt":{"rendered":"La Ville d&rsquo;Avignon parle d&eacute;j&agrave; d&rsquo;une &laquo;&nbsp;d&eacute;cision particuli&egrave;rement inqui&eacute;tante car tr&egrave;s rare&nbsp;&raquo;. Elle concerne les finances locales, qu&rsquo;Olivier Galzi, nouveau maire (DVD) &#8230;","protected":false},"author":1,"featured_media":35828,"comment_status":"open","ping_status":"open","sticky":false,"template":"","format":"standard","meta":{"footnotes":""},"categories":[3926,3925,330],"tags":[495,174,430,1046,171,720],"news-destination":[3944],"news-source":[475],"is_homepage":[],"ta_other":[],"class_list":["post-35827","post","type-post","status-publish","format-standard","has-post-thumbnail","hentry","category-accueil-merge","category-accueil-third","category-politique","tag-495","tag-avignon","tag-budget","tag-finances-publiques","tag-vaucluse","tag-ville","news-destination-homepage","news-source-website"],"_links":{"self":[{"href":"https:\/\/euapp01.newsmemory.com\/lamarseillaise\/news\/wp-json\/wp\/v2\/posts\/35827","targetHints":{"allow":["GET"]}}],"collection":[{"href":"https:\/\/euapp01.newsmemory.com\/lamarseillaise\/news\/wp-json\/wp\/v2\/posts"}],"about":[{"href":"https:\/\/euapp01.newsmemory.com\/lamarseillaise\/news\/wp-json\/wp\/v2\/types\/post"}],"author":[{"embeddable":true,"href":"https:\/\/euapp01.newsmemory.com\/lamarseillaise\/news\/wp-json\/wp\/v2\/users\/1"}],"replies":[{"embeddable":true,"href":"https:\/\/euapp01.newsmemory.com\/lamarseillaise\/news\/wp-json\/wp\/v2\/comments?post=35827"}],"version-history":[{"count":1,"href":"https:\/\/euapp01.newsmemory.com\/lamarseillaise\/news\/wp-json\/wp\/v2\/posts\/35827\/revisions"}],"predecessor-version":[{"id":35835,"href":"https:\/\/euapp01.newsmemory.com\/lamarseillaise\/news\/wp-json\/wp\/v2\/posts\/35827\/revisions\/35835"}],"wp:featuredmedia":[{"embeddable":true,"href":"https:\/\/euapp01.newsmemory.com\/lamarseillaise\/news\/wp-json\/wp\/v2\/media\/35828"}],"wp:attachment":[{"href":"https:\/\/euapp01.newsmemory.com\/lamarseillaise\/news\/wp-json\/wp\/v2\/media?parent=35827"}],"wp:term":[{"taxonomy":"category","embeddable":true,"href":"https:\/\/euapp01.newsmemory.com\/lamarseillaise\/news\/wp-json\/wp\/v2\/categories?post=35827"},{"taxonomy":"post_tag","embeddable":true,"href":"https:\/\/euapp01.newsmemory.com\/lamarseillaise\/news\/wp-json\/wp\/v2\/tags?post=35827"},{"taxonomy":"news-destination","embeddable":true,"href":"https:\/\/euapp01.newsmemory.com\/lamarseillaise\/news\/wp-json\/wp\/v2\/news-destination?post=35827"},{"taxonomy":"news-source","embeddable":true,"href":"https:\/\/euapp01.newsmemory.com\/lamarseillaise\/news\/wp-json\/wp\/v2\/news-source?post=35827"},{"taxonomy":"is_homepage","embeddable":true,"href":"https:\/\/euapp01.newsmemory.com\/lamarseillaise\/news\/wp-json\/wp\/v2\/is_homepage?post=35827"},{"taxonomy":"ta_other","embeddable":true,"href":"https:\/\/euapp01.newsmemory.com\/lamarseillaise\/news\/wp-json\/wp\/v2\/ta_other?post=35827"}],"curies":[{"name":"wp","href":"https:\/\/api.w.org\/{rel}","templated":true}]}}