{"id":35820,"date":"2026-07-09T06:33:00","date_gmt":"2026-07-09T04:33:00","guid":{"rendered":"https:\/\/euapp01.newsmemory.com\/lamarseillaise\/news\/?p=35820"},"modified":"2026-07-09T22:22:47","modified_gmt":"2026-07-09T20:22:47","slug":"franck-picq-le-coeur-sur-lhumain","status":"publish","type":"post","link":"https:\/\/euapp01.newsmemory.com\/lamarseillaise\/news\/2026\/07\/09\/franck-picq-le-coeur-sur-lhumain\/","title":{"rendered":"Franck Picq, le c\u0153ur sur l\u2019humain"},"content":{"rendered":"<div class=\"paragraph\">\n<p>La d\u00e9ception et m\u00eame l\u2019amertume se lisent sur son visage. \u00c0 40 ans, allure fine, cheveux courts bruns et barbe poivre et sel, Franck Picq a v\u00e9cu un r\u00eave \u00e9veill\u00e9, qui s\u2019est achev\u00e9 cruellement aux portes de la finale. Avec le tenant malgache, Yves Rakotoarisoa, et son compatriote, Jean-Fran\u00e7ois Rakotondrainibe, dit \u00ab\u00a0Zigle\u00a0\u00bb, la triplette a manqu\u00e9 d\u2019un rien le Graal. Franck s\u2019accusait m\u00eame de ne pas avoir \u00e9t\u00e9 \u00e0 la hauteur de l\u2019enjeu et du niveau de ses prestigieux partenaires. Mais son entourage le dissuadait de nourrir cette pens\u00e9e.<i> \u00ab<\/i><i>\u00a0<\/i><i>Je culpabilise toujours quand on perd<\/i><i>\u00a0<\/i><i>\u00bb<\/i>, avouait-il. <i>\u00ab<\/i><i>\u00a0<\/i><i>C\u2019est immense d\u2019\u00eatre arriv\u00e9 l\u00e0. Si je joue avec des co\u00e9quipiers comme moi, je passe pas le dimanche. Mais l\u00e0, c\u2019est pour eux que je voulais aller au bout.<\/i><i>\u00a0<\/i><i>\u00bb<\/i><\/p>\n<p>Pourtant, l\u2019histoire est belle, m\u00eame si elle ne finit pas en apoth\u00e9ose. En \u00e0 peine trois ans de p\u00e9tanque, Franck a atteint le carr\u00e9 d\u2019honneur que visent des dizaines de joueurs confirm\u00e9s. N\u00e9 \u00e0 Vaulx-en-Velin, p\u00e8re d\u2019une fille de 17\u00a0ans, il vit avec Nad\u00e8ge, m\u00e8re d\u2019un fils de 18\u00a0ans, et dirige deux entreprises. C\u2019est \u00e0 D\u00e9cines que commence son lien avec la p\u00e9tanque. <i>\u00ab<\/i><i>\u00a0<\/i><i>Le pr\u00e9sident du club, Eric Colombero, m\u2019a propos\u00e9 de venir voir. Et j\u2019ai accroch\u00e9<\/i><i>\u00a0<\/i><i>\u00bb<\/i>, explique-t-il. \u00c0 partir de l\u00e0, tout s\u2019encha\u00eene. <i>\u00ab<\/i><i>\u00a0<\/i><i>J\u2019ai commenc\u00e9 \u00e0 jouer, avec de tr\u00e8s bons jeunes, Enryck Begnis et St\u00e9phane Vang. J\u2019ai d\u00e9cid\u00e9 de les soutenir pour les d\u00e9placements, etc.<\/i><i>\u00a0<\/i><i>\u00bb<\/i> Franck ne s\u2019en cache pas, il a un r\u00f4le de partenaire financier. <i>\u00ab<\/i><i>\u00a0<\/i><i>J\u2019ai aucun probl\u00e8me avec \u00e7a, j\u2019apporte un appui, sur mes propres deniers, je progresse \u00e0 la p\u00e9tanque et \u00e7a permet \u00e0 de bons joueurs d\u2019avoir des facilit\u00e9s.<\/i><i>\u00a0<\/i><i>\u00bb<\/i> C\u2019est ce type de partenariat qu\u2019il a \u00e9tabli avec ses deux \u00e9quipiers malgaches. Mais pour lui, la priorit\u00e9, c\u2019est le rapport humain. Avec la communaut\u00e9 de Madagascar, il a nou\u00e9 une relation \u00e0 part. Tout d\u00e9marre gr\u00e2ce \u00e0 un jeune \u00e9tudiant malgache, Tsiri, avec qui il joue. <i>\u00ab<\/i><i>\u00a0<\/i><i>Il m\u2019a demand\u00e9 si je pouvais aider Yves et Zigle \u00e0 venir en France. Ils sont arriv\u00e9s en janvier. En fr\u00e9quentant les Malgaches, j\u2019ai d\u00e9couvert des gens formidables. La porte d\u2019entr\u00e9e, c\u2019est la p\u00e9tanque, mais \u00e7a compte pour 30%. Les 70% restants de l\u2019histoire, c\u2019est de l\u2019humain.<\/i><i>\u00a0<\/i><i>\u00bb <\/i>Franck a \u0153uvr\u00e9 pour qu\u2019ils obtiennent leur visa et un titre de s\u00e9jour, a fait en sorte de leur trouver un boulot, leur a d\u00e9croch\u00e9 le statut de sportif de haut niveau. <i>\u00ab<\/i><i>\u00a0<\/i><i>C\u2019est un ange<\/i><i>\u00a0<\/i><i>!<\/i><i>\u00a0<\/i><i>\u00bb<\/i>, sourit Yves. <i>\u00ab<\/i><i>\u00a0<\/i><i>Je veux le meilleur pour ces jeunes<\/i><i>\u00a0<\/i><i>\u00bb<\/i>, glisse Franck sans d\u00e9tour. Et il reconna\u00eet qu\u2019il en retire des avantages pour la p\u00e9tanque. <i>\u00ab<\/i><i>\u00a0<\/i><i>Je prends du plaisir, eux aussi, tout le monde est content<\/i><i>\u00a0<\/i><i>!<\/i><i>\u00a0<\/i><i>\u00bb<\/i><\/p>\n<p>D\u00e9sormais, tous trois sous les couleurs du club de D\u00e9cines, ils forment une \u00e9quipe performante, qui ambitionne de participer au championnat de France. <i>\u00ab<\/i><i>\u00a0<\/i><i>Pour l\u2019an prochain, on l\u2019envisage<\/i><i>\u00a0<\/i><i>\u00bb<\/i>, lance Franck. Ce qui implique aussi quelques sacrifices. La p\u00e9tanque lui prend 42 week-ends par an.<i> \u00ab<\/i><i>\u00a0<\/i><i>Malgr\u00e9 ce rythme, ma compagne me soutient. Je crois qu\u2019elle m\u2019aime plus moi que la p\u00e9tanque<\/i><i>\u00a0<\/i><i>!<\/i><i>\u00a0<\/i><i>\u00bb<\/i><\/p>\n<p><b>Jan-Cyril Salemi<\/b><\/p>\n<\/p><\/div>\n<div class=\"paragraph\"> <\/div>\n","protected":false},"excerpt":{"rendered":"La d&eacute;ception et m&ecirc;me l&rsquo;amertume se lisent sur son visage. &Agrave; 40 ans, allure fine, cheveux courts bruns et barbe poivre et sel, Franck Picq a v&eacute;cu un r&ecirc;ve &eacute;veill&eacute;, qui s&rsquo;est achev&eacute; &#8230;","protected":false},"author":1,"featured_media":35821,"comment_status":"open","ping_status":"open","sticky":false,"template":"","format":"standard","meta":{"footnotes":""},"categories":[7],"tags":[5503,10,1161,4581,5560,16,4647,6033,3332,4580,896,1013],"news-destination":[],"news-source":[475],"is_homepage":[],"ta_other":[],"class_list":["post-35820","post","type-post","status-publish","format-standard","has-post-thumbnail","hentry","category-sports","tag-borely","tag-bouches-du-rhone","tag-boules","tag-la-marseillaise-2026","tag-le-mondial-la-marseillaise-2026","tag-marseille","tag-mlm2026","tag-mondial-2026","tag-mondial-a-petanque","tag-mondial-la-marseillaise-2026","tag-mondial-la-marseillaise-a-petanque","tag-petanque","news-source-website"],"_links":{"self":[{"href":"https:\/\/euapp01.newsmemory.com\/lamarseillaise\/news\/wp-json\/wp\/v2\/posts\/35820","targetHints":{"allow":["GET"]}}],"collection":[{"href":"https:\/\/euapp01.newsmemory.com\/lamarseillaise\/news\/wp-json\/wp\/v2\/posts"}],"about":[{"href":"https:\/\/euapp01.newsmemory.com\/lamarseillaise\/news\/wp-json\/wp\/v2\/types\/post"}],"author":[{"embeddable":true,"href":"https:\/\/euapp01.newsmemory.com\/lamarseillaise\/news\/wp-json\/wp\/v2\/users\/1"}],"replies":[{"embeddable":true,"href":"https:\/\/euapp01.newsmemory.com\/lamarseillaise\/news\/wp-json\/wp\/v2\/comments?post=35820"}],"version-history":[{"count":2,"href":"https:\/\/euapp01.newsmemory.com\/lamarseillaise\/news\/wp-json\/wp\/v2\/posts\/35820\/revisions"}],"predecessor-version":[{"id":35870,"href":"https:\/\/euapp01.newsmemory.com\/lamarseillaise\/news\/wp-json\/wp\/v2\/posts\/35820\/revisions\/35870"}],"wp:featuredmedia":[{"embeddable":true,"href":"https:\/\/euapp01.newsmemory.com\/lamarseillaise\/news\/wp-json\/wp\/v2\/media\/35821"}],"wp:attachment":[{"href":"https:\/\/euapp01.newsmemory.com\/lamarseillaise\/news\/wp-json\/wp\/v2\/media?parent=35820"}],"wp:term":[{"taxonomy":"category","embeddable":true,"href":"https:\/\/euapp01.newsmemory.com\/lamarseillaise\/news\/wp-json\/wp\/v2\/categories?post=35820"},{"taxonomy":"post_tag","embeddable":true,"href":"https:\/\/euapp01.newsmemory.com\/lamarseillaise\/news\/wp-json\/wp\/v2\/tags?post=35820"},{"taxonomy":"news-destination","embeddable":true,"href":"https:\/\/euapp01.newsmemory.com\/lamarseillaise\/news\/wp-json\/wp\/v2\/news-destination?post=35820"},{"taxonomy":"news-source","embeddable":true,"href":"https:\/\/euapp01.newsmemory.com\/lamarseillaise\/news\/wp-json\/wp\/v2\/news-source?post=35820"},{"taxonomy":"is_homepage","embeddable":true,"href":"https:\/\/euapp01.newsmemory.com\/lamarseillaise\/news\/wp-json\/wp\/v2\/is_homepage?post=35820"},{"taxonomy":"ta_other","embeddable":true,"href":"https:\/\/euapp01.newsmemory.com\/lamarseillaise\/news\/wp-json\/wp\/v2\/ta_other?post=35820"}],"curies":[{"name":"wp","href":"https:\/\/api.w.org\/{rel}","templated":true}]}}