{"id":35817,"date":"2026-07-09T06:38:00","date_gmt":"2026-07-09T04:38:00","guid":{"rendered":"https:\/\/euapp01.newsmemory.com\/lamarseillaise\/news\/?p=35817"},"modified":"2026-07-09T22:10:46","modified_gmt":"2026-07-09T20:10:46","slug":"le-handi-mondial-sassure-un-succes-unanime","status":"publish","type":"post","link":"https:\/\/euapp01.newsmemory.com\/lamarseillaise\/news\/2026\/07\/09\/le-handi-mondial-sassure-un-succes-unanime\/","title":{"rendered":"Le Handi Mondial s\u2019assure un succ\u00e8s unanime"},"content":{"rendered":"<div class=\"paragraph\">\n<p>Quelle diff\u00e9rence entre le Handi Mondial et le tournoi classique de La\u00a0Marseillaise\u00a0? Aucune, finalement. La convivialit\u00e9, la bonne humeur, le fair-play et le niveau de jeu sont bien pr\u00e9sents pour cette 6<sup>e<\/sup> \u00e9dition, en partenariat avec l\u2019AJC Marseille. L\u2019association propose \u00e0 l\u2019ann\u00e9e des cours de sport inclusifs, c\u2019est-\u00e0-dire en m\u00e9langeant les valides avec des personnes en \u00ab\u00a0<i>situation particuli\u00e8re<\/i><i>\u00a0<\/i>\u00bb. Eyvann Morival, responsable sport-sant\u00e9, d\u00e9taille l\u2019historique de cette collaboration entre l\u2019AJCM et le Mondial. <i>\u00ab<\/i><i>\u00a0<\/i><i>Tout d\u2019abord, le projet a \u00e9t\u00e9 initi\u00e9 par le pr\u00e9sident de notre association, Patrick Jammes. Il a voulu proposer un concours pour mettre \u00e0 l\u2019honneur le handicap. Depuis 2023, des qualifications sont organis\u00e9es en amont du tournoi, \u00e0 Arles, Salon-de-Provence, Sept\u00e8mes-les-Vallons et Marseille. Il y a cinq qualifi\u00e9s \u00e0 chaque fois et une derni\u00e8re phase a lieu la veille du Handi Mondial, ici-m\u00eame, avec 12 qualifi\u00e9s au final. \u00bb<\/i><\/p>\n<p>Cette premi\u00e8re matin\u00e9e de comp\u00e9tition r\u00e9unissait donc les 32 meilleures \u00e9quipes de la r\u00e9gion et au-del\u00e0. Des Savoyards \u00e9taient en lice, tout comme des Ardennais et l\u2019\u00e9quipe ukrainienne. Ces deux triplettes s\u2019affrontaient justement en 16<sup>e<\/sup> de finale. Remport\u00e9e 10-8 par la formation fran\u00e7aise, la partie a accouch\u00e9 d\u2019un joli moment de fraternit\u00e9, quand tous les participants ont pos\u00e9 pour une photo avec le drapeau de l\u2019Ukraine.<\/p>\n<p>Eric, Olivier, Paul et Jean-Luc sont des membres de la Boule Mouzonnaise, au c\u0153ur des Ardennes. Ils ont fait 1\u00a0000\u00a0km pour arriver jusqu\u2019\u00e0 Marseille. <i>\u00ab<\/i><i>\u00a0<\/i><i>On va tout faire pour arriver dans le carr\u00e9 final<\/i><i>\u00a0<\/i><i>! Mais si jamais on n\u2019y va pas, on aura pass\u00e9 un tr\u00e8s bon moment. Nous sommes arriv\u00e9s vendredi dernier pour profiter du tournoi. C\u2019\u00e9tait notre r\u00eave La<\/i><i>\u00a0<\/i><i>Marseillaise, le club a d\u00e9bours\u00e9 entre 8 et 9 000 euros pour venir ici. Nous voulions engager une \u00e9quipe valide et une \u00e9quipe handi et c\u2019est chose faite<\/i><i>\u00a0<\/i><i>\u00bb<\/i>, d\u00e9taille Eric, pr\u00e9sident de la Boule Mouzonnaise.<\/p>\n<\/p><\/div>\n<div class=\"intext\"> De 32 \u00e0 2 triplettes en lice\n              <\/div>\n<div class=\"paragraph\">\n<p>Apr\u00e8s trois parties de 40 minutes jou\u00e9es sous les arbres du parc Bor\u00e9ly, les demi-finalistes \u00e9taient connus. Deux triplettes se sont impos\u00e9es d\u2019une courte t\u00eate pour participer \u00e0 la grande finale sur le terrain d\u2019honneur. Fr\u00e9d\u00e9ric Coppola, Malik Ayud et Philippe Navarro d\u2019un c\u00f4t\u00e9, Lazar Vujicic, Fr\u00e9d\u00e9ric Mille et S\u00e9bastien Santiago de l\u2019autre. Chaque \u00e9quipe comptait une personne handicap\u00e9e, soit le minimum autoris\u00e9 par le r\u00e8glement. Fr\u00e9d\u00e9ric Coppola \u00e9tait ambitieux avant ce duel.<i> \u00ab<\/i><i>\u00a0<\/i><i>Je suis content d\u2019arriver en finale, gr\u00e2ce \u00e0 mes amis qui m\u2019ont support\u00e9 toute la journ\u00e9e. Les performances ont \u00e9t\u00e9 bonnes et j\u2019esp\u00e8re que l\u2019on va gagner.<\/i><i>\u00a0<\/i><i>\u00bb <\/i>Une nouvelle \u00e9dition que l\u2019organisation qualifie de <i>\u00ab<\/i><i>\u00a0<\/i><i>r\u00e9ussie<\/i><i>\u00a0<\/i><i>\u00bb<\/i>.<\/p>\n<\/p><\/div>\n<div class=\"paragraph\">\n<p><b>Coppola, Ayud et Navarro inscrivent leur nom au palmar\u00e8s<\/b><\/p>\n<p>La finale de ce Handi Mondial, sixi\u00e8me du nom, s\u2019est d\u00e9roul\u00e9e sur le terrain d\u2019honneur et sous une chaleur caniculaire. Cette partie pour le troph\u00e9e a \u00e9t\u00e9 dans l\u2019ensemble \u00e9quilibr\u00e9e. L\u2019\u00e9quipe Coppola a commenc\u00e9 fort lors de ce duel limit\u00e9 \u00e0 55 minutes. Elle a rapidement men\u00e9 6-1 face \u00e0 la triplette Vujicic. Ensuite, ces derniers ont r\u00e9ussi \u00e0 recoller \u00e0 une longueur (6-5). Dans le dernier quart d\u2019heure de jeu, Fr\u00e9d\u00e9ric Coppola &#8211; Malik Ayud &#8211; Philippe Navarro ont suffisamment acc\u00e9l\u00e9r\u00e9 pour s\u00e9curiser la victoire. Leur tireur Malik Ayud a notamment \u00e9t\u00e9 habile dans les moments cl\u00e9s.<\/p>\n<\/p><\/div>\n","protected":false},"excerpt":{"rendered":"Quelle diff&eacute;rence entre le Handi Mondial et le tournoi classique de La&nbsp;Marseillaise&nbsp;? Aucune, finalement. La convivialit&eacute;, la bonne humeur, le fair-play et le niveau de jeu sont bien pr&eacute;sents pour cette 6e &#8230;","protected":false},"author":1,"featured_media":35818,"comment_status":"open","ping_status":"open","sticky":false,"template":"","format":"standard","meta":{"footnotes":""},"categories":[7],"tags":[5503,10,1161,5259,2214,4581,5560,16,4647,6033,3332,4580,896,1013],"news-destination":[],"news-source":[475],"is_homepage":[],"ta_other":[],"class_list":["post-35817","post","type-post","status-publish","format-standard","has-post-thumbnail","hentry","category-sports","tag-borely","tag-bouches-du-rhone","tag-boules","tag-handi-mondial","tag-handisport","tag-la-marseillaise-2026","tag-le-mondial-la-marseillaise-2026","tag-marseille","tag-mlm2026","tag-mondial-2026","tag-mondial-a-petanque","tag-mondial-la-marseillaise-2026","tag-mondial-la-marseillaise-a-petanque","tag-petanque","news-source-website"],"_links":{"self":[{"href":"https:\/\/euapp01.newsmemory.com\/lamarseillaise\/news\/wp-json\/wp\/v2\/posts\/35817","targetHints":{"allow":["GET"]}}],"collection":[{"href":"https:\/\/euapp01.newsmemory.com\/lamarseillaise\/news\/wp-json\/wp\/v2\/posts"}],"about":[{"href":"https:\/\/euapp01.newsmemory.com\/lamarseillaise\/news\/wp-json\/wp\/v2\/types\/post"}],"author":[{"embeddable":true,"href":"https:\/\/euapp01.newsmemory.com\/lamarseillaise\/news\/wp-json\/wp\/v2\/users\/1"}],"replies":[{"embeddable":true,"href":"https:\/\/euapp01.newsmemory.com\/lamarseillaise\/news\/wp-json\/wp\/v2\/comments?post=35817"}],"version-history":[{"count":1,"href":"https:\/\/euapp01.newsmemory.com\/lamarseillaise\/news\/wp-json\/wp\/v2\/posts\/35817\/revisions"}],"predecessor-version":[{"id":35819,"href":"https:\/\/euapp01.newsmemory.com\/lamarseillaise\/news\/wp-json\/wp\/v2\/posts\/35817\/revisions\/35819"}],"wp:featuredmedia":[{"embeddable":true,"href":"https:\/\/euapp01.newsmemory.com\/lamarseillaise\/news\/wp-json\/wp\/v2\/media\/35818"}],"wp:attachment":[{"href":"https:\/\/euapp01.newsmemory.com\/lamarseillaise\/news\/wp-json\/wp\/v2\/media?parent=35817"}],"wp:term":[{"taxonomy":"category","embeddable":true,"href":"https:\/\/euapp01.newsmemory.com\/lamarseillaise\/news\/wp-json\/wp\/v2\/categories?post=35817"},{"taxonomy":"post_tag","embeddable":true,"href":"https:\/\/euapp01.newsmemory.com\/lamarseillaise\/news\/wp-json\/wp\/v2\/tags?post=35817"},{"taxonomy":"news-destination","embeddable":true,"href":"https:\/\/euapp01.newsmemory.com\/lamarseillaise\/news\/wp-json\/wp\/v2\/news-destination?post=35817"},{"taxonomy":"news-source","embeddable":true,"href":"https:\/\/euapp01.newsmemory.com\/lamarseillaise\/news\/wp-json\/wp\/v2\/news-source?post=35817"},{"taxonomy":"is_homepage","embeddable":true,"href":"https:\/\/euapp01.newsmemory.com\/lamarseillaise\/news\/wp-json\/wp\/v2\/is_homepage?post=35817"},{"taxonomy":"ta_other","embeddable":true,"href":"https:\/\/euapp01.newsmemory.com\/lamarseillaise\/news\/wp-json\/wp\/v2\/ta_other?post=35817"}],"curies":[{"name":"wp","href":"https:\/\/api.w.org\/{rel}","templated":true}]}}