{"id":35814,"date":"2026-07-09T08:25:00","date_gmt":"2026-07-09T06:25:00","guid":{"rendered":"https:\/\/euapp01.newsmemory.com\/lamarseillaise\/news\/?p=35814"},"modified":"2026-07-09T10:11:31","modified_gmt":"2026-07-09T08:11:31","slug":"olav-kooij-sort-du-bois-pour-regler-le-sprint-a-pau","status":"publish","type":"post","link":"https:\/\/euapp01.newsmemory.com\/lamarseillaise\/news\/2026\/07\/09\/olav-kooij-sort-du-bois-pour-regler-le-sprint-a-pau\/","title":{"rendered":"Olav Kooij sort du bois pour r\u00e9gler le sprint \u00e0 Pau"},"content":{"rendered":"<div class=\"paragraph\">\n<p>Baptiste Veinstroffer aurait pu \u00eatre l\u2019homme du jour.<\/p>\n<p>Parti au kilom\u00e8tre z\u00e9ro, le coureur de la Lotto s\u2019est offert une \u00e9chapp\u00e9e belle de 144\u00a0km. Malheureusement pour lui, il y avait 14\u00a0kilom\u00e8tres de plus \u00e0 couvrir, avant de rallier Pau. Le Fran\u00e7ais n\u2019a pas r\u00e9ussi \u00e0 r\u00e9sister jusqu\u2019au bout et a \u00e9t\u00e9 aval\u00e9 par le peloton.<\/p>\n<p>Un peloton dans lesquels les sprinters comptaient bien ne pas laisser la victoire. Arriv\u00e9s group\u00e9s, les coureurs ont donc fonc\u00e9 vers l\u2019arriv\u00e9e. Avec des frottements \u00e0 la clef, entra\u00eenant une chute \u00e0 six kilom\u00e8tres de la ligne.<\/p>\n<p>Ce qui a permis \u00e0 un petit groupe de se carapater dans les derniers kilom\u00e8tres, alors que le peloton s\u2019\u00e9tait scind\u00e9 en plusieurs structures. Dans ce groupe de t\u00eate, les principaux sprinters \u00e9taient au rendez-vous. Dans un autre, un peu en retard, se retrouvaient Paul Seixas et les candidats \u00e0 la victoire finale.<\/p>\n<\/p><\/div>\n<div class=\"intext\"> Le maillot jaune<br \/>\n               <br \/>ne l\u00e2che rien aux favoris\n              <\/div>\n<div class=\"paragraph\">\n<p>Quant \u00e0 Torstein Traeen, le maillot jaune avait \u00e9t\u00e9 pi\u00e9g\u00e9 et se retrouvait dans un troisi\u00e8me groupe, sans aucune chance de pouvoir revenir sur les \u00e9chapp\u00e9s. N\u00e9anmoins, il n\u2019a finalement pas l\u00e2ch\u00e9 une miette au g\u00e9n\u00e9ral. Le grimpeur d\u2019Uno-X Mobility garde son avance sur Sean Quinn (EF Education-Easy Post, + 28\u2019\u2019), Mathias Vacek (Lidl-Trek, 3\u201950\u2019\u2019), Tadej Pogacar (UAE Emirates-XRG, + 7\u201953\u2019\u2019) et Jonas Vingegaard (Visma-Lease a bike, m.t.).<\/p>\n<p>De son c\u00f4t\u00e9 Olav Kooij savoure son bonheur. Lui qui n\u2019\u00e9tait pas s\u00fbr d\u2019\u00eatre au d\u00e9part de Barcelone, victime d\u2019un virus qui a plomb\u00e9 sa premi\u00e8re moiti\u00e9 de saison, a su trouver les ressources pour r\u00e9pondre \u00e0 l\u2019appel de son \u00e9quipe.<\/p>\n<p>\u00ab\u00a0<i>C\u2019est incroyable. Apr\u00e8s un printemps aussi dur, revenir \u00e0 ce niveau, c&#8217;est vraiment g\u00e9nial<\/i><i>\u00a0<\/i>\u00bb, a comment\u00e9 le N\u00e9erlandais, lieutenant de Paul Seixas, apr\u00e8s avoir d\u00e9croch\u00e9 la 51<sup>e<\/sup>\u00a0\u00e9tape de sa carri\u00e8re, gagn\u00e9e au sprint au terme d\u2019une longue ligne droite, terrain favorable aux sprinters.<\/p>\n<p>Olav Kooij s\u2019est d\u00e9brouill\u00e9 tout seul dans un final chamboul\u00e9 par une chute. S\u2019\u00e9tant produite au-del\u00e0 de la zone d\u00e9limit\u00e9e par l\u2019organisation (trois kilom\u00e8tres) pour reclasser automatiquement des coureurs accident\u00e9s dans le temps du vainqueur, le classement de l\u2019\u00e9tape n\u2019a pas \u00e9t\u00e9 corrig\u00e9 une fois les coureurs arriv\u00e9s \u00e0 Pau. Le sprinteur de la CMA CGM a donc \u00e9t\u00e9 le b\u00e9n\u00e9ficiaire du jour, se retrouvant dans un groupe de t\u00eate qui avait fondu comme neige au soleil.<\/p>\n<p>C\u2019est lui qui a m\u00eame eu le culot de lancer les hostilit\u00e9s dans les derniers hectom\u00e8tres. Pour au final devancer Max Kanter (XDS Astana) et Tim Merlier (Soudal Quick-Step) sur la ligne. Olav Kooij offre ainsi \u00e0 son \u00e9quipe ce qui constitue une belle victoire.<\/p>\n<p>Une victoire symbolique, car Pau est une des villes les plus visit\u00e9es par la Grande boucle, avec 77\u00a0arriv\u00e9es disput\u00e9es au pays de Gaston Ph\u00e9bus. Quant au leader du N\u00e9erlandais, Paul Seixas reste dans la lutte, dans le top\u00a010, \u00e0 moins de deux minutes de Tadej Pogacar et Jonas Vingegaard, bien cal\u00e9s dans le top\u00a05 du classement g\u00e9n\u00e9ral de la course.<\/p>\n<\/p><\/div>\n<div class=\"paragraph\">\n<p><b>Le peloton va faire son cirque \u00e0 Gavarnie<\/b><\/p>\n<p>Apr\u00e8s une \u00e9tape relativement plate et roulante, les rescap\u00e9s vont avoir droit \u00e0 une mise en bouche pyr\u00e9n\u00e9enne.<\/p>\n<p>En effet, au menu de cette sixi\u00e8me journ\u00e9e, qui partira de Pau pour rejoindre Gavarnie &#8211; G\u00e8dre, les coureurs devront parcourir 186,2 kilom\u00e8tres jalonn\u00e9s de quatre cols, avant une arriv\u00e9es sur une c\u00f4te class\u00e9s en deuxi\u00e8me cat\u00e9gorie.<\/p>\n<p>Mais \u00e0 propos des quatre cols du jour, deux seront casse &#8211; pattes. \u00e0 commencer par les 12 kilom\u00e8tres \u00e0 6,5 % de moyenne d\u2019Aspin, en premi\u00e8re cat\u00e9gorie. Pour ensuite encha\u00eener, dans le final de l\u2019\u00e9tape, sur 17,1 kilom\u00e8tres \u00e0 7,3 %, premier hors cat\u00e9gorie de ce Tour 2026. Il restera alors pr\u00e8s de 39 kilom\u00e8tres avant l\u2019arriv\u00e9e.<\/p>\n<\/p><\/div>\n","protected":false},"excerpt":{"rendered":"Baptiste Veinstroffer aurait pu &ecirc;tre l&rsquo;homme du jour.Parti au kilom&egrave;tre z&eacute;ro, le coureur de la Lotto s&rsquo;est offert une &eacute;chapp&eacute;e belle de 144&nbsp;km. Malheureusement pour lui, il y avait &#8230;","protected":false},"author":1,"featured_media":35815,"comment_status":"open","ping_status":"open","sticky":false,"template":"","format":"standard","meta":{"footnotes":""},"categories":[7],"tags":[1144,4702,3253],"news-destination":[],"news-source":[475],"is_homepage":[],"ta_other":[],"class_list":["post-35814","post","type-post","status-publish","format-standard","has-post-thumbnail","hentry","category-sports","tag-cyclisme","tag-pau","tag-tour-de-france","news-source-website"],"_links":{"self":[{"href":"https:\/\/euapp01.newsmemory.com\/lamarseillaise\/news\/wp-json\/wp\/v2\/posts\/35814","targetHints":{"allow":["GET"]}}],"collection":[{"href":"https:\/\/euapp01.newsmemory.com\/lamarseillaise\/news\/wp-json\/wp\/v2\/posts"}],"about":[{"href":"https:\/\/euapp01.newsmemory.com\/lamarseillaise\/news\/wp-json\/wp\/v2\/types\/post"}],"author":[{"embeddable":true,"href":"https:\/\/euapp01.newsmemory.com\/lamarseillaise\/news\/wp-json\/wp\/v2\/users\/1"}],"replies":[{"embeddable":true,"href":"https:\/\/euapp01.newsmemory.com\/lamarseillaise\/news\/wp-json\/wp\/v2\/comments?post=35814"}],"version-history":[{"count":1,"href":"https:\/\/euapp01.newsmemory.com\/lamarseillaise\/news\/wp-json\/wp\/v2\/posts\/35814\/revisions"}],"predecessor-version":[{"id":35816,"href":"https:\/\/euapp01.newsmemory.com\/lamarseillaise\/news\/wp-json\/wp\/v2\/posts\/35814\/revisions\/35816"}],"wp:featuredmedia":[{"embeddable":true,"href":"https:\/\/euapp01.newsmemory.com\/lamarseillaise\/news\/wp-json\/wp\/v2\/media\/35815"}],"wp:attachment":[{"href":"https:\/\/euapp01.newsmemory.com\/lamarseillaise\/news\/wp-json\/wp\/v2\/media?parent=35814"}],"wp:term":[{"taxonomy":"category","embeddable":true,"href":"https:\/\/euapp01.newsmemory.com\/lamarseillaise\/news\/wp-json\/wp\/v2\/categories?post=35814"},{"taxonomy":"post_tag","embeddable":true,"href":"https:\/\/euapp01.newsmemory.com\/lamarseillaise\/news\/wp-json\/wp\/v2\/tags?post=35814"},{"taxonomy":"news-destination","embeddable":true,"href":"https:\/\/euapp01.newsmemory.com\/lamarseillaise\/news\/wp-json\/wp\/v2\/news-destination?post=35814"},{"taxonomy":"news-source","embeddable":true,"href":"https:\/\/euapp01.newsmemory.com\/lamarseillaise\/news\/wp-json\/wp\/v2\/news-source?post=35814"},{"taxonomy":"is_homepage","embeddable":true,"href":"https:\/\/euapp01.newsmemory.com\/lamarseillaise\/news\/wp-json\/wp\/v2\/is_homepage?post=35814"},{"taxonomy":"ta_other","embeddable":true,"href":"https:\/\/euapp01.newsmemory.com\/lamarseillaise\/news\/wp-json\/wp\/v2\/ta_other?post=35814"}],"curies":[{"name":"wp","href":"https:\/\/api.w.org\/{rel}","templated":true}]}}