{"id":35811,"date":"2026-07-09T07:39:00","date_gmt":"2026-07-09T05:39:00","guid":{"rendered":"https:\/\/euapp01.newsmemory.com\/lamarseillaise\/news\/?p=35811"},"modified":"2026-07-09T10:11:32","modified_gmt":"2026-07-09T08:11:32","slug":"un-cabinet-medical-ouvre-aux-oliviers","status":"publish","type":"post","link":"https:\/\/euapp01.newsmemory.com\/lamarseillaise\/news\/2026\/07\/09\/un-cabinet-medical-ouvre-aux-oliviers\/","title":{"rendered":"Un cabinet m\u00e9dical ouvre aux Oliviers"},"content":{"rendered":"<div class=\"paragraph\">\n<p>\u00ab <i>L<\/i><i>e but est d\u2019\u00eatre au plus proche des habitants qui ont du mal \u00e0 se d\u00e9placer jusqu\u2019aux m\u00e9decins. De proposer un parcours de soins coh\u00e9rent et adapt\u00e9<\/i>\u00a0\u00bb<i>, <\/i>explique Timoth\u00e9e Souletie, docteur g\u00e9n\u00e9raliste et porteur du projet de cabinet m\u00e9dical en pied d\u2019immeuble de la cit\u00e9 les Oliviers\u00a0A (13<sup>e<\/sup>), inaugur\u00e9 ce mercredi 8\u00a0juillet. Le projet, r\u00e9alis\u00e9 par l\u2019architecte Fouad Boudinar, accueillera \u00e0 terme 2\u00a0m\u00e9decins g\u00e9n\u00e9ralistes, une sage-femme, une psychologue, une psychomotricienne et une orthophoniste.<\/p>\n<p>Selon Audrey Garino, adjointe (PCF) au maire de Marseille et pr\u00e9sidente de Provence M\u00e9tropole Logement, le bailleur social, il s\u2019agit \u00ab\u00a0<i>d\u2019un projet de requalification qui illustre notre volont\u00e9 d\u2019am\u00e9liorer la qualit\u00e9 de vie de nos locataires<\/i><i>\u00a0<\/i>\u00bb. En effet, dans ce quartier prioritaire, le centre r\u00e9pond \u00e0 deux enjeux\u00a0: \u00ab\u00a0<i>la d\u00e9sertification m\u00e9dicale et la d\u00e9sertification des services publics<\/i><i>\u00a0<\/i>\u00bb, commente Tina Biard-Sansonetti, maire (PM) des 13<sup>e<\/sup> et 14<sup>e<\/sup> arrondissements de Marseille. Un d\u00e9sert contre lequel il est essentiel de lutter car \u00ab\u00a0<i>quand les services reculent, il y a un sentiment d\u2019abandon des habitants<\/i>\u00a0\u00bb, constate Anne-Sophie Sidani (PS), d\u00e9l\u00e9gu\u00e9e municipale \u00e0 la politique de la ville, qui a financ\u00e9 \u00e0 hauteur de 80% l\u2019op\u00e9ration.<\/p>\n<p>Tina Biard-Sansonetti pr\u00e9sente cette inauguration comme un symbole fort\u00a0: \u00ab\u00a0o<i>n prend le pr\u00e9texte du r\u00e9seau de stup\u00e9fiants pour ne pas implanter de services publics, les r\u00e9habilitations des Oliviers<\/i><i>\u00a0<\/i><i>A prouvent le contraire<\/i><i>\u00a0<\/i>\u00bb. Et \u00ab\u00a0<i>c\u2019est un mod\u00e8le que je souhaite dupliquer<\/i><i>\u00a0<\/i>\u00bb, conclut-elle.<\/p>\n<\/p><\/div>\n","protected":false},"excerpt":{"rendered":"&laquo; Le but est d&rsquo;&ecirc;tre au plus proche des habitants qui ont du mal &agrave; se d&eacute;placer jusqu&rsquo;aux m&eacute;decins. De proposer un parcours de soins coh&eacute;rent et adapt&eacute;&nbsp;&raquo;, explique Timoth&eacute;e &#8230;","protected":false},"author":1,"featured_media":35812,"comment_status":"open","ping_status":"open","sticky":false,"template":"","format":"standard","meta":{"footnotes":""},"categories":[20],"tags":[855,10,4421,402,506,16,535,508,1526,256,484],"news-destination":[],"news-source":[475],"is_homepage":[],"ta_other":[],"class_list":["post-35811","post","type-post","status-publish","format-standard","has-post-thumbnail","hentry","category-societe","tag-audrey-garino","tag-bouches-du-rhone","tag-desertification-medicale","tag-inauguration","tag-logements-sociaux","tag-marseille","tag-metropole","tag-politique-de-la-ville","tag-quartier-prioritaire","tag-sante","tag-services-publics","news-source-website"],"_links":{"self":[{"href":"https:\/\/euapp01.newsmemory.com\/lamarseillaise\/news\/wp-json\/wp\/v2\/posts\/35811","targetHints":{"allow":["GET"]}}],"collection":[{"href":"https:\/\/euapp01.newsmemory.com\/lamarseillaise\/news\/wp-json\/wp\/v2\/posts"}],"about":[{"href":"https:\/\/euapp01.newsmemory.com\/lamarseillaise\/news\/wp-json\/wp\/v2\/types\/post"}],"author":[{"embeddable":true,"href":"https:\/\/euapp01.newsmemory.com\/lamarseillaise\/news\/wp-json\/wp\/v2\/users\/1"}],"replies":[{"embeddable":true,"href":"https:\/\/euapp01.newsmemory.com\/lamarseillaise\/news\/wp-json\/wp\/v2\/comments?post=35811"}],"version-history":[{"count":1,"href":"https:\/\/euapp01.newsmemory.com\/lamarseillaise\/news\/wp-json\/wp\/v2\/posts\/35811\/revisions"}],"predecessor-version":[{"id":35813,"href":"https:\/\/euapp01.newsmemory.com\/lamarseillaise\/news\/wp-json\/wp\/v2\/posts\/35811\/revisions\/35813"}],"wp:featuredmedia":[{"embeddable":true,"href":"https:\/\/euapp01.newsmemory.com\/lamarseillaise\/news\/wp-json\/wp\/v2\/media\/35812"}],"wp:attachment":[{"href":"https:\/\/euapp01.newsmemory.com\/lamarseillaise\/news\/wp-json\/wp\/v2\/media?parent=35811"}],"wp:term":[{"taxonomy":"category","embeddable":true,"href":"https:\/\/euapp01.newsmemory.com\/lamarseillaise\/news\/wp-json\/wp\/v2\/categories?post=35811"},{"taxonomy":"post_tag","embeddable":true,"href":"https:\/\/euapp01.newsmemory.com\/lamarseillaise\/news\/wp-json\/wp\/v2\/tags?post=35811"},{"taxonomy":"news-destination","embeddable":true,"href":"https:\/\/euapp01.newsmemory.com\/lamarseillaise\/news\/wp-json\/wp\/v2\/news-destination?post=35811"},{"taxonomy":"news-source","embeddable":true,"href":"https:\/\/euapp01.newsmemory.com\/lamarseillaise\/news\/wp-json\/wp\/v2\/news-source?post=35811"},{"taxonomy":"is_homepage","embeddable":true,"href":"https:\/\/euapp01.newsmemory.com\/lamarseillaise\/news\/wp-json\/wp\/v2\/is_homepage?post=35811"},{"taxonomy":"ta_other","embeddable":true,"href":"https:\/\/euapp01.newsmemory.com\/lamarseillaise\/news\/wp-json\/wp\/v2\/ta_other?post=35811"}],"curies":[{"name":"wp","href":"https:\/\/api.w.org\/{rel}","templated":true}]}}