{"id":35808,"date":"2026-07-09T08:14:00","date_gmt":"2026-07-09T06:14:00","guid":{"rendered":"https:\/\/euapp01.newsmemory.com\/lamarseillaise\/news\/?p=35808"},"modified":"2026-07-09T10:11:23","modified_gmt":"2026-07-09T08:11:23","slug":"jean-gontero-nous-a-quittes","status":"publish","type":"post","link":"https:\/\/euapp01.newsmemory.com\/lamarseillaise\/news\/2026\/07\/09\/jean-gontero-nous-a-quittes\/","title":{"rendered":"Jean Gontero nous a quitt\u00e9s"},"content":{"rendered":"<div class=\"paragraph\">\n<p>C\u2019est avec une profonde \u00e9motion que nous avons accompagn\u00e9 hier matin Jean Gontero pour lui rendre un dernier hommage, entour\u00e9s de sa famille, de ses proches, de ses amis et de toutes celles et ceux qui ont crois\u00e9 son chemin.<\/p>\n<p>Avec sa disparition, Martigues perd l\u2019un de ses serviteurs les plus fid\u00e8les. Jean \u00e9tait de ces hommes discrets dont l\u2019engagement quotidien contribue \u00e0 construire une ville plus humaine et plus solidaire.<\/p>\n<p>Enfant de Martigues, profond\u00e9ment attach\u00e9 de respect et de partage qui lui avaient \u00e9t\u00e9 transmis, Jean Gontero aura consacr\u00e9 une grande partie de sa vie aux autres. Dans son parcours professionnel \u00e0 Naphtachimie comme dans son engagement syndical, associatif et municipal, il a toujours \u00e9t\u00e9 anim\u00e9 par la volont\u00e9 d\u2019agir concr\u00e8tement pour celles et ceux qui l\u2019entouraient.<\/p>\n<p>\u00c9lu au conseil municipal de Martigues en 1989, il aura servi notre Commune pendant de nombreuses ann\u00e9es, notamment comme conseiller municipal de Saint-Julien, Saint-Pierre et les Laurons, puis comme adjoint aux Travaux, aux March\u00e9s publics, \u00e0 la Voirie, aux Espaces verts et aux Cimeti\u00e8res. Jean \u00e9tait un \u00e9lu de terrain, proche des habitantes et des habitants, \u00e0 l\u2019\u00e9coute des besoins et toujours \u00e0 la recherche de solutions. Son exp\u00e9rience, sa connaissance de Martigues et son sens du service public ont marqu\u00e9 durablement notre ville.<\/p>\n<p>Son engagement d\u00e9passait largement ses responsabilit\u00e9s municipales. Ancien joueur du Football Club de Martigues, pr\u00e9sident du Cercle de Saint-Julien puis pr\u00e9sident et entra\u00eeneur du Ski Club de Martigues pendant 25 ans, il a transmis \u00e0 plusieurs g\u00e9n\u00e9rations le go\u00fbt du collectif, de la rencontre et du partage.<\/p>\n<p>Saint-Julien, son village, occupait une place particuli\u00e8re dans sa vie. Il y avait tiss\u00e9 des liens profonds avec les habitantes et les habitants.<\/p>\n<p>Jean restera dans nos m\u00e9moires comme un homme loyal, g\u00e9n\u00e9reux et profond\u00e9ment humain. Un homme qui pr\u00e9f\u00e9rait toujours ce qui rassemble \u00e0 ce qui divise.<\/p>\n<p>J\u2019adresse \u00e0 nouveau, au nom de la Ville de Martigues et en mon nom personnel, mes pens\u00e9es les plus sinc\u00e8res \u00e0 son \u00e9pouse Laurette, \u00e0 sa famille, \u00e0 ses proches et \u00e0 tous ceux qui l\u2019aimaient.<\/p>\n<\/p><\/div>\n","protected":false},"excerpt":{"rendered":"C&rsquo;est avec une profonde &eacute;motion que nous avons accompagn&eacute; hier matin Jean Gontero pour lui rendre un dernier hommage, entour&eacute;s de sa famille, de ses proches, de ses amis et de toutes celles et ceux qui ont crois&eacute; &#8230;","protected":false},"author":1,"featured_media":35809,"comment_status":"open","ping_status":"open","sticky":false,"template":"","format":"standard","meta":{"footnotes":""},"categories":[20],"tags":[10,148,2742,3162,328,1159,13,389,63],"news-destination":[],"news-source":[475],"is_homepage":[],"ta_other":[],"class_list":["post-35808","post","type-post","status-publish","format-standard","has-post-thumbnail","hentry","category-societe","tag-bouches-du-rhone","tag-conseil-municipal","tag-disparition","tag-elu","tag-engagement","tag-fc-martigues","tag-football","tag-hommage","tag-martigues","news-source-website"],"_links":{"self":[{"href":"https:\/\/euapp01.newsmemory.com\/lamarseillaise\/news\/wp-json\/wp\/v2\/posts\/35808","targetHints":{"allow":["GET"]}}],"collection":[{"href":"https:\/\/euapp01.newsmemory.com\/lamarseillaise\/news\/wp-json\/wp\/v2\/posts"}],"about":[{"href":"https:\/\/euapp01.newsmemory.com\/lamarseillaise\/news\/wp-json\/wp\/v2\/types\/post"}],"author":[{"embeddable":true,"href":"https:\/\/euapp01.newsmemory.com\/lamarseillaise\/news\/wp-json\/wp\/v2\/users\/1"}],"replies":[{"embeddable":true,"href":"https:\/\/euapp01.newsmemory.com\/lamarseillaise\/news\/wp-json\/wp\/v2\/comments?post=35808"}],"version-history":[{"count":1,"href":"https:\/\/euapp01.newsmemory.com\/lamarseillaise\/news\/wp-json\/wp\/v2\/posts\/35808\/revisions"}],"predecessor-version":[{"id":35810,"href":"https:\/\/euapp01.newsmemory.com\/lamarseillaise\/news\/wp-json\/wp\/v2\/posts\/35808\/revisions\/35810"}],"wp:featuredmedia":[{"embeddable":true,"href":"https:\/\/euapp01.newsmemory.com\/lamarseillaise\/news\/wp-json\/wp\/v2\/media\/35809"}],"wp:attachment":[{"href":"https:\/\/euapp01.newsmemory.com\/lamarseillaise\/news\/wp-json\/wp\/v2\/media?parent=35808"}],"wp:term":[{"taxonomy":"category","embeddable":true,"href":"https:\/\/euapp01.newsmemory.com\/lamarseillaise\/news\/wp-json\/wp\/v2\/categories?post=35808"},{"taxonomy":"post_tag","embeddable":true,"href":"https:\/\/euapp01.newsmemory.com\/lamarseillaise\/news\/wp-json\/wp\/v2\/tags?post=35808"},{"taxonomy":"news-destination","embeddable":true,"href":"https:\/\/euapp01.newsmemory.com\/lamarseillaise\/news\/wp-json\/wp\/v2\/news-destination?post=35808"},{"taxonomy":"news-source","embeddable":true,"href":"https:\/\/euapp01.newsmemory.com\/lamarseillaise\/news\/wp-json\/wp\/v2\/news-source?post=35808"},{"taxonomy":"is_homepage","embeddable":true,"href":"https:\/\/euapp01.newsmemory.com\/lamarseillaise\/news\/wp-json\/wp\/v2\/is_homepage?post=35808"},{"taxonomy":"ta_other","embeddable":true,"href":"https:\/\/euapp01.newsmemory.com\/lamarseillaise\/news\/wp-json\/wp\/v2\/ta_other?post=35808"}],"curies":[{"name":"wp","href":"https:\/\/api.w.org\/{rel}","templated":true}]}}