{"id":35803,"date":"2026-07-09T08:08:00","date_gmt":"2026-07-09T06:08:00","guid":{"rendered":"https:\/\/euapp01.newsmemory.com\/lamarseillaise\/news\/?p=35803"},"modified":"2026-07-15T07:54:40","modified_gmt":"2026-07-15T05:54:40","slug":"le-enieme-volte-face-de-trump-au-sommet-de-lotan","status":"publish","type":"post","link":"https:\/\/euapp01.newsmemory.com\/lamarseillaise\/news\/2026\/07\/09\/le-enieme-volte-face-de-trump-au-sommet-de-lotan\/","title":{"rendered":"Le \u00e9ni\u00e8me volte-face de Trump au sommet de l\u2019Otan"},"content":{"rendered":"<div class=\"paragraph\">\n<p>Le sommet de l\u2019alliance transatlantique s\u2019est cl\u00f4tur\u00e9 hier \u00e0 Ankara. Et, encore une fois, c\u2019est Donald Trump qui a men\u00e9 la danse, imposant son rythme aux 32\u00a0\u00c9tats membres. Dans la matin\u00e9e, il l\u00e2che\u00a0: \u00ab\u00a0<i>Je suis tr\u00e8s en col\u00e8re contre l\u2019Otan parce qu\u2019ils n\u2019ont pas voulu nous aider face au principal \u00c9tat qui soutient le terrorisme, \u00e0 savoir l\u2019Iran.<\/i><i>\u00a0<\/i>\u00bb Les \u00c9tats-Unis ont men\u00e9 la veille une s\u00e9rie de frappes sur la R\u00e9publique islamique. \u00ab\u00a0<i>Le cessez-le-feu est termin\u00e9<\/i><i>\u00a0<\/i>\u00bb, proclame Trump, \u00ab\u00a0<i>nous allons frapper l\u2019Iran ce soir<\/i><i>\u00a0<\/i>\u00bb, pr\u00e9vient-il, estimant qu\u2019\u00ab\u00a0<i>il n\u2019y a rien que les Iraniens puissent faire pour nous emp\u00eacher <\/i>(&#8230;)<i> ils m\u00e9ritent ce qui va leur arriver<\/i><i>\u00a0<\/i>\u00bb. Et les Europ\u00e9ens se couchent. Pour Emmanuel Macron, \u00ab\u00a0<i>les Iraniens ont eu tort de frapper<\/i><i>\u00a0<\/i>\u00bb. Des tirs sont imput\u00e9s \u00e0 T\u00e9h\u00e9ran sur trois navires commerciaux.<\/p>\n<p>\u00c0 ce manque de soutien dans sa guerre lanc\u00e9e avec Isra\u00ebl au Moyen-Orient, Trump expose une autre de ses frustrations\u00a0: \u00ab\u00a0<i>Le Groenland est tr\u00e8s important pour les \u00c9tats-Unis, mais n\u2019est pas important pour le Danemark<\/i><i>\u00a0<\/i>\u00bb, estime-t-il au sujet du territoire autonome danois. For\u00e7ant la Premi\u00e8re ministre du Danemark Mette Frederiksen \u00e0 r\u00e9affirmer que le Groenland \u00ab\u00a0<i>n\u2019est pas \u00e0 vendre<\/i><i>\u00a0<\/i>\u00bb. Puis, le chef d\u2019\u00c9tat \u00e9tasunien s\u2019en prend \u00e0 l\u2019un des rares gouvernements qui osent le d\u00e9fier\u00a0: l\u2019Espagne, qu\u2019il qualifie de \u00ab\u00a0<i>cause perdue<\/i><i>\u00a0<\/i>\u00bb, assurant que Washington allait \u00ab\u00a0<i>cesser tout \u00e9change commercial<\/i><i>\u00a0<\/i>\u00bb avec Madrid accus\u00e9 de ne pas participer aux d\u00e9penses de d\u00e9fense de l\u2019Otan. Face \u00e0 ces pressions, le Premier ministre Pedro Sanchez calme le jeu et loue des relations \u00ab\u00a0<i>tr\u00e8s positives<\/i>\u00a0\u00bb avec les \u00c9tats-Unis.<\/p>\n<p>Les alli\u00e9s ont tout donn\u00e9 pour amadouer le milliardaire r\u00e9publicain, le convaincre de rester et \u00e9viter tout acc\u00e8s de col\u00e8re dont il est coutumier. D\u00e8s lors, apr\u00e8s les dorures du ch\u00e2teau de Versailles \u00e0 la fin du sommet du G7, l\u2019Otan sort cette fois le ch\u00e9quier. Son secr\u00e9taire g\u00e9n\u00e9ral, Mark Rutte a \u00e9voqu\u00e9 des contrats d\u2019armement \u00e0 hauteur de 50\u00a0milliards de dollars, entre les \u00c9tats membres \u00ab\u00a0<i>et des entreprises des deux c\u00f4t\u00e9s de l\u2019Atlantique<\/i><i>\u00a0<\/i>\u00bb<i>.<\/i> Les Europ\u00e9ens veulent prouver aux \u00c9tats-Unis qu\u2019ils investissent dans leur propre s\u00e9curit\u00e9, craignant de voir Trump se retirer totalement du continent, ce qu\u2019il a menac\u00e9 de faire \u00e0 moult reprises.<\/p>\n<p>\u00c0 l\u2019issue du sommet, les pays de l\u2019Alliance atlantique ont confirm\u00e9 leur engagement \u00ab\u00a0<i>ind\u00e9fectible<\/i><i>\u00a0<\/i>\u00bb envers la clause d\u2019assistance mutuelle, consacr\u00e9e par l\u2019article 5 du trait\u00e9.<\/p>\n<\/p><\/div>\n<div class=\"intext\"> D\u00e9claration commune autour de l\u2019article 5\n              <\/div>\n<div class=\"paragraph\">\n<p>\u00ab\u00a0<i>Une attaque contre un Alli\u00e9 est une attaque contre tous<\/i><i>\u00a0<\/i>\u00bb, est-il ainsi inscrit dans un texte commun, \u00ab\u00a0<i>notre unit\u00e9, notre solidarit\u00e9 et notre force collective restent le socle sur lequel reposent la paix, la s\u00e9curit\u00e9 et la prosp\u00e9rit\u00e9<\/i><i>\u00a0<\/i>\u00bb.<\/p>\n<p>Les courbettes ont pay\u00e9, le ton du pr\u00e9sident am\u00e9ricain s\u2019est apais\u00e9. \u00ab\u00a0<i>C\u2019\u00e9tait une tr\u00e8s bonne rencontre, il y avait beaucoup d\u2019amour dans la pi\u00e8ce, beaucoup d\u2019unit\u00e9<\/i><i>\u00a0<\/i>\u00bb, fait-il valoir. Aux c\u00f4t\u00e9s du pr\u00e9sident ukrainien Volodymyr Zelensky, son homologue am\u00e9ricain juge que les frappes sur la Russie, pourraient \u00ab\u00a0<i>aider<\/i><i>\u00a0<\/i>\u00bb \u00e0 mettre fin \u00e0 la guerre. Et annonce autoriser Kiev \u00e0 fabriquer des missiles Patriot, indispensables pour intercepter les missiles balistiques russes qui frappent l\u2019Ukraine. Une demande de longue date. S\u2019il ne change pas d\u2019avis d\u2019ici l\u00e0.<\/p>\n<\/p><\/div>\n","protected":false},"excerpt":{"rendered":"Le sommet de l&rsquo;alliance transatlantique s&rsquo;est cl&ocirc;tur&eacute; hier &agrave; Ankara. Et, encore une fois, c&rsquo;est Donald Trump qui a men&eacute; la danse, imposant son rythme aux 32&nbsp;&Eacute;tats membres. Dans la &#8230;","protected":false},"author":1,"featured_media":35805,"comment_status":"open","ping_status":"open","sticky":false,"template":"","format":"standard","meta":{"footnotes":""},"categories":[3926,3925,337],"tags":[6057,1471,721,575,276,602,2812,2416,732,2385,601,1475],"news-destination":[3944],"news-source":[475],"is_homepage":[],"ta_other":[],"class_list":["post-35803","post","type-post","status-publish","format-standard","has-post-thumbnail","hentry","category-accueil-merge","category-accueil-third","category-international","tag-ankara","tag-cessez-le-feu","tag-donald-trump","tag-emmanuel-macron","tag-etats-unis","tag-iran","tag-moyen-orient","tag-pedro-sanchez","tag-russie","tag-turquie","tag-ukraine","tag-volodymyr-zelensky","news-destination-homepage","news-source-website"],"_links":{"self":[{"href":"https:\/\/euapp01.newsmemory.com\/lamarseillaise\/news\/wp-json\/wp\/v2\/posts\/35803","targetHints":{"allow":["GET"]}}],"collection":[{"href":"https:\/\/euapp01.newsmemory.com\/lamarseillaise\/news\/wp-json\/wp\/v2\/posts"}],"about":[{"href":"https:\/\/euapp01.newsmemory.com\/lamarseillaise\/news\/wp-json\/wp\/v2\/types\/post"}],"author":[{"embeddable":true,"href":"https:\/\/euapp01.newsmemory.com\/lamarseillaise\/news\/wp-json\/wp\/v2\/users\/1"}],"replies":[{"embeddable":true,"href":"https:\/\/euapp01.newsmemory.com\/lamarseillaise\/news\/wp-json\/wp\/v2\/comments?post=35803"}],"version-history":[{"count":1,"href":"https:\/\/euapp01.newsmemory.com\/lamarseillaise\/news\/wp-json\/wp\/v2\/posts\/35803\/revisions"}],"predecessor-version":[{"id":35806,"href":"https:\/\/euapp01.newsmemory.com\/lamarseillaise\/news\/wp-json\/wp\/v2\/posts\/35803\/revisions\/35806"}],"wp:featuredmedia":[{"embeddable":true,"href":"https:\/\/euapp01.newsmemory.com\/lamarseillaise\/news\/wp-json\/wp\/v2\/media\/35805"}],"wp:attachment":[{"href":"https:\/\/euapp01.newsmemory.com\/lamarseillaise\/news\/wp-json\/wp\/v2\/media?parent=35803"}],"wp:term":[{"taxonomy":"category","embeddable":true,"href":"https:\/\/euapp01.newsmemory.com\/lamarseillaise\/news\/wp-json\/wp\/v2\/categories?post=35803"},{"taxonomy":"post_tag","embeddable":true,"href":"https:\/\/euapp01.newsmemory.com\/lamarseillaise\/news\/wp-json\/wp\/v2\/tags?post=35803"},{"taxonomy":"news-destination","embeddable":true,"href":"https:\/\/euapp01.newsmemory.com\/lamarseillaise\/news\/wp-json\/wp\/v2\/news-destination?post=35803"},{"taxonomy":"news-source","embeddable":true,"href":"https:\/\/euapp01.newsmemory.com\/lamarseillaise\/news\/wp-json\/wp\/v2\/news-source?post=35803"},{"taxonomy":"is_homepage","embeddable":true,"href":"https:\/\/euapp01.newsmemory.com\/lamarseillaise\/news\/wp-json\/wp\/v2\/is_homepage?post=35803"},{"taxonomy":"ta_other","embeddable":true,"href":"https:\/\/euapp01.newsmemory.com\/lamarseillaise\/news\/wp-json\/wp\/v2\/ta_other?post=35803"}],"curies":[{"name":"wp","href":"https:\/\/api.w.org\/{rel}","templated":true}]}}