{"id":35800,"date":"2026-07-09T08:21:00","date_gmt":"2026-07-09T06:21:00","guid":{"rendered":"https:\/\/euapp01.newsmemory.com\/lamarseillaise\/news\/?p=35800"},"modified":"2026-07-15T07:54:40","modified_gmt":"2026-07-15T05:54:40","slug":"lyhanna-le-fonctionnement-de-la-justice-decortique","status":"publish","type":"post","link":"https:\/\/euapp01.newsmemory.com\/lamarseillaise\/news\/2026\/07\/09\/lyhanna-le-fonctionnement-de-la-justice-decortique\/","title":{"rendered":"Lyhanna&nbsp;: le fonctionnement de la justice d\u00e9cortiqu\u00e9"},"content":{"rendered":"<div class=\"paragraph\">\n<p>\u00ab <i>L<\/i><i>e drame de l\u2019affaire Lyhanna nous a bouscul\u00e9s dans notre fa\u00e7on de faire et d\u2019appr\u00e9hender les violences sexistes et sexuelles. Nous avons vu la mobilisation de la population devant le tribunal et avons voulu r\u00e9pondre \u00e0 ces questions sur comment on fonctio<\/i><i>nne et prend des d\u00e9cisions<\/i><i>\u00a0<\/i>\u00bb, a expliqu\u00e9 en introduction de la r\u00e9union publique le pr\u00e9sident du tribunal, Timoth\u00e9e de\u00a0Montgolfier. Une quinzaine d\u2019habitants s\u2019\u00e9taient d\u00e9plac\u00e9s pour questionner les chefs de juridiction sur les rouages de la justice et les potentielles erreurs qui ont conduit \u00e0 la mort de Lyhanna.<\/p>\n<p>\u00ab\u00a0<i>Pour Lyhanna, il n\u2019y avait pas d\u2019instruction. Le temps de latence tr\u00e8s pr\u00e9judiciable a permis au pr\u00e9sum\u00e9 innocent d\u2019\u00e9ventuellement commettre de nouveaux faits<\/i><i>\u00a0<\/i>\u00bb, a d\u00e9taill\u00e9 le pr\u00e9sident du tribunal. Selon lui, trois \u00e9l\u00e9ments ont particip\u00e9 au drame\u00a0: le temps judiciaire, long, \u00ab\u00a0<i>d\u2019\u00e9ventuelles erreurs humaines<\/i><i>\u00a0<\/i>\u00bb et le manque de moyens donn\u00e9s \u00e0 la justice pour traiter les affaires. \u00ab\u00a0<i>Il y a peut-\u00eatre eu des fautes, des responsabilit\u00e9s individuelles du parquetier<\/i><i>\u00a0<\/i>\u00bb, a-t-il pr\u00e9sum\u00e9. \u00ab\u00a0<i>Mais il y a aussi le fait que le parquet est saisi en permanence d\u2019\u00e9norm\u00e9ment de plaintes qu\u2019il faut traiter, et dans cette masse importante, certaines ne sont pas trait\u00e9es en temps et en heure<\/i><i>\u00a0<\/i>\u00bb, a-t-il reconnu. \u00ab\u00a0<i>Quand tout devient urgent, rien n\u2019est urgent.<\/i><i>\u00a0<\/i>\u00bb<\/p>\n<p>\u00ab\u00a0<i>Il y a un probl\u00e8me de moyens et d\u2019outils pertinents pour assurer le suivi des proc\u00e9dures. On a des outils obsol\u00e8tes. C\u2019est \u00e0 nous de mettre en place les bons circuits, on n\u2019a pas de logiciel pour assurer le suivi de ces enqu\u00eates<\/i><i>\u00a0<\/i>\u00bb, a abond\u00e9 le procureur Antoine Pesme. Il faut cependant \u00ab\u00a0<i>n\u00e9cessairement prioriser ce type de dossiers d\u2019infractions sexuelles sur mineurs<\/i><i>\u00a0<\/i>\u00bb, a-t-il affirm\u00e9, rappelant que le ministre de la Justice en avait fait une priorit\u00e9 nationale.<\/p>\n<\/p><\/div>\n<div class=\"intext\"> \u00ab\u00a0Se m\u00e9fier de l\u2019effet d\u2019annonce\u00a0\u00bb\n              <\/div>\n<div class=\"paragraph\">\n<p>Le pr\u00e9sident du tribunal a \u00e9galement rappel\u00e9 que des juges pouvaient \u00eatre r\u00e9voqu\u00e9s s\u2019ils commettaient des fautes particuli\u00e8rement graves. Il a estim\u00e9 le nombre de r\u00e9vocations \u00e0 \u00ab\u00a0<i>une ou deux par an<\/i><i>\u00a0<\/i>\u00bb. \u00ab\u00a0<i>On est une institution surveill\u00e9e, et on doit rendre compte de notre activit\u00e9 tous les ans<\/i><i>\u00a0<\/i>\u00bb, a-t-il insist\u00e9. Concernant l\u2019affaire Lyhanna, \u00ab\u00a0<i>pour l\u2019instant, le garde des Sceaux a ordonn\u00e9 une enqu\u00eate administrative pour identifier d\u2019\u00e9ventuelles fautes. Il pourra saisir le Conseil National de la Magistrature pour envisager des sanctions<\/i><i>\u00a0<\/i>\u00bb. Il faut cependant \u00ab\u00a0<i>se m\u00e9fier de l\u2019effet d\u2019annonce, prendre le temps pour comprendre. On ne peut pas juger dans l\u2019imm\u00e9diatet\u00e9, sinon on se trompe<\/i><i>\u00a0<\/i>\u00bb, a temp\u00e9r\u00e9 Timoth\u00e9e de\u00a0Montgolfier.<\/p>\n<p>Interrog\u00e9 sur le milieu carc\u00e9ral, le pr\u00e9sident du tribunal a regrett\u00e9 le fait que \u00ab\u00a0<i>la prison est criminog\u00e8ne, elle rend les gens encore plus dangereux \u00e0 la sortie, on n\u2019a pas trouv\u00e9 de solution meilleure que d\u2019\u00e9carter la personne de la soci\u00e9t\u00e9<\/i><i>\u00a0<\/i>\u00bb.<\/p>\n<\/p><\/div>\n","protected":false},"excerpt":{"rendered":"&laquo; Le drame de l&rsquo;affaire Lyhanna nous a bouscul&eacute;s dans notre fa&ccedil;on de faire et d&rsquo;appr&eacute;hender les violences sexistes et sexuelles. Nous avons vu la mobilisation de la population devant le tribunal et avons voulu &#8230;","protected":false},"author":1,"featured_media":35801,"comment_status":"open","ping_status":"open","sticky":false,"template":"","format":"standard","meta":{"footnotes":""},"categories":[3926,3925,20],"tags":[4768,4467,452,57,762,200,5815,4681,51],"news-destination":[3944],"news-source":[475],"is_homepage":[],"ta_other":[],"class_list":["post-35800","post","type-post","status-publish","format-standard","has-post-thumbnail","hentry","category-accueil-merge","category-accueil-third","category-societe","tag-alpes","tag-alpes-de-haute-provence","tag-debat","tag-enfants","tag-faits-divers","tag-justice","tag-lyhanna","tag-reunion-publique","tag-societe","news-destination-homepage","news-source-website"],"_links":{"self":[{"href":"https:\/\/euapp01.newsmemory.com\/lamarseillaise\/news\/wp-json\/wp\/v2\/posts\/35800","targetHints":{"allow":["GET"]}}],"collection":[{"href":"https:\/\/euapp01.newsmemory.com\/lamarseillaise\/news\/wp-json\/wp\/v2\/posts"}],"about":[{"href":"https:\/\/euapp01.newsmemory.com\/lamarseillaise\/news\/wp-json\/wp\/v2\/types\/post"}],"author":[{"embeddable":true,"href":"https:\/\/euapp01.newsmemory.com\/lamarseillaise\/news\/wp-json\/wp\/v2\/users\/1"}],"replies":[{"embeddable":true,"href":"https:\/\/euapp01.newsmemory.com\/lamarseillaise\/news\/wp-json\/wp\/v2\/comments?post=35800"}],"version-history":[{"count":1,"href":"https:\/\/euapp01.newsmemory.com\/lamarseillaise\/news\/wp-json\/wp\/v2\/posts\/35800\/revisions"}],"predecessor-version":[{"id":35802,"href":"https:\/\/euapp01.newsmemory.com\/lamarseillaise\/news\/wp-json\/wp\/v2\/posts\/35800\/revisions\/35802"}],"wp:featuredmedia":[{"embeddable":true,"href":"https:\/\/euapp01.newsmemory.com\/lamarseillaise\/news\/wp-json\/wp\/v2\/media\/35801"}],"wp:attachment":[{"href":"https:\/\/euapp01.newsmemory.com\/lamarseillaise\/news\/wp-json\/wp\/v2\/media?parent=35800"}],"wp:term":[{"taxonomy":"category","embeddable":true,"href":"https:\/\/euapp01.newsmemory.com\/lamarseillaise\/news\/wp-json\/wp\/v2\/categories?post=35800"},{"taxonomy":"post_tag","embeddable":true,"href":"https:\/\/euapp01.newsmemory.com\/lamarseillaise\/news\/wp-json\/wp\/v2\/tags?post=35800"},{"taxonomy":"news-destination","embeddable":true,"href":"https:\/\/euapp01.newsmemory.com\/lamarseillaise\/news\/wp-json\/wp\/v2\/news-destination?post=35800"},{"taxonomy":"news-source","embeddable":true,"href":"https:\/\/euapp01.newsmemory.com\/lamarseillaise\/news\/wp-json\/wp\/v2\/news-source?post=35800"},{"taxonomy":"is_homepage","embeddable":true,"href":"https:\/\/euapp01.newsmemory.com\/lamarseillaise\/news\/wp-json\/wp\/v2\/is_homepage?post=35800"},{"taxonomy":"ta_other","embeddable":true,"href":"https:\/\/euapp01.newsmemory.com\/lamarseillaise\/news\/wp-json\/wp\/v2\/ta_other?post=35800"}],"curies":[{"name":"wp","href":"https:\/\/api.w.org\/{rel}","templated":true}]}}