{"id":35794,"date":"2026-07-09T08:07:00","date_gmt":"2026-07-09T06:07:00","guid":{"rendered":"https:\/\/euapp01.newsmemory.com\/lamarseillaise\/news\/?p=35794"},"modified":"2026-07-09T10:17:24","modified_gmt":"2026-07-09T08:17:24","slug":"detonations-jazz-des-cinq-continents-a-marseille","status":"publish","type":"post","link":"https:\/\/euapp01.newsmemory.com\/lamarseillaise\/news\/2026\/07\/09\/detonations-jazz-des-cinq-continents-a-marseille\/","title":{"rendered":"D\u00e9tonations jazz des cinq continents \u00e0 Marseille"},"content":{"rendered":"<div class=\"paragraph\">\n<p>Depuis la soir\u00e9e d\u2019hier, th\u00e9\u00e2tre d\u2019un concert des chanteurs Janelle James et China Moses ayant c\u00e9l\u00e9br\u00e9 les 50\u00a0ans de la sortie d\u2019<i>I want you, <\/i>album chaud bouillant de Marvin Gaye, la 26<sup>e<\/sup>\u00a0\u00e9dition du Marseille jazz des cinq continents est entr\u00e9e dans sa derni\u00e8re ligne droite. Elle a investi pour la premi\u00e8re fois le parc Henri-Fabre et ce jusqu\u2019au dimanche 12 juillet. Prochaine d\u00e9tonation jazz en ligne de mire dans cet \u00e9crin de verdure situ\u00e9 \u00e0 Saint-Giniez, jeudi 9\u00a0juillet, avec le quintet Ezra Collective (voir interview ci-dessus), mais aussi Awa Ly, chanteuse qui d\u00e9cha\u00eene les \u00e9l\u00e9ments folk et soul sur des rythmes d\u2019Afrique de l\u2019Ouest, ainsi que la formation britannique Maman Hands.<\/p>\n<\/p><\/div>\n<div class=\"intext\"> Cuba, Bahia, Kyoto&#8230;\n              <\/div>\n<div class=\"paragraph\">\n<p>Symbole de l\u2019ADN du Marseille jazz des cinq continents, la pianiste suisse Manon Mullener lancera, elle, la soir\u00e9e du vendredi, des <i>Stories<\/i> plein les touches, du nom de son dernier album dressant des portraits musicaux \u00e0 travers les t\u00e9moignages qu\u2019elle a glan\u00e9s de New York \u00e0 La Havane. La bassiste et chanteuse neo soul Adi Oasis et le Sun Ra Arkestra, orchestre cosmique et l\u00e9gendaire fond\u00e9 dans les ann\u00e9es 1950 par le compositeur afrofuturiste Sun Ra (1914-1993), compl\u00e9teront l\u2019affiche. Le lendemain, place \u00e0 la pianiste et chef Le\u00efla Olivesi, munie de son <i>African Rhapsody<\/i>, opus reconnu par l\u2019Acad\u00e9mie du jazz comme \u00ab\u00a0Disque de l\u2019ann\u00e9e\u00a0\u00bb. Plus tard dans la soir\u00e9e, direction l\u2019Am\u00e9rique latine avec deux autres concerts\u00a0: Xenia Fran\u00e7a \u00ab\u00a0<i>chanteuse RnB venue de Salvador de Bahia qui met du jazz \u00e0 diff\u00e9rents endroits de la musique br\u00e9silienne<\/i>\u00a0\u00bb, situe Hughes Kieffer, puis Maite Hontel\u00e9. Baroudeuse du continent, cette trompettiste n\u00e9erlandaise d\u00e9fend son dernier projet <i>La Novia<\/i>, elle qui \u00ab <i>a appris son instrument \u00e0 Cuba et jou\u00e9 avec les grandes stars de l\u2019\u00eele, avant de partir en Colombie o\u00f9 elle a m\u00eame \u00e9t\u00e9 nomm\u00e9e artiste de l\u2019ann\u00e9e<\/i>\u00a0\u00bb, rappelle le directeur d\u2019un festival qui se terminera en boulet de canon le 12\u00a0juillet. Au menu, le pianiste marseillais Cyril Benhamou, le monstre de la basse Marcus Miller (interview dans <i>La Marseillaise<\/i> de samedi) et les fusions funk du Kyoto Jazz Massive.<\/p>\n<\/p><\/div>\n","protected":false},"excerpt":{"rendered":"Depuis la soir&eacute;e d&rsquo;hier, th&eacute;&acirc;tre d&rsquo;un concert des chanteurs Janelle James et China Moses ayant c&eacute;l&eacute;br&eacute; les 50&nbsp;ans de la sortie d&rsquo;I want you, album chaud bouillant de Marvin Gaye, la &#8230;","protected":false},"author":1,"featured_media":35795,"comment_status":"open","ping_status":"open","sticky":false,"template":"","format":"standard","meta":{"footnotes":""},"categories":[32],"tags":[10,400,329,5763,16,6056,325],"news-destination":[],"news-source":[475],"is_homepage":[],"ta_other":[],"class_list":["post-35794","post","type-post","status-publish","format-standard","has-post-thumbnail","hentry","category-culture","tag-bouches-du-rhone","tag-concerts","tag-festival","tag-jazz-des-cinq-continents","tag-marseille","tag-marseille-jazz-5-continents","tag-musique","news-source-website"],"_links":{"self":[{"href":"https:\/\/euapp01.newsmemory.com\/lamarseillaise\/news\/wp-json\/wp\/v2\/posts\/35794","targetHints":{"allow":["GET"]}}],"collection":[{"href":"https:\/\/euapp01.newsmemory.com\/lamarseillaise\/news\/wp-json\/wp\/v2\/posts"}],"about":[{"href":"https:\/\/euapp01.newsmemory.com\/lamarseillaise\/news\/wp-json\/wp\/v2\/types\/post"}],"author":[{"embeddable":true,"href":"https:\/\/euapp01.newsmemory.com\/lamarseillaise\/news\/wp-json\/wp\/v2\/users\/1"}],"replies":[{"embeddable":true,"href":"https:\/\/euapp01.newsmemory.com\/lamarseillaise\/news\/wp-json\/wp\/v2\/comments?post=35794"}],"version-history":[{"count":1,"href":"https:\/\/euapp01.newsmemory.com\/lamarseillaise\/news\/wp-json\/wp\/v2\/posts\/35794\/revisions"}],"predecessor-version":[{"id":35796,"href":"https:\/\/euapp01.newsmemory.com\/lamarseillaise\/news\/wp-json\/wp\/v2\/posts\/35794\/revisions\/35796"}],"wp:featuredmedia":[{"embeddable":true,"href":"https:\/\/euapp01.newsmemory.com\/lamarseillaise\/news\/wp-json\/wp\/v2\/media\/35795"}],"wp:attachment":[{"href":"https:\/\/euapp01.newsmemory.com\/lamarseillaise\/news\/wp-json\/wp\/v2\/media?parent=35794"}],"wp:term":[{"taxonomy":"category","embeddable":true,"href":"https:\/\/euapp01.newsmemory.com\/lamarseillaise\/news\/wp-json\/wp\/v2\/categories?post=35794"},{"taxonomy":"post_tag","embeddable":true,"href":"https:\/\/euapp01.newsmemory.com\/lamarseillaise\/news\/wp-json\/wp\/v2\/tags?post=35794"},{"taxonomy":"news-destination","embeddable":true,"href":"https:\/\/euapp01.newsmemory.com\/lamarseillaise\/news\/wp-json\/wp\/v2\/news-destination?post=35794"},{"taxonomy":"news-source","embeddable":true,"href":"https:\/\/euapp01.newsmemory.com\/lamarseillaise\/news\/wp-json\/wp\/v2\/news-source?post=35794"},{"taxonomy":"is_homepage","embeddable":true,"href":"https:\/\/euapp01.newsmemory.com\/lamarseillaise\/news\/wp-json\/wp\/v2\/is_homepage?post=35794"},{"taxonomy":"ta_other","embeddable":true,"href":"https:\/\/euapp01.newsmemory.com\/lamarseillaise\/news\/wp-json\/wp\/v2\/ta_other?post=35794"}],"curies":[{"name":"wp","href":"https:\/\/api.w.org\/{rel}","templated":true}]}}