{"id":35791,"date":"2026-07-09T08:10:00","date_gmt":"2026-07-09T06:10:00","guid":{"rendered":"https:\/\/euapp01.newsmemory.com\/lamarseillaise\/news\/?p=35791"},"modified":"2026-07-09T10:17:24","modified_gmt":"2026-07-09T08:17:24","slug":"entretien-ezra-collective-le-jazz-a-toujours-ete-un-genre-fonde-sur-la-collaboration","status":"publish","type":"post","link":"https:\/\/euapp01.newsmemory.com\/lamarseillaise\/news\/2026\/07\/09\/entretien-ezra-collective-le-jazz-a-toujours-ete-un-genre-fonde-sur-la-collaboration\/","title":{"rendered":"[Entretien] Ezra Collective : \u00ab&nbsp;Le jazz a toujours \u00e9t\u00e9 un genre fond\u00e9 sur la collaboration&nbsp;\u00bb"},"content":{"rendered":"<div class=\"paragraph\">\n<p>Ezra Collective est aujourd\u2019hui l\u2019un des ensembles les plus populaires et influents de sa g\u00e9n\u00e9ration. Figure de proue du renouveau du jazz britannique, le quintet londonien poursuit une ascension fulgurante depuis sa victoire au Mercury Prize en 2023, couronn\u00e9e par son sacre comme \u00ab\u00a0Groupe de l\u2019ann\u00e9e\u00a0\u00bb aux Brit Awards, port\u00e9 par le succ\u00e8s de son dernier album, <i>Dance, No One\u2019s Watching.<\/i><\/p>\n<p><i><\/i><\/p>\n<p>La Marseillaise : <b>Comment d\u00e9finiriez-vous votre approche du jazz ?<\/b><\/p>\n<p>TJ Koleoso : Quand je suis arriv\u00e9 au club de jeunes [Tomorrow\u2019s Warriors], o\u00f9 nous avons appris le jazz, j\u2019avais toujours eu l\u2019impression que cette musique n\u2019\u00e9tait pas faite pour des gens comme moi. C\u2019est une question de d\u00e9couverte. Il suffit qu\u2019on vous fasse \u00e9couter cette musique, qu\u2019on vous la pr\u00e9sente. C\u2019est cette introduction qui vous permet ensuite d\u2019en tomber amoureux. Le jazz a toujours \u00e9t\u00e9 un genre fond\u00e9 sur la collaboration et l\u2019improvisation, \u00e0 travers toutes sortes d\u2019autres musiques. Il y a toujours ce dialogue qui doit exister entre les instruments. Et c\u2019est cette philosophie que nous avons int\u00e9gr\u00e9e \u00e0 notre musique.<\/p>\n<p><b>Cette ann\u00e9e marque les dix ans de Chapter 7. Comment avez-vous \u00e9volu\u00e9 depuis, dans quelle direction vous tournez-vous \u00e0 pr\u00e9sent ?<\/b><\/p>\n<p>TJ.K. : En une phrase, nous sommes le m\u00eame groupe avec un sens des responsabilit\u00e9s beaucoup plus important. Aujourd\u2019hui, quand nous jouons ou que nous prenons des d\u00e9cisions, nous ne pensons plus seulement \u00e0 nous. Nous r\u00e9fl\u00e9chissons \u00e0 ce que cela repr\u00e9sente pour un public plus large, mais aussi pour toutes les personnes autour de nous qui souhaitent \u00e9voluer dans le monde de la musique. M\u00eame au-del\u00e0. Nous partons en tourn\u00e9e avec toute une \u00e9quipe. Il y a une responsabilit\u00e9 de continuer \u00e0 bien jouer et \u00e0 faire de bons concerts parce qu\u2019il y a des gens qui en d\u00e9pendent financi\u00e8rement.<\/p>\n<p><b>Avec trois albums et trois EP \u00e0 votre actif, est-ce que vous savez d\u00e9j\u00e0 \u00e0 quoi ressemblera la setlist au MJ5C<\/b><b>\u00a0<\/b><b>?<\/b><\/p>\n<p>TJ.K. : Non, mais il y aura un m\u00e9lange de chansons qu\u2019on a d\u00e9j\u00e0 jou\u00e9es de nombreuses fois et d\u2019autres qu\u2019on n\u2019a encore jamais interpr\u00e9t\u00e9es sur sc\u00e8ne. On a notamment h\u00e2te de se plonger dans une bonne partie du nouveau r\u00e9pertoire cet \u00e9t\u00e9.<\/p>\n<p><b>Votre nouvel album sort en septembre, quelle en \u00e9tait l\u2019inspiration ?<\/b><\/p>\n<p>TJ.K. : Le nouvel album s\u2019intitule <i>Here Because of Hope<\/i>, et il s\u2019articule autour du chemin qui m\u00e8ne de la douleur \u00e0 la joie. Historiquement, on a toujours beaucoup parl\u00e9 de la joie en tant que groupe, avec cette id\u00e9e que la joie est davantage une mani\u00e8re de voir les choses qu\u2019une simple \u00e9motion. Je pense que l\u2019espoir est ce qui vient combler l\u2019espace entre la douleur et la joie. Voil\u00e0 le socle philosophique de cet album. Musicalement, ce qui en ressort est un album beaucoup plus vuln\u00e9rable, plus r\u00e9fl\u00e9chi et peut-\u00eatre plus \u00e9motionnel qui traverse diff\u00e9rents genres musicaux comme Ezra \u00e0 l\u2019habitude de le faire.<\/p>\n<p><b>Le premier single est sorti. Une collaboration avec Pa Salieu. <\/b><\/p>\n<p>Ife Ogunjobi : Ce qui est int\u00e9ressant chez lui, c\u2019est sa polyvalence. Ce n\u2019est pas un rappeur clich\u00e9. Il est capable d\u2019\u00e9voluer dans plein de registres diff\u00e9rents et il puise dans \u00e9norm\u00e9ment d\u2019influences. Pour un groupe comme le n\u00f4tre, qui ne vient pas du rap au sens traditionnel mais qui cherche \u00e0 le m\u00ealer \u00e0 l\u2019afrobeats, au jazz et \u00e0 d\u2019autres styles, c\u2019\u00e9tait la collaboration id\u00e9ale.<\/p>\n<\/p><\/div>\n<div class=\"paragraph\">\n<p><i>Interview traduite de l\u2019anglais. Concert le 9 juillet, au Parc Aur\u00e9lien Fabre. De 15 \u00e0 40<\/i><i>\u00a0<\/i><i>euros.<\/i><\/p>\n<\/p><\/div>\n","protected":false},"excerpt":{"rendered":"Ezra Collective est aujourd&rsquo;hui l&rsquo;un des ensembles les plus populaires et influents de sa g&eacute;n&eacute;ration. Figure de proue du renouveau du jazz britannique, le quintet londonien poursuit une ascension fulgurante depuis sa &#8230;","protected":false},"author":1,"featured_media":35792,"comment_status":"open","ping_status":"open","sticky":false,"template":"","format":"standard","meta":{"footnotes":""},"categories":[32],"tags":[10,1272,343,329,1140,40,16,6056,325,1258,3292],"news-destination":[],"news-source":[475],"is_homepage":[],"ta_other":[],"class_list":["post-35791","post","type-post","status-publish","format-standard","has-post-thumbnail","hentry","category-culture","tag-bouches-du-rhone","tag-electro","tag-entretien","tag-festival","tag-groupe","tag-jazz","tag-marseille","tag-marseille-jazz-5-continents","tag-musique","tag-rock","tag-soul","news-source-website"],"_links":{"self":[{"href":"https:\/\/euapp01.newsmemory.com\/lamarseillaise\/news\/wp-json\/wp\/v2\/posts\/35791","targetHints":{"allow":["GET"]}}],"collection":[{"href":"https:\/\/euapp01.newsmemory.com\/lamarseillaise\/news\/wp-json\/wp\/v2\/posts"}],"about":[{"href":"https:\/\/euapp01.newsmemory.com\/lamarseillaise\/news\/wp-json\/wp\/v2\/types\/post"}],"author":[{"embeddable":true,"href":"https:\/\/euapp01.newsmemory.com\/lamarseillaise\/news\/wp-json\/wp\/v2\/users\/1"}],"replies":[{"embeddable":true,"href":"https:\/\/euapp01.newsmemory.com\/lamarseillaise\/news\/wp-json\/wp\/v2\/comments?post=35791"}],"version-history":[{"count":1,"href":"https:\/\/euapp01.newsmemory.com\/lamarseillaise\/news\/wp-json\/wp\/v2\/posts\/35791\/revisions"}],"predecessor-version":[{"id":35793,"href":"https:\/\/euapp01.newsmemory.com\/lamarseillaise\/news\/wp-json\/wp\/v2\/posts\/35791\/revisions\/35793"}],"wp:featuredmedia":[{"embeddable":true,"href":"https:\/\/euapp01.newsmemory.com\/lamarseillaise\/news\/wp-json\/wp\/v2\/media\/35792"}],"wp:attachment":[{"href":"https:\/\/euapp01.newsmemory.com\/lamarseillaise\/news\/wp-json\/wp\/v2\/media?parent=35791"}],"wp:term":[{"taxonomy":"category","embeddable":true,"href":"https:\/\/euapp01.newsmemory.com\/lamarseillaise\/news\/wp-json\/wp\/v2\/categories?post=35791"},{"taxonomy":"post_tag","embeddable":true,"href":"https:\/\/euapp01.newsmemory.com\/lamarseillaise\/news\/wp-json\/wp\/v2\/tags?post=35791"},{"taxonomy":"news-destination","embeddable":true,"href":"https:\/\/euapp01.newsmemory.com\/lamarseillaise\/news\/wp-json\/wp\/v2\/news-destination?post=35791"},{"taxonomy":"news-source","embeddable":true,"href":"https:\/\/euapp01.newsmemory.com\/lamarseillaise\/news\/wp-json\/wp\/v2\/news-source?post=35791"},{"taxonomy":"is_homepage","embeddable":true,"href":"https:\/\/euapp01.newsmemory.com\/lamarseillaise\/news\/wp-json\/wp\/v2\/is_homepage?post=35791"},{"taxonomy":"ta_other","embeddable":true,"href":"https:\/\/euapp01.newsmemory.com\/lamarseillaise\/news\/wp-json\/wp\/v2\/ta_other?post=35791"}],"curies":[{"name":"wp","href":"https:\/\/api.w.org\/{rel}","templated":true}]}}