{"id":35788,"date":"2026-07-09T08:12:00","date_gmt":"2026-07-09T06:12:00","guid":{"rendered":"https:\/\/euapp01.newsmemory.com\/lamarseillaise\/news\/?p=35788"},"modified":"2026-07-09T10:17:24","modified_gmt":"2026-07-09T08:17:24","slug":"les-musiques-du-monde-soffrent-a-aix-en-provence","status":"publish","type":"post","link":"https:\/\/euapp01.newsmemory.com\/lamarseillaise\/news\/2026\/07\/09\/les-musiques-du-monde-soffrent-a-aix-en-provence\/","title":{"rendered":"Les musiques du monde s\u2019offrent \u00e0 Aix-en-Provence"},"content":{"rendered":"<div class=\"paragraph\">\n<p>\u00ab <i>N<\/i><i>otre moteur, c\u2019est d\u2019offrir la culture \u00e0 tout le monde et m\u00e9langer les publics avec des concerts de qualit\u00e9. Des concerts gratuits, il n\u2019y en a plus beaucoup. Quand vous voyez les prix des places de certains festivals, autour de 50-60 euros, une famille ne peut pas se les payer<\/i><i>\u00a0<\/i>\u00bb, souligne Jean-Michel Lasserre, fondateur du Zik Zac Festival. Dans ce monde on\u00e9reux, cet \u00e9v\u00e9nement port\u00e9 par l\u2019association La Fonderie constitue une joyeuse anomalie dont la 29<sup>e<\/sup>\u00a0\u00e9dition, gratuite, d\u00e9marre jeudi 9\u00a0juillet au Parc Gilbert Vilers, dans le Th\u00e9\u00e2tre de verdure du Jas de Bouffan.<\/p>\n<\/p><\/div>\n<div class=\"intext\"> Sons en fusions\n              <\/div>\n<div class=\"paragraph\">\n<p>Parmi les t\u00eates d\u2019affiche de cette soir\u00e9e inaugurale, le chanteur et guitariste de reggae Vanupi\u00e9, le \u00ab\u00a0punk afropop\u00a0\u00bb du groupe congolais, Kin\u2019Gongolo Kiniata, ou les m\u00e9lodies RnB de la Franco-Malgache Issa Na\u00efmo. \u00ab<i>\u00a0<\/i><i>Groupe fusionnant rap multilingue, trip-hop et cumbia dans son album Moza\u00efk<\/i><i>\u00a0<\/i>\u00bb, indique l\u2019organisation du Zik Zac, la Cafetera Roja sera de la partie le lendemain. Au menu aussi, le \u00ab<i>\u00a0<\/i><i>funk \u00e9nerv\u00e9<\/i><i>\u00a0<\/i>\u00bb de Vaudou Game, qualifie Jean-Michel Lasserre, mais aussi le trio marseillais Sidiaz, qui \u00ab\u00a0<i>r\u00e9invente l\u2019h\u00e9ritage sahraoui au carrefour du blues touareg, des grooves sah\u00e9liens et d\u2019un rock psych\u00e9d\u00e9lique exalt\u00e9<\/i>\u00a0\u00bb. Clap de fin de cette 29<sup>e<\/sup> \u00e9dition, samedi, avec Temenik Electric, quintet marseillais, fine fleur de la fusion entre le rock et les musiques du Maghreb, ou encore la rappeuse et chanteuse br\u00e9silienne Mariana Da Cruz.<\/p>\n<\/p><\/div>\n","protected":false},"excerpt":{"rendered":"&laquo; Notre moteur, c&rsquo;est d&rsquo;offrir la culture &agrave; tout le monde et m&eacute;langer les publics avec des concerts de qualit&eacute;. Des concerts gratuits, il n&rsquo;y en a plus beaucoup. Quand vous voyez les prix des places de &#8230;","protected":false},"author":1,"featured_media":35789,"comment_status":"open","ping_status":"open","sticky":false,"template":"","format":"standard","meta":{"footnotes":""},"categories":[32],"tags":[556,10,34,329,1083,325],"news-destination":[],"news-source":[475],"is_homepage":[],"ta_other":[],"class_list":["post-35788","post","type-post","status-publish","format-standard","has-post-thumbnail","hentry","category-culture","tag-aix-en-provence","tag-bouches-du-rhone","tag-concert","tag-festival","tag-gratuit","tag-musique","news-source-website"],"_links":{"self":[{"href":"https:\/\/euapp01.newsmemory.com\/lamarseillaise\/news\/wp-json\/wp\/v2\/posts\/35788","targetHints":{"allow":["GET"]}}],"collection":[{"href":"https:\/\/euapp01.newsmemory.com\/lamarseillaise\/news\/wp-json\/wp\/v2\/posts"}],"about":[{"href":"https:\/\/euapp01.newsmemory.com\/lamarseillaise\/news\/wp-json\/wp\/v2\/types\/post"}],"author":[{"embeddable":true,"href":"https:\/\/euapp01.newsmemory.com\/lamarseillaise\/news\/wp-json\/wp\/v2\/users\/1"}],"replies":[{"embeddable":true,"href":"https:\/\/euapp01.newsmemory.com\/lamarseillaise\/news\/wp-json\/wp\/v2\/comments?post=35788"}],"version-history":[{"count":1,"href":"https:\/\/euapp01.newsmemory.com\/lamarseillaise\/news\/wp-json\/wp\/v2\/posts\/35788\/revisions"}],"predecessor-version":[{"id":35790,"href":"https:\/\/euapp01.newsmemory.com\/lamarseillaise\/news\/wp-json\/wp\/v2\/posts\/35788\/revisions\/35790"}],"wp:featuredmedia":[{"embeddable":true,"href":"https:\/\/euapp01.newsmemory.com\/lamarseillaise\/news\/wp-json\/wp\/v2\/media\/35789"}],"wp:attachment":[{"href":"https:\/\/euapp01.newsmemory.com\/lamarseillaise\/news\/wp-json\/wp\/v2\/media?parent=35788"}],"wp:term":[{"taxonomy":"category","embeddable":true,"href":"https:\/\/euapp01.newsmemory.com\/lamarseillaise\/news\/wp-json\/wp\/v2\/categories?post=35788"},{"taxonomy":"post_tag","embeddable":true,"href":"https:\/\/euapp01.newsmemory.com\/lamarseillaise\/news\/wp-json\/wp\/v2\/tags?post=35788"},{"taxonomy":"news-destination","embeddable":true,"href":"https:\/\/euapp01.newsmemory.com\/lamarseillaise\/news\/wp-json\/wp\/v2\/news-destination?post=35788"},{"taxonomy":"news-source","embeddable":true,"href":"https:\/\/euapp01.newsmemory.com\/lamarseillaise\/news\/wp-json\/wp\/v2\/news-source?post=35788"},{"taxonomy":"is_homepage","embeddable":true,"href":"https:\/\/euapp01.newsmemory.com\/lamarseillaise\/news\/wp-json\/wp\/v2\/is_homepage?post=35788"},{"taxonomy":"ta_other","embeddable":true,"href":"https:\/\/euapp01.newsmemory.com\/lamarseillaise\/news\/wp-json\/wp\/v2\/ta_other?post=35788"}],"curies":[{"name":"wp","href":"https:\/\/api.w.org\/{rel}","templated":true}]}}