{"id":35779,"date":"2026-07-09T06:20:00","date_gmt":"2026-07-09T04:20:00","guid":{"rendered":"https:\/\/euapp01.newsmemory.com\/lamarseillaise\/news\/?p=35779"},"modified":"2026-07-09T22:10:46","modified_gmt":"2026-07-09T20:10:46","slug":"gros-plan-vincent-baque-la-voix-du-mondial","status":"publish","type":"post","link":"https:\/\/euapp01.newsmemory.com\/lamarseillaise\/news\/2026\/07\/09\/gros-plan-vincent-baque-la-voix-du-mondial\/","title":{"rendered":"Vincent Baqu\u00e9, nouvelle voix du Mondial"},"content":{"rendered":"<div class=\"paragraph\">\n<p>Pr\u00e9sent dans le parc Bor\u00e9ly d\u00e8s vendredi matin, au lancement du Mondial 2026, Vincent Baqu\u00e9 \u00e9tait cette semaine sur tous les fronts\u00a0: \u00e0 l\u2019animation du stade et du carr\u00e9 d\u2019honneur, au d\u00e9marrage du Mondial des Jeunes et de celui des femmes, au commentaire du Handi Mondial mais aussi de plusieurs comp\u00e9titions annexes, comme le challenge Proman ou le Mondial des CSE. \u00ab\u00a0<i>Maryan <\/i>[Barth\u00e9l\u00e9my, directeur des \u00e9v\u00e9nements du groupe La Marseillaise, Ndlr]<i> a voulu qu\u2019on soit un peu partout, pour que tous ceux qui jouent se sentent consid\u00e9r\u00e9s de la m\u00eame fa\u00e7on, ou presque, que ceux qui vont dans le stade<\/i>\u00a0\u00bb, d\u00e9taille-t-il.<\/p>\n<\/p><\/div>\n<div class=\"intext\"> Consciencieux<br \/>\n               <br \/>donc d\u00e9tendu\n              <\/div>\n<div class=\"paragraph\">\n<p>Dans le milieu du commentaire sportif depuis 9 ans, dont il vit depuis 2023, Vincent Baqu\u00e9 se r\u00e9jouit de pouvoir, pour la premi\u00e8re fois cette ann\u00e9e, travailler pour un \u00e9v\u00e9nement qu\u2019il \u00ab\u00a0<i>conna\u00eet depuis toujours<\/i><i>\u00a0<\/i>\u00bb. \u00ab\u00a0<i>Je crois que j\u2019ai toujours esp\u00e9r\u00e9 participer au Mondial<\/i> [en tant que speaker], s\u2019\u00e9meut-il. <i>Je viens d\u2019Ard\u00e8che, je ne suis pas Marseillais, mais j\u2019ai un lien tr\u00e8s fort avec la ville. J\u2019y ai fait mes \u00e9tudes et je suis abonn\u00e9 au stade V\u00e9lodrome depuis 23<\/i><i>\u00a0<\/i><i>ans, donc j\u2019y ai pass\u00e9 beaucoup de temps.<\/i>\u00a0\u00bb<\/p>\n<p>Quelques heures avant le d\u00e9but de la finale, dont le coup d\u2019envoi est pr\u00e9vu \u00e0 17h, le speaker ne se sent pas particuli\u00e8rement stress\u00e9. \u00ab\u00a0<i>Je fais un gros travail de pr\u00e9paration en amont<\/i>, raconte l\u2019Ard\u00e9chois. <i>Chaque semaine, je me renseigne, je mets \u00e0 jour le palmar\u00e8s, je contacte les coachs&#8230; Donc normalement, le jour-j, je suis pr\u00eat<\/i><i>\u00a0<\/i><i>!<\/i><i>\u00a0<\/i>\u00bb, promet-il.<\/p>\n<\/p><\/div>\n","protected":false},"excerpt":{"rendered":"Pr&eacute;sent dans le parc Bor&eacute;ly d&egrave;s vendredi matin, au lancement du Mondial 2026, Vincent Baqu&eacute; &eacute;tait cette semaine sur tous les fronts&nbsp;: &agrave; l&rsquo;animation du stade et du carr&eacute; d&rsquo;honneur, au &#8230;","protected":false},"author":1,"featured_media":35780,"comment_status":"open","ping_status":"open","sticky":false,"template":"","format":"standard","meta":{"footnotes":""},"categories":[7],"tags":[10,126,4581,5560,16,4647,6033,4580,896,5061,335],"news-destination":[],"news-source":[475],"is_homepage":[],"ta_other":[],"class_list":["post-35779","post","type-post","status-publish","format-standard","has-post-thumbnail","hentry","category-sports","tag-bouches-du-rhone","tag-la-marseillaise","tag-la-marseillaise-2026","tag-le-mondial-la-marseillaise-2026","tag-marseille","tag-mlm2026","tag-mondial-2026","tag-mondial-la-marseillaise-2026","tag-mondial-la-marseillaise-a-petanque","tag-palmares","tag-portrait","news-source-website"],"_links":{"self":[{"href":"https:\/\/euapp01.newsmemory.com\/lamarseillaise\/news\/wp-json\/wp\/v2\/posts\/35779","targetHints":{"allow":["GET"]}}],"collection":[{"href":"https:\/\/euapp01.newsmemory.com\/lamarseillaise\/news\/wp-json\/wp\/v2\/posts"}],"about":[{"href":"https:\/\/euapp01.newsmemory.com\/lamarseillaise\/news\/wp-json\/wp\/v2\/types\/post"}],"author":[{"embeddable":true,"href":"https:\/\/euapp01.newsmemory.com\/lamarseillaise\/news\/wp-json\/wp\/v2\/users\/1"}],"replies":[{"embeddable":true,"href":"https:\/\/euapp01.newsmemory.com\/lamarseillaise\/news\/wp-json\/wp\/v2\/comments?post=35779"}],"version-history":[{"count":2,"href":"https:\/\/euapp01.newsmemory.com\/lamarseillaise\/news\/wp-json\/wp\/v2\/posts\/35779\/revisions"}],"predecessor-version":[{"id":35865,"href":"https:\/\/euapp01.newsmemory.com\/lamarseillaise\/news\/wp-json\/wp\/v2\/posts\/35779\/revisions\/35865"}],"wp:featuredmedia":[{"embeddable":true,"href":"https:\/\/euapp01.newsmemory.com\/lamarseillaise\/news\/wp-json\/wp\/v2\/media\/35780"}],"wp:attachment":[{"href":"https:\/\/euapp01.newsmemory.com\/lamarseillaise\/news\/wp-json\/wp\/v2\/media?parent=35779"}],"wp:term":[{"taxonomy":"category","embeddable":true,"href":"https:\/\/euapp01.newsmemory.com\/lamarseillaise\/news\/wp-json\/wp\/v2\/categories?post=35779"},{"taxonomy":"post_tag","embeddable":true,"href":"https:\/\/euapp01.newsmemory.com\/lamarseillaise\/news\/wp-json\/wp\/v2\/tags?post=35779"},{"taxonomy":"news-destination","embeddable":true,"href":"https:\/\/euapp01.newsmemory.com\/lamarseillaise\/news\/wp-json\/wp\/v2\/news-destination?post=35779"},{"taxonomy":"news-source","embeddable":true,"href":"https:\/\/euapp01.newsmemory.com\/lamarseillaise\/news\/wp-json\/wp\/v2\/news-source?post=35779"},{"taxonomy":"is_homepage","embeddable":true,"href":"https:\/\/euapp01.newsmemory.com\/lamarseillaise\/news\/wp-json\/wp\/v2\/is_homepage?post=35779"},{"taxonomy":"ta_other","embeddable":true,"href":"https:\/\/euapp01.newsmemory.com\/lamarseillaise\/news\/wp-json\/wp\/v2\/ta_other?post=35779"}],"curies":[{"name":"wp","href":"https:\/\/api.w.org\/{rel}","templated":true}]}}