{"id":35776,"date":"2026-07-09T06:59:00","date_gmt":"2026-07-09T04:59:00","guid":{"rendered":"https:\/\/euapp01.newsmemory.com\/lamarseillaise\/news\/?p=35776"},"modified":"2026-07-13T09:50:57","modified_gmt":"2026-07-13T07:50:57","slug":"les-acteurs-du-mondial-recompenses","status":"publish","type":"post","link":"https:\/\/euapp01.newsmemory.com\/lamarseillaise\/news\/2026\/07\/09\/les-acteurs-du-mondial-recompenses\/","title":{"rendered":"Les acteurs du Mondial r\u00e9compens\u00e9s"},"content":{"rendered":"<div class=\"paragraph\">\n<p>Le dernier d\u00e9jeuner de l\u2019espace VIP du Mondial a \u00e9t\u00e9 l\u2019occasion de remercier quelques figures phares de l\u2019\u00e9v\u00e9nements, d\u00e9cor\u00e9es pour leur engagement. Et c\u2019est \u00e0 G\u00e9rard Schneider, pr\u00e9sident de la F\u00e9d\u00e9ration Internationale de P\u00e9tanque et de Jeu Proven\u00e7al, qu\u2019est revenue la premi\u00e8re plaquette d\u2019honneur. Absent ce mercredi, c\u2019est \u00e0 Michel Le Bot, pr\u00e9sident de la F\u00e9d\u00e9ration fran\u00e7aise, qu\u2019a \u00e9t\u00e9 confi\u00e9e la r\u00e9compense.<\/p>\n<p>Cl\u00e9lia et Lola Delannoy, petites-filles de Guy Delannoy, b\u00e9n\u00e9vole historique du bureau des jeux, sont ensuite mont\u00e9es sur sc\u00e8ne, pour recevoir la m\u00e9daille du m\u00e9rite pour leur investissement en tant que b\u00e9n\u00e9voles. \u00ab <i>Elles ont commenc\u00e9 en venant respirer l\u2019air vivifiant du Mondial la Marseillaise \u00e0 P\u00e9tanque, toutes jeunes, puis, peu \u00e0 peu, elles ont commenc\u00e9 \u00e0 pr\u00e9parer les sacs pour la dotation des joueurs, qu\u2019elles continuent \u00e0 faire aujourd\u2019hui <\/i>\u00bb, s\u2019est \u00e9mu leur grand-p\u00e8re.<\/p>\n<\/p><\/div>\n<div class=\"intext\"> La r\u00e9daction \u00e0 l\u2019honneur\n              <\/div>\n<div class=\"paragraph\">\n<p>V\u00e9ronique Meynier et \u00c9milie Parente, secr\u00e9taires de r\u00e9daction \u00e0 <i>La Marseillaise<\/i>, ont, elles aussi, re\u00e7u leur m\u00e9daille du m\u00e9rite. \u00ab\u00a0<i>Je suis vraiment tr\u00e8s contente d\u2019avoir eu cette r\u00e9compense avec V\u00e9ronique, ma co\u00e9quipi\u00e8re au quotidien, <\/i>s\u2019est enthousiasm\u00e9e \u00c9milie<i>. Mais je veux rappeler qu\u2019il s\u2019agit d\u2019un travail collectif : tous les maillons de la cha\u00eene sont importants \u00bb. <\/i>Christophe Casanova, coordinateur du Mondial et journaliste \u00e0 <i>La Marseillaise<\/i>, s\u2019est quant lui vu attribuer une plaquette d\u2019honneur.<\/p>\n<\/p><\/div>\n","protected":false},"excerpt":{"rendered":"Le dernier d&eacute;jeuner de l&rsquo;espace VIP du Mondial a &eacute;t&eacute; l&rsquo;occasion de remercier quelques figures phares de l&rsquo;&eacute;v&eacute;nements, d&eacute;cor&eacute;es pour leur engagement. Et c&rsquo;est &agrave; &#8230;","protected":false},"author":1,"featured_media":35777,"comment_status":"open","ping_status":"open","sticky":false,"template":"","format":"standard","meta":{"footnotes":""},"categories":[3926,3925,7],"tags":[5503,10,1161,738,108,126,5560,16,2582,4647,6033,3332,4580,1013],"news-destination":[3944],"news-source":[475],"is_homepage":[],"ta_other":[],"class_list":["post-35776","post","type-post","status-publish","format-standard","has-post-thumbnail","hentry","category-accueil-merge","category-accueil-third","category-sports","tag-borely","tag-bouches-du-rhone","tag-boules","tag-elections-municipales-2026","tag-investissement","tag-la-marseillaise","tag-le-mondial-la-marseillaise-2026","tag-marseille","tag-medailles","tag-mlm2026","tag-mondial-2026","tag-mondial-a-petanque","tag-mondial-la-marseillaise-2026","tag-petanque","news-destination-homepage","news-source-website"],"_links":{"self":[{"href":"https:\/\/euapp01.newsmemory.com\/lamarseillaise\/news\/wp-json\/wp\/v2\/posts\/35776","targetHints":{"allow":["GET"]}}],"collection":[{"href":"https:\/\/euapp01.newsmemory.com\/lamarseillaise\/news\/wp-json\/wp\/v2\/posts"}],"about":[{"href":"https:\/\/euapp01.newsmemory.com\/lamarseillaise\/news\/wp-json\/wp\/v2\/types\/post"}],"author":[{"embeddable":true,"href":"https:\/\/euapp01.newsmemory.com\/lamarseillaise\/news\/wp-json\/wp\/v2\/users\/1"}],"replies":[{"embeddable":true,"href":"https:\/\/euapp01.newsmemory.com\/lamarseillaise\/news\/wp-json\/wp\/v2\/comments?post=35776"}],"version-history":[{"count":1,"href":"https:\/\/euapp01.newsmemory.com\/lamarseillaise\/news\/wp-json\/wp\/v2\/posts\/35776\/revisions"}],"predecessor-version":[{"id":35778,"href":"https:\/\/euapp01.newsmemory.com\/lamarseillaise\/news\/wp-json\/wp\/v2\/posts\/35776\/revisions\/35778"}],"wp:featuredmedia":[{"embeddable":true,"href":"https:\/\/euapp01.newsmemory.com\/lamarseillaise\/news\/wp-json\/wp\/v2\/media\/35777"}],"wp:attachment":[{"href":"https:\/\/euapp01.newsmemory.com\/lamarseillaise\/news\/wp-json\/wp\/v2\/media?parent=35776"}],"wp:term":[{"taxonomy":"category","embeddable":true,"href":"https:\/\/euapp01.newsmemory.com\/lamarseillaise\/news\/wp-json\/wp\/v2\/categories?post=35776"},{"taxonomy":"post_tag","embeddable":true,"href":"https:\/\/euapp01.newsmemory.com\/lamarseillaise\/news\/wp-json\/wp\/v2\/tags?post=35776"},{"taxonomy":"news-destination","embeddable":true,"href":"https:\/\/euapp01.newsmemory.com\/lamarseillaise\/news\/wp-json\/wp\/v2\/news-destination?post=35776"},{"taxonomy":"news-source","embeddable":true,"href":"https:\/\/euapp01.newsmemory.com\/lamarseillaise\/news\/wp-json\/wp\/v2\/news-source?post=35776"},{"taxonomy":"is_homepage","embeddable":true,"href":"https:\/\/euapp01.newsmemory.com\/lamarseillaise\/news\/wp-json\/wp\/v2\/is_homepage?post=35776"},{"taxonomy":"ta_other","embeddable":true,"href":"https:\/\/euapp01.newsmemory.com\/lamarseillaise\/news\/wp-json\/wp\/v2\/ta_other?post=35776"}],"curies":[{"name":"wp","href":"https:\/\/api.w.org\/{rel}","templated":true}]}}