{"id":35773,"date":"2026-07-09T07:42:00","date_gmt":"2026-07-09T05:42:00","guid":{"rendered":"https:\/\/euapp01.newsmemory.com\/lamarseillaise\/news\/?p=35773"},"modified":"2026-07-15T07:15:19","modified_gmt":"2026-07-15T05:15:19","slug":"un-atlas-participatif-pour-le-geoparc-socle-de-provence","status":"publish","type":"post","link":"https:\/\/euapp01.newsmemory.com\/lamarseillaise\/news\/2026\/07\/09\/un-atlas-participatif-pour-le-geoparc-socle-de-provence\/","title":{"rendered":"Un atlas participatif pour le G\u00e9oparc Socle de Provence"},"content":{"rendered":"<div class=\"paragraph\">\n<p>La candidature au label mondial \u00ab\u00a0<i>G\u00e9opark Unesco<\/i>\u00a0\u00bb, que les d\u00e9partements du Var et des Alpes-Maritimes d\u00e9poseront conjointement d\u00e9but\u00a02027 pour le g\u00e9oparc \u00ab\u00a0<i>Socle de Provence<\/i>\u00a0\u00bb, n\u2019a pas seulement <a rel=\"noopener noreferrer\" href=\"https:\/\/www.lamarseillaise.fr\/environnement\/dans-le-var-le-projet-geopark-avance-DD20234979\" target=\"_blank\">vocation \u00e0 faire reconna\u00eetre son patrimoine g\u00e9ologique remarquable<\/a>. Elle a \u00e9galement trait \u00e0 promouvoir le patrimoine culturel mat\u00e9riel et immat\u00e9riel de cette zone de 1\u00a0600\u00a0km\u00b2 s\u2019\u00e9tendant de Sanary jusqu\u2019\u00e0 Vallauris, \u00e0 travers les massifs des Maures, de l\u2019Est\u00e9rel et du Tanneron.<\/p>\n<p>C\u2019est en ce sens que le d\u00e9partement du Var, en lien \u00e9troit avec le CNRS, initie la r\u00e9daction d\u2019un Atlas du patrimoine culturel, v\u00e9ritable cartographie des richesses locales. Cet ouvrage aura pour objectif de recenser les \u00e9l\u00e9ments du patrimoine mat\u00e9riel et immat\u00e9riel, de la canne de Provence \u00e0 la castan\u00e9iculture, en passant par l\u2019exploitation du li\u00e8ge et les composantes immat\u00e9rielles telles que les rituels, costumes, danses et savoir-faire li\u00e9s aux m\u00e9tiers.<\/p>\n<\/p><\/div>\n<div class=\"intext\"> Un projet participatif<br \/>\n               <br \/>et d\u00e9j\u00e0 lanc\u00e9\n              <\/div>\n<div class=\"paragraph\">\n<p>Derri\u00e8re cette future r\u00e9alisation, les exigences du label Unesco, qui exigent la pr\u00e9sentation de cinq axes patrimoniaux en lien avec le projet\u00a0: les traditions et expressions orales, y compris la langue, comme vecteur du patrimoine culturel immat\u00e9riel\u00a0; les arts du spectacle (musique, danse, th\u00e9\u00e2tre traditionnel&#8230;)\u00a0; les pratiques sociales, rituels et \u00e9v\u00e9nements festifs\u00a0; les connaissances et pratiques concernant la nature de l\u2019univers, et les savoir-faire li\u00e9s \u00e0 l\u2019artisanat traditionnel.<\/p>\n<p>\u00c0 la base de ce recueil, des travaux r\u00e9alis\u00e9s par des chercheurs, organismes et associations. Cependant, dans de nombreux cas, les informations sont absentes, pour l\u2019instant manquantes, ou en train de dispara\u00eetre au profit de pratiques globalis\u00e9es. C\u2019est pourquoi les porteurs du projet de g\u00e9oparc ont d\u00e9cid\u00e9 de donner \u00e0 l\u2019atlas un caract\u00e8re participatif. Ainsi, une enqu\u00eate \u00ab\u00a0<i>grand public<\/i>\u00a0\u00bb est lanc\u00e9e afin de recueillir des savoirs traditionnels locaux li\u00e9s \u00e0 la nature et ses usages, forestiers comme maritimes.<\/p>\n<p>Un projet qui b\u00e9n\u00e9ficie du soutien de deux figures embl\u00e9matiques de la cuisine proven\u00e7ale, les chefs Gui Gedda et Andr\u00e9 Del\u00a0Monte, qui s\u2019engagent pour la transmission des gestes et traditions culinaires. Car la gastronomie sera un point central de l\u2019enqu\u00eate publique, <a rel=\"nofollow noopener noreferrer\" href=\"https:\/\/framaforms.org\/partagez-vos-recettes-geoparc-socle-de-provence-1781768703\" target=\"_blank\">via un questionnaire d\u00e9j\u00e0 en ligne<\/a>, qui invite les habitants \u00e0 partager leurs savoir-faire, de tradition familiale, r\u00e9gionale et locale, des ingr\u00e9dients utilis\u00e9s aux m\u00e9thodes de cuisine. Pour que nos \u00ab\u00a0<i>gaubis<\/i>\u00a0\u00bb ne disparaissent pas.<\/p>\n<\/p><\/div>\n","protected":false},"excerpt":{"rendered":"La candidature au label mondial &laquo;&nbsp;G&eacute;opark Unesco&nbsp;&raquo;, que les d&eacute;partements du Var et des Alpes-Maritimes d&eacute;poseront conjointement d&eacute;but&nbsp;2027 pour le g&eacute;oparc &laquo;&nbsp;Socle de &#8230;","protected":false},"author":1,"featured_media":35774,"comment_status":"open","ping_status":"open","sticky":false,"template":"","format":"standard","meta":{"footnotes":""},"categories":[3926,3925,20],"tags":[2451,1059,545,2482,2604,133,1879,5404,517,2500,156,141,1749,960,3808,31],"news-destination":[3944],"news-source":[475],"is_homepage":[],"ta_other":[],"class_list":["post-35773","post","type-post","status-publish","format-standard","has-post-thumbnail","hentry","category-accueil-merge","category-accueil-third","category-societe","tag-alpes-maritimes","tag-arts","tag-candidature","tag-cnrs","tag-connaissances","tag-departement","tag-gastronomie","tag-geoparc","tag-institutions","tag-massifs","tag-patrimoine-culturel","tag-projet","tag-tradition","tag-transmission","tag-unesco","tag-var","news-destination-homepage","news-source-website"],"_links":{"self":[{"href":"https:\/\/euapp01.newsmemory.com\/lamarseillaise\/news\/wp-json\/wp\/v2\/posts\/35773","targetHints":{"allow":["GET"]}}],"collection":[{"href":"https:\/\/euapp01.newsmemory.com\/lamarseillaise\/news\/wp-json\/wp\/v2\/posts"}],"about":[{"href":"https:\/\/euapp01.newsmemory.com\/lamarseillaise\/news\/wp-json\/wp\/v2\/types\/post"}],"author":[{"embeddable":true,"href":"https:\/\/euapp01.newsmemory.com\/lamarseillaise\/news\/wp-json\/wp\/v2\/users\/1"}],"replies":[{"embeddable":true,"href":"https:\/\/euapp01.newsmemory.com\/lamarseillaise\/news\/wp-json\/wp\/v2\/comments?post=35773"}],"version-history":[{"count":1,"href":"https:\/\/euapp01.newsmemory.com\/lamarseillaise\/news\/wp-json\/wp\/v2\/posts\/35773\/revisions"}],"predecessor-version":[{"id":35775,"href":"https:\/\/euapp01.newsmemory.com\/lamarseillaise\/news\/wp-json\/wp\/v2\/posts\/35773\/revisions\/35775"}],"wp:featuredmedia":[{"embeddable":true,"href":"https:\/\/euapp01.newsmemory.com\/lamarseillaise\/news\/wp-json\/wp\/v2\/media\/35774"}],"wp:attachment":[{"href":"https:\/\/euapp01.newsmemory.com\/lamarseillaise\/news\/wp-json\/wp\/v2\/media?parent=35773"}],"wp:term":[{"taxonomy":"category","embeddable":true,"href":"https:\/\/euapp01.newsmemory.com\/lamarseillaise\/news\/wp-json\/wp\/v2\/categories?post=35773"},{"taxonomy":"post_tag","embeddable":true,"href":"https:\/\/euapp01.newsmemory.com\/lamarseillaise\/news\/wp-json\/wp\/v2\/tags?post=35773"},{"taxonomy":"news-destination","embeddable":true,"href":"https:\/\/euapp01.newsmemory.com\/lamarseillaise\/news\/wp-json\/wp\/v2\/news-destination?post=35773"},{"taxonomy":"news-source","embeddable":true,"href":"https:\/\/euapp01.newsmemory.com\/lamarseillaise\/news\/wp-json\/wp\/v2\/news-source?post=35773"},{"taxonomy":"is_homepage","embeddable":true,"href":"https:\/\/euapp01.newsmemory.com\/lamarseillaise\/news\/wp-json\/wp\/v2\/is_homepage?post=35773"},{"taxonomy":"ta_other","embeddable":true,"href":"https:\/\/euapp01.newsmemory.com\/lamarseillaise\/news\/wp-json\/wp\/v2\/ta_other?post=35773"}],"curies":[{"name":"wp","href":"https:\/\/api.w.org\/{rel}","templated":true}]}}